{"id":2506,"date":"2025-08-12T02:17:39","date_gmt":"2025-08-12T02:17:39","guid":{"rendered":"https:\/\/www.europesays.com\/fi\/2506\/"},"modified":"2025-08-12T02:17:39","modified_gmt":"2025-08-12T02:17:39","slug":"uusi-ymparisto-ja-ilmastoministeri-puolustaa-metsien-hakkuita","status":"publish","type":"post","link":"https:\/\/www.europesays.com\/fi\/2506\/","title":{"rendered":"Uusi ymp\u00e4rist\u00f6- ja ilmastoministeri puolustaa metsien hakkuita"},"content":{"rendered":"<p>\t\t\t\t\t\t\t\t\tKokoomusministerit <\/p>\n<p>Uuden ymp\u00e4rist\u00f6- ja ilmastoministerin <strong>Sari Multalan<\/strong> (kok.) mukaan keinoja ydinvoimainvestointien edist\u00e4miseksi pit\u00e4\u00e4 jatkoselvitt\u00e4\u00e4. H\u00e4n my\u00f6s totesi, ett\u00e4 maailman ilmastoa ei pelasteta Suomen hakkuiden lopettamisella.<\/p>\n<p>Multala kommentoi ajankohtaisia asioita tiedotustilaisuudessa perjantaina sen j\u00e4lkeen, kun h\u00e4net oli nimitetty uuteen ministerinpestiin. H\u00e4nen edelt\u00e4j\u00e4ns\u00e4<strong> Kai Mykk\u00e4nen<\/strong> (kok.) siirtyy Espoon kaupunginjohtajaksi. Multalan aiemmassa teht\u00e4v\u00e4ss\u00e4 tiede- ja kulttuuriministerin\u00e4 puolestaan aloitti <strong>Mari-Leena Talvitie<\/strong> (kok.).<\/p>\n<p>Mykk\u00e4sen tilalle kansanedustajaksi nousi <strong>Henrik Vuornos<\/strong>. H\u00e4n on toiminut aiemmin p\u00e4\u00e4ministeri <strong>Petteri Orpon <\/strong>(kok.) poliittisena erityisavustajana ja kokoomuksen ministeriryhm\u00e4n sihteerin\u00e4.<\/p>\n<p>Ministeri Multalan edelt\u00e4j\u00e4 Kai Mykk\u00e4nen esitti viime viikolla toimia, joilla valtio voisi tukea ydinvoiman rakentamista. H\u00e4n ehdotti s\u00e4hk\u00f6n kuluttajilta ker\u00e4tt\u00e4v\u00e4\u00e4 lis\u00e4maksua ja rakentamisajan takausta tai korkosuojaa.<\/p>\n<p>Multala ei kuitenkaan suoraan luvannut edist\u00e4\u00e4 n\u00e4it\u00e4. H\u00e4nen mukaansa Suomi tarvitsee lis\u00e4\u00e4 ydinvoimaa, ja erilaisia keinoja sen houkuttelemiseksi pit\u00e4\u00e4 tutkia.<\/p>\n<p>\u2013\u2009Onko keino joku n\u00e4ist\u00e4 Mykk\u00e4sen esitt\u00e4mist\u00e4, sit\u00e4 pit\u00e4\u00e4 jatkoselvitt\u00e4\u00e4. Se on aivan selv\u00e4, Multala sanoi.<\/p>\n<p>Multalan mukaan asia tulee keskusteltavaksi kev\u00e4\u00e4ll\u00e4 ilmasto- ja energiastrategian yhteydess\u00e4.<\/p>\n<p>Ministerinvaihdokset toteutettiin perjantaina presidentin esittelyss\u00e4. Multala kiitti tiedotustilaisuudessa Mykk\u00e4st\u00e4 ja sanoi, ett\u00e4 olo on t\u00e4m\u00e4n l\u00e4hd\u00f6n vuoksi haikeakin.<\/p>\n<p>Viime viikolla Luonnonvarakeskus kertoi, ett\u00e4 mets\u00e4t ovat nyt p\u00e4\u00e4st\u00f6l\u00e4hde. Niiden hiilinielu ei siis en\u00e4\u00e4 kata edes metsien maaper\u00e4n ilmastop\u00e4\u00e4st\u00f6j\u00e4.<\/p>\n<p>Multalan mukaan toimia nielujen vahvistamiseksi tarvitaan, mutta ministeri puhui my\u00f6s mets\u00e4teollisuuden puolesta. H\u00e4nest\u00e4 hallituksen tulee huolehtia my\u00f6s siit\u00e4, ett\u00e4 puuta on saatavilla.<\/p>\n<p>\u2013\u2009Se on selv\u00e4\u00e4, maailman ilmastoa ei sill\u00e4 pelasteta, ett\u00e4 Suomessa hakkuut lopetettaisiin esimerkiksi kokonaan.<\/p>\n<p>Multalan mielest\u00e4 kaikki keinot eiv\u00e4t ole suoraan poliittisten p\u00e4\u00e4tt\u00e4jien k\u00e4siss\u00e4.<\/p>\n<p>Tiede- ja kulttuuriministerin\u00e4 aloittanut Talvitie sanoi tiedotustilaisuudessa, ett\u00e4 suomalaisten koulutustason nostamiseksi tarvitaan lis\u00e4\u00e4 toimia. Ministeri esitti huolensa korkeakoulutettujen osuudesta erityisesti nuorten ik\u00e4luokissa. Aiemmin korkeakoulutettujen osuutta on pyritty kasvattamaan esimerkiksi koulutuspaikkoja lis\u00e4\u00e4m\u00e4ll\u00e4.<\/p>\n<p>\u2013\u2009Se ei yksin riit\u00e4, Talvitie kuitenkin sanoi.<\/p>\n<p>Uusia ratkaisuja on m\u00e4\u00e4r\u00e4 valmistella hallituksen huhtikuun puoliv\u00e4liriiheen eli talousneuvotteluihin.<\/p>\n","protected":false},"excerpt":{"rendered":"Kokoomusministerit Uuden ymp\u00e4rist\u00f6- ja ilmastoministerin Sari Multalan (kok.) mukaan keinoja ydinvoimainvestointien edist\u00e4miseksi pit\u00e4\u00e4 jatkoselvitt\u00e4\u00e4. H\u00e4n my\u00f6s totesi, ett\u00e4&hellip;\n","protected":false},"author":2,"featured_media":2507,"comment_status":"","ping_status":"","sticky":false,"template":"","format":"standard","meta":{"footnotes":""},"categories":[113],"tags":[446,33,31,30,118,32,119,447],"class_list":{"0":"post-2506","1":"post","2":"type-post","3":"status-publish","4":"format-standard","5":"has-post-thumbnail","7":"category-ymparisto","8":"tag-environment","9":"tag-fi","10":"tag-finland","11":"tag-finnish","12":"tag-science","13":"tag-suomi","14":"tag-tiede","15":"tag-ymparisto"},"share_on_mastodon":{"url":"","error":""},"_links":{"self":[{"href":"https:\/\/www.europesays.com\/fi\/wp-json\/wp\/v2\/posts\/2506","targetHints":{"allow":["GET"]}}],"collection":[{"href":"https:\/\/www.europesays.com\/fi\/wp-json\/wp\/v2\/posts"}],"about":[{"href":"https:\/\/www.europesays.com\/fi\/wp-json\/wp\/v2\/types\/post"}],"author":[{"embeddable":true,"href":"https:\/\/www.europesays.com\/fi\/wp-json\/wp\/v2\/users\/2"}],"replies":[{"embeddable":true,"href":"https:\/\/www.europesays.com\/fi\/wp-json\/wp\/v2\/comments?post=2506"}],"version-history":[{"count":0,"href":"https:\/\/www.europesays.com\/fi\/wp-json\/wp\/v2\/posts\/2506\/revisions"}],"wp:featuredmedia":[{"embeddable":true,"href":"https:\/\/www.europesays.com\/fi\/wp-json\/wp\/v2\/media\/2507"}],"wp:attachment":[{"href":"https:\/\/www.europesays.com\/fi\/wp-json\/wp\/v2\/media?parent=2506"}],"wp:term":[{"taxonomy":"category","embeddable":true,"href":"https:\/\/www.europesays.com\/fi\/wp-json\/wp\/v2\/categories?post=2506"},{"taxonomy":"post_tag","embeddable":true,"href":"https:\/\/www.europesays.com\/fi\/wp-json\/wp\/v2\/tags?post=2506"}],"curies":[{"name":"wp","href":"https:\/\/api.w.org\/{rel}","templated":true}]}}