{"id":25070,"date":"2025-09-04T04:11:10","date_gmt":"2025-09-04T04:11:10","guid":{"rendered":"https:\/\/www.europesays.com\/fi\/25070\/"},"modified":"2025-09-04T04:11:10","modified_gmt":"2025-09-04T04:11:10","slug":"miten-volvo-paatyi-pienelle-luodolle-nyt-volvo-island-loytyy-jo-googlen-kartoistakin","status":"publish","type":"post","link":"https:\/\/www.europesays.com\/fi\/25070\/","title":{"rendered":"Miten Volvo p\u00e4\u00e4tyi pienelle luodolle? Nyt \u201dVolvo Island\u201d l\u00f6ytyy jo Googlen kartoistakin"},"content":{"rendered":"<p>Volvo Islandista on tullut viraali-ilmi\u00f6 ja n\u00e4ht\u00e4vyys. Mutta miten ja miksi henkil\u00f6auto on hyl\u00e4tty mit\u00e4tt\u00f6m\u00e4n pienelle luodolle?<\/p>\n<p><img decoding=\"async\" class=\"image image-show image-preview\" src=\"https:\/\/www.europesays.com\/fi\/wp-content\/uploads\/2025\/09\/e78aaa7af4b3bd07e9296fe95fc5ae53885b45e10dc72a2834d34c83af7bfa36.jpg\" alt=\"\"\/><img decoding=\"async\" class=\"image image-show\" src=\"https:\/\/www.europesays.com\/fi\/wp-content\/uploads\/2025\/09\/1756959070_837_e78aaa7af4b3bd07e9296fe95fc5ae53885b45e10dc72a2834d34c83af7bfa36.jpg\" alt=\"\"\/><\/p>\n<p>Volvo-saaresta on runsaasti valokuvia sosiaalisessa mediassa, sill\u00e4 paikan ohi kulkee vilkkaasti liikenn\u00f6ity tie, jolla ajavat autot n\u00e4kev\u00e4t luodollaan n\u00f6k\u00f6tt\u00e4v\u00e4n Volvon. Instagram<\/p>\n<p class=\"paragraph\">Sosiaalisessa mediassa levi\u00e4\u00e4 kuvia pienelle kivikkoiselle luodolle hyl\u00e4tyst\u00e4 Volvosta. Jotkut ovat luulleet kuvaa v\u00e4\u00e4renn\u00f6kseksi, mutta n\u00e4in ei ole. Luodolle hyl\u00e4tty Volvo on olemassa, ja on ollut jo niin pitk\u00e4\u00e4n, ett\u00e4 Google on kartoissaan nimennyt paikan Volvo Islandiksi eli Volvo-saareksi.<\/p>\n<p class=\"paragraph\">Volvo-saari sijaitsee Illinoisissa Yhdysvalloissa. Siell\u00e4 on todellakin vuodesta 2012 l\u00e4htien n\u00f6k\u00f6tt\u00e4nyt vuoden 2001 Volvo S80 henkil\u00f6auto.<\/p>\n<p class=\"paragraph\">Miten auto on p\u00e4\u00e4ssyt pienelle luodolle? <a href=\"https:\/\/www.yahoo.com\/news\/volvo-island-mystery-car-stranded-223754162.html\" rel=\"noopener nofollow\" target=\"_blank\">Se on hinattu sinne<\/a>. Kyseinen pieni j\u00e4rvi oli aiemmin avolouhos, joka on sittemmin t\u00e4yttynyt vedell\u00e4. Paikallinen autokorjaamoyritt\u00e4j\u00e4 Scott Mann keksi tempauksena vied\u00e4 vanhan Volvon er\u00e4\u00e4n niemen nokkaan ja j\u00e4tt\u00e4\u00e4 sen sinne. Sen j\u00e4lkeen h\u00e4n kaivoi kaivinkoneella koko niemen pois lukuun ottamatta sen pient\u00e4 k\u00e4rke\u00e4, miss\u00e4 Volvo oli parkissa.<\/p>\n<p class=\"paragraph\">N\u00e4in vanha Volvo j\u00e4i luodolle, mist\u00e4 ei ole poisp\u00e4\u00e4sy\u00e4.<\/p>\n<p class=\"paragraph\">Mann toimi ihan luvan kanssa, sill\u00e4 h\u00e4n omistaa kyseisen pikkuj\u00e4rveksi muuttuneen louhoksen.<\/p>\n<p>Volvo Island on merkittyn\u00e4 Google maps -sovellukseenkin.  Google<\/p>\n","protected":false},"excerpt":{"rendered":"Volvo Islandista on tullut viraali-ilmi\u00f6 ja n\u00e4ht\u00e4vyys. Mutta miten ja miksi henkil\u00f6auto on hyl\u00e4tty mit\u00e4tt\u00f6m\u00e4n pienelle luodolle? Volvo-saaresta&hellip;\n","protected":false},"author":2,"featured_media":25071,"comment_status":"","ping_status":"","sticky":false,"template":"","format":"standard","meta":{"footnotes":""},"categories":[14],"tags":[35,648,22,23,26,27,33,31,30,17,2187,24,25,121,1048,28,29,15,18,21,32,128,19,20,56,16,59,60,61],"class_list":{"0":"post-25070","1":"post","2":"type-post","3":"status-publish","4":"format-standard","5":"has-post-thumbnail","7":"category-ulkomaat","8":"tag-24h","9":"tag-autot","10":"tag-breaking-news","11":"tag-breakingnews","12":"tag-featured-news","13":"tag-featurednews","14":"tag-fi","15":"tag-finland","16":"tag-finnish","17":"tag-headlines","18":"tag-kulkuneuvot","19":"tag-latest-news","20":"tag-latestnews","21":"tag-liikenne-ja-kuljetus","22":"tag-maakulkuneuvot","23":"tag-main-news","24":"tag-mainnews","25":"tag-news","26":"tag-otsikot","27":"tag-paauutiset","28":"tag-suomi","29":"tag-tieliikenne","30":"tag-top-stories","31":"tag-topstories","32":"tag-ulkomaat","33":"tag-uutiset","34":"tag-world","35":"tag-world-news","36":"tag-worldnews"},"share_on_mastodon":{"url":"","error":""},"_links":{"self":[{"href":"https:\/\/www.europesays.com\/fi\/wp-json\/wp\/v2\/posts\/25070","targetHints":{"allow":["GET"]}}],"collection":[{"href":"https:\/\/www.europesays.com\/fi\/wp-json\/wp\/v2\/posts"}],"about":[{"href":"https:\/\/www.europesays.com\/fi\/wp-json\/wp\/v2\/types\/post"}],"author":[{"embeddable":true,"href":"https:\/\/www.europesays.com\/fi\/wp-json\/wp\/v2\/users\/2"}],"replies":[{"embeddable":true,"href":"https:\/\/www.europesays.com\/fi\/wp-json\/wp\/v2\/comments?post=25070"}],"version-history":[{"count":0,"href":"https:\/\/www.europesays.com\/fi\/wp-json\/wp\/v2\/posts\/25070\/revisions"}],"wp:featuredmedia":[{"embeddable":true,"href":"https:\/\/www.europesays.com\/fi\/wp-json\/wp\/v2\/media\/25071"}],"wp:attachment":[{"href":"https:\/\/www.europesays.com\/fi\/wp-json\/wp\/v2\/media?parent=25070"}],"wp:term":[{"taxonomy":"category","embeddable":true,"href":"https:\/\/www.europesays.com\/fi\/wp-json\/wp\/v2\/categories?post=25070"},{"taxonomy":"post_tag","embeddable":true,"href":"https:\/\/www.europesays.com\/fi\/wp-json\/wp\/v2\/tags?post=25070"}],"curies":[{"name":"wp","href":"https:\/\/api.w.org\/{rel}","templated":true}]}}