{"id":25074,"date":"2025-09-04T04:13:08","date_gmt":"2025-09-04T04:13:08","guid":{"rendered":"https:\/\/www.europesays.com\/fi\/25074\/"},"modified":"2025-09-04T04:13:08","modified_gmt":"2025-09-04T04:13:08","slug":"patrik-laine-tyly-ennuste","status":"publish","type":"post","link":"https:\/\/www.europesays.com\/fi\/25074\/","title":{"rendered":"Patrik Laine: Tyly ennuste"},"content":{"rendered":"<p>Georges Laraque uskoo suomalaisen tarun Montrealissa p\u00e4\u00e4ttyv\u00e4n pian. <\/p>\n<p><img decoding=\"async\" class=\"image image-show image-preview\" src=\"https:\/\/www.europesays.com\/fi\/wp-content\/uploads\/2025\/09\/f91d60a295d05b2baabc6de7cadfd7237d753140f9de62cac665fadc79182deb.jpg\" alt=\"\"\/><img decoding=\"async\" class=\"image image-show\" src=\"https:\/\/www.europesays.com\/fi\/wp-content\/uploads\/2025\/09\/1756959188_208_f91d60a295d05b2baabc6de7cadfd7237d753140f9de62cac665fadc79182deb.jpg\" alt=\"\"\/><\/p>\n<p>Patrik Laine jakaa mielipiteit\u00e4 Montrealissa.  AOP \/ USA TODAY SPORTS<\/p>\n<p class=\"paragraph\">Entinen NHL-pugilisti <strong>Georges Laraque<\/strong>, 48, laukoi tyly\u00e4 teksti\u00e4 <strong>Patrik Laineesta<\/strong> vieraillessaan ranskankielisell\u00e4 BPM Sports -radiokanavalla.<\/p>\n<p class=\"paragraph\">Terveen\u00e4 pysynyt Tesoman tykki on valmistautunut kauteen edellisi\u00e4 kesi\u00e4 paremmista l\u00e4ht\u00f6kohdista, mutta Laraquen mielipidett\u00e4 tiedot eiv\u00e4t muuta yht\u00e4\u00e4n positiivisemmaksi.<\/p>\n<p class=\"paragraph\">\u2013 En ole unohtanut, mit\u00e4 tapahtui viime vuonna. Minua ei kiinnosta, ett\u00e4 onko h\u00e4n kunnossa. En usko h\u00e4neen, mies ilmoittaa.<\/p>\n<p class=\"paragraph\">Laineen kausi 2024\u201325 alkoi polvivamman vuoksi sairastuvalla. Toivuttuaan pelikuntoon suomalainen h\u00e4\u00e4ri tehokkaana ylivoimapelotteena ja latoi 52 runkosarjaotteluun 20 maalia.<\/p>\n<p class=\"paragraph\">\u2013 Kaveri on yhden tempun poni ylivoimalla. Viisi vastaan viisi -peliss\u00e4 h\u00e4n on n\u00e4kym\u00e4t\u00f6n. Voittaakseni tarvitset enemm\u00e4n kuin pelaajan, joka on hyv\u00e4 ylivoimalla. Tarvitset kaverin, joka osallistuu peliin molemmissa kentt\u00e4p\u00e4\u00e4dyiss\u00e4. Joukkuepelaajan, joka on peliss\u00e4 mukana koko ajan, Laraque sanoo.<\/p>\n<p class=\"paragraph\">Montreal Canadiensin entisen\u00e4 pelaajana seuran asioihin hanakasti kantaa ottavan Laraquen suhtautuminen suomalaispelaajaan oli tiedossa jo aikaisemmin. Viime helmikuussa h\u00e4n <a href=\"https:\/\/www.iltalehti.fi\/nhl\/29fcd8d0-448a-4249-90b6-df59cd6dadda\" rel=\"nofollow noopener\" target=\"_blank\">ilmoitti<\/a>, ett\u00e4 Canadiensin tulisi hankkiutua eroon Laineesta kes\u00e4n aikana.<\/p>\n<p class=\"paragraph\">Huhuista huolimatta Laine aloittaa sopimuskautensa viimeisen kauden Montrealissa.<\/p>\n<p class=\"paragraph\">\u2013 En usko, ett\u00e4 h\u00e4n pelaa enemp\u00e4\u00e4 kuin 40 ottelua. En usko, ett\u00e4 h\u00e4n pelaa t\u00e4\u00e4ll\u00e4 koko kautta, Laraque ennustaa.<\/p>\n<p class=\"paragraph\">NHL-kausi alkaa 7.10.<\/p>\n","protected":false},"excerpt":{"rendered":"Georges Laraque uskoo suomalaisen tarun Montrealissa p\u00e4\u00e4ttyv\u00e4n pian. Patrik Laine jakaa mielipiteit\u00e4 Montrealissa. AOP \/ USA TODAY SPORTS&hellip;\n","protected":false},"author":2,"featured_media":25075,"comment_status":"","ping_status":"","sticky":false,"template":"","format":"standard","meta":{"footnotes":""},"categories":[5],"tags":[35,1144,1274,22,23,26,27,33,31,30,17,1143,24,25,41,28,29,1146,15,18,21,32,19,20,16],"class_list":{"0":"post-25074","1":"post","2":"type-post","3":"status-publish","4":"format-standard","5":"has-post-thumbnail","7":"category-otsikot","8":"tag-24h","9":"tag-ammattilaisjaakiekko","10":"tag-ammattiurheilu","11":"tag-breaking-news","12":"tag-breakingnews","13":"tag-featured-news","14":"tag-featurednews","15":"tag-fi","16":"tag-finland","17":"tag-finnish","18":"tag-headlines","19":"tag-jaakiekko","20":"tag-latest-news","21":"tag-latestnews","22":"tag-liikunta-ja-urheilu","23":"tag-main-news","24":"tag-mainnews","25":"tag-miesten-jaakiekko","26":"tag-news","27":"tag-otsikot","28":"tag-paauutiset","29":"tag-suomi","30":"tag-top-stories","31":"tag-topstories","32":"tag-uutiset"},"share_on_mastodon":{"url":"","error":""},"_links":{"self":[{"href":"https:\/\/www.europesays.com\/fi\/wp-json\/wp\/v2\/posts\/25074","targetHints":{"allow":["GET"]}}],"collection":[{"href":"https:\/\/www.europesays.com\/fi\/wp-json\/wp\/v2\/posts"}],"about":[{"href":"https:\/\/www.europesays.com\/fi\/wp-json\/wp\/v2\/types\/post"}],"author":[{"embeddable":true,"href":"https:\/\/www.europesays.com\/fi\/wp-json\/wp\/v2\/users\/2"}],"replies":[{"embeddable":true,"href":"https:\/\/www.europesays.com\/fi\/wp-json\/wp\/v2\/comments?post=25074"}],"version-history":[{"count":0,"href":"https:\/\/www.europesays.com\/fi\/wp-json\/wp\/v2\/posts\/25074\/revisions"}],"wp:featuredmedia":[{"embeddable":true,"href":"https:\/\/www.europesays.com\/fi\/wp-json\/wp\/v2\/media\/25075"}],"wp:attachment":[{"href":"https:\/\/www.europesays.com\/fi\/wp-json\/wp\/v2\/media?parent=25074"}],"wp:term":[{"taxonomy":"category","embeddable":true,"href":"https:\/\/www.europesays.com\/fi\/wp-json\/wp\/v2\/categories?post=25074"},{"taxonomy":"post_tag","embeddable":true,"href":"https:\/\/www.europesays.com\/fi\/wp-json\/wp\/v2\/tags?post=25074"}],"curies":[{"name":"wp","href":"https:\/\/api.w.org\/{rel}","templated":true}]}}