{"id":25078,"date":"2025-09-04T04:27:19","date_gmt":"2025-09-04T04:27:19","guid":{"rendered":"https:\/\/www.europesays.com\/fi\/25078\/"},"modified":"2025-09-04T04:27:19","modified_gmt":"2025-09-04T04:27:19","slug":"kirsin-book-clubin-170-lukupiirikirjaa","status":"publish","type":"post","link":"https:\/\/www.europesays.com\/fi\/25078\/","title":{"rendered":"Kirsin Book Clubin 170 lukupiirikirjaa"},"content":{"rendered":"<p>Kirsi Ranin on perustanut Kirsin Book Clubin 2010. Lue koko Kirsin Book Clubin tarina Kirsin kirjoittamasta <a href=\"https:\/\/kirsinbookclub.com\/2021\/10\/lukupiiria-juhlimassa-kirsi-raninin-kirjan-julkkareissa-kupli-ilo\/\" rel=\"nofollow noopener\" target=\"_blank\">Lukupiiri \u2013 Kirjoista keskustelemisen el\u00e4m\u00e4\u00e4 muuttava taika<\/a> -kirjasta. Kirjassa on my\u00f6s paljon neuvoja ja vinkkej\u00e4 lukupiirin perustamiseen ja py\u00f6ritt\u00e4miseen sek\u00e4 yli 200 lukupiirikirjavinkki\u00e4. Tilaa kirja <strong><a href=\"https:\/\/www.suomalainen.com\/products\/lukupiiri-2\" rel=\"nofollow noopener\" target=\"_blank\">T\u00c4ST\u00c4<\/a><\/strong>.<\/p>\n<p><img fetchpriority=\"high\" decoding=\"async\" width=\"350\" height=\"452\" src=\"https:\/\/www.europesays.com\/fi\/wp-content\/uploads\/2025\/09\/Lukupiiri-350.jpg\" alt=\"\" class=\"wp-image-26545\"  \/>Nemo, 2021<\/p>\n<p>Kirsin Book Clubin naiset kokoontuvat kerran kuussa keskustelemaan kirjasta, joka on yhdess\u00e4 valittu ja jonka kaikki ovat kokoontumista varten lukeneet. Olen listannut alle kaikki t\u00e4h\u00e4n menness\u00e4 k\u00e4sittelyss\u00e4 olleet lukupiirikirjat lukuj\u00e4rjestyksess\u00e4, tulevat ja tuoreimmat ensin.\u00a0Jos kirjailijan tai kirjan nimi on pinkill\u00e4, niin klikkaamalla aukeaa linkki kirjoittamaamme blogijuttuun.<\/p>\n<p><strong>Lukupiiriss\u00e4 luetut ja luettavat kirjat 20<\/strong>25<\/p>\n<p><strong>175.<\/strong> Vuosijuhla, joulukuu, ohjelma avoin<\/p>\n<p><strong>174. Virginia Woolf:<\/strong> Majakka \/ 12.11.2015 Friisil\u00e4<\/p>\n<p><strong>173. Arundhati Roy<\/strong>: Tulvani ja myrskyni \/ 13.10.2025 Haukilahti<\/p>\n<p><strong>172<\/strong>. <strong>Elli Salo<\/strong>: Ker\u00e4ilij\u00e4t \/ 16.9.2025 Soukka<\/p>\n<p><strong>171.  Ay\u00f2b\u00e1mi Ad\u00e9bayo<\/strong>: Onnenkauppaa \/ 18.8.2025 Tapiola<\/p>\n<p><img loading=\"lazy\" decoding=\"async\" width=\"900\" height=\"1200\" src=\"https:\/\/www.europesays.com\/fi\/wp-content\/uploads\/2025\/09\/IMG_7955.jpeg\" alt=\"\" class=\"wp-image-42332\"  \/>Louise Kennedyn kanssa drinkeill\u00e4.<\/p>\n<p><strong>170.<\/strong> <strong> Petri Tamminen<\/strong>: <a href=\"https:\/\/kirsinbookclub.com\/2025\/06\/petri-tamminen-sinua-sinua-rakkaus-ja-mita-se-on\/\" rel=\"nofollow noopener\" target=\"_blank\">Sinua, sinua<\/a> \/ 10.6.2025 Pohjois-Tapiola<\/p>\n<p><strong>169<\/strong>. <strong>Ulla Rask<\/strong>:<a href=\"https:\/\/kirsinbookclub.com\/2025\/05\/ulla-rask-blanka-itameren-tytar-lukupiiri-matkusti-1600-luvulle\/\" rel=\"nofollow noopener\" target=\"_blank\"> Blanka, It\u00e4meren tyt\u00e4r<\/a> \/ 21.5.2025 Arabianranta<\/p>\n<p><strong>168. Louise Kennedy<\/strong>: <a href=\"https:\/\/kirsinbookclub.com\/2025\/05\/louise-kennedy-rikkomuksia-kielletty-rakkaus-vaarallinen-aika\/\" rel=\"nofollow noopener\" target=\"_blank\">Rikkomuksia <\/a>\/ 24.4.2024 T\u00f6\u00f6l\u00f6<\/p>\n<p><strong>167. Matti Laine<\/strong>: <a href=\"https:\/\/kirsinbookclub.com\/2025\/03\/matti-laine-lukupiirin-vieraana-peukut-nousivat-isansa-tytar-trillerille\/\" rel=\"nofollow noopener\" target=\"_blank\">Is\u00e4ns\u00e4 tyt\u00e4r<\/a> \/ 5.3.2025 Friisil\u00e4<\/p>\n<p><img loading=\"lazy\" decoding=\"async\" width=\"1200\" height=\"900\" src=\"https:\/\/www.europesays.com\/fi\/wp-content\/uploads\/2025\/09\/IMG_5185.jpeg\" alt=\"\" class=\"wp-image-42330\"  \/>Matti Laine lukupiirin vieraana.<\/p>\n<p><strong>166. Pirjo Hassinen<\/strong>: <a href=\"https:\/\/kirsinbookclub.com\/2025\/03\/pirjo-hassinen-paivaretki-varjojen-maahan-kun-eriarvoisuudesta-kumpuaa-katkeruus\/\" rel=\"nofollow noopener\" target=\"_blank\">P\u00e4iv\u00e4retki varjojen maahan<\/a> \/ 19.2.2025 Haaga<\/p>\n<p><strong>165. Pajtim Statovci<\/strong>: <a href=\"https:\/\/kirsinbookclub.com\/2024\/10\/pajtim-statovci-lehma-synnyttaa-yolla-vavisuttava-mestariteos\/\" rel=\"nofollow noopener\" target=\"_blank\">Lehm\u00e4 synnytt\u00e4\u00e4 y\u00f6ll\u00e4<\/a> \/ 20.1.2025 Otaniemi<\/p>\n<p><strong>Lukupiiriss\u00e4 luetut kirjat 20<\/strong>24<\/p>\n<p><strong>164. Irene Zidan<\/strong>:<a href=\"https:\/\/kirsinbookclub.com\/2024\/12\/irene-zidan-isani-appelsiininkukkien-maasta-kirjailija-vieraili-lukupiirin-vuosijuhlassa\/\" rel=\"nofollow noopener\" target=\"_blank\"> Is\u00e4ni appelsiininkukkien maasta<\/a> \/ 13.12.2024 Haukilahti<\/p>\n<p><strong>163. Sally Rooney<\/strong>: <a href=\"https:\/\/kirsinbookclub.com\/2024\/11\/sally-rooney-intermezzo-lukupiirissamme-yllattavia-siirtoja-elaman-shakkipelissa\/\" rel=\"nofollow noopener\" target=\"_blank\">Intemezzo<\/a> \/ 20.11.2024 Kumpula<\/p>\n<p><strong>162. Ina Mutikainen<\/strong>: <a href=\"https:\/\/kirsinbookclub.com\/2024\/11\/ina-mutikainen-unohdus-kiehtova-kirja-kaanteisesta-dementiasta-kuuntele-podcast\/\" rel=\"nofollow noopener\" target=\"_blank\">Unohdus<\/a> \/ 16.10.2024 Friisil\u00e4<\/p>\n<p><strong>161. Ann Napolitano<\/strong>: <a href=\"https:\/\/kirsinbookclub.com\/2024\/09\/ann-napolitano-kaunokaiset\/\" rel=\"nofollow noopener\" target=\"_blank\">Kaunokaiset<\/a> \/ 16.9.2024 Haukilahti<\/p>\n<p><strong>160. Inga Magga<\/strong>:<a href=\"https:\/\/kirsinbookclub.com\/2024\/08\/inga-magga-puolikas-saamelaisuudesta-ja-saamen-kielen-merkityksesta\/\" rel=\"nofollow noopener\" target=\"_blank\"> Puolikas<\/a> \/ 15.8.2024 Pohjois-Tapiola<\/p>\n<p><img loading=\"lazy\" decoding=\"async\" width=\"1200\" height=\"899\" src=\"https:\/\/www.europesays.com\/fi\/wp-content\/uploads\/2025\/09\/IMG_3847-1.jpeg\" alt=\"\" class=\"wp-image-38405\"  \/>Eeva Kilpe\u00e4 h\u00e4nen nimikkopuistossaan.<\/p>\n<p><strong>159. Anna-Riikka Carlson<\/strong>: <a href=\"https:\/\/kirsinbookclub.com\/2024\/07\/anna-riikka-carlsonin-teos-rakas-eeva-kilpi-johdatti-lukupiirin-piknikille-nama-juhlat-jatkuvat-viela\/\" rel=\"nofollow noopener\" target=\"_blank\">Rakas Eeva Kilpi \u2013 N\u00e4m\u00e4 juhlat jatkuvat viel\u00e4<\/a> \/ 13.6.2024 Eeva Kilven runo- ja perhospuisto Tapiolassa<\/p>\n<p><strong>158.<\/strong> <strong>Taylor Jenkins Reid: <\/strong><a href=\"https:\/\/kirsinbookclub.com\/2024\/06\/taylor-jenkins-reid-evelyn-hugon-seitseman-aviomiesta-lukupiiri-menetti-uskonsa-hollywoodin-unelmapareihin\/\" rel=\"nofollow noopener\" target=\"_blank\">Evelyn Hugon seitsem\u00e4n aviomiest\u00e4<\/a> \/ 21.5.2024 Soukka<\/p>\n<p><strong>157.<\/strong> <strong>Eleanor Catton<\/strong>: <a href=\"https:\/\/kirsinbookclub.com\/2024\/05\/eleanor-catton-birnamin-metsa-vaikuttava-ekotrilleri-maailmasta-jossa-mekin-olemme-mukana\/\" rel=\"nofollow noopener\" target=\"_blank\">Birnamin mets\u00e4<\/a> \/ 15.4.2024 T\u00f6\u00f6l\u00f6<\/p>\n<p><strong>156. Antti J\u00e4rvi<\/strong>:<a href=\"https:\/\/kirsinbookclub.com\/2024\/02\/antti-jarvi-minne-katosi-antti-jarvi-lukupiiri-finlandia-voittajasta-mielettoman-hienosti-rakennettu-tarina\/\" rel=\"nofollow noopener\" target=\"_blank\"> Minne katosi Antti J\u00e4rvi?<\/a> \/ 15.2.2024 Tekstin talo<\/p>\n<p><strong>155. Ulla-Lena Lundberg<\/strong>: <a href=\"https:\/\/kirsinbookclub.com\/2024\/01\/ulla-lena-lundberg-jaa-kaikkien-aikojen-paras-finlandia-voittaja\/\" rel=\"nofollow noopener\" target=\"_blank\">J\u00e4\u00e4<\/a> \/ 11.1.2024 Otaniemi<\/p>\n<p><strong>Lukupiiriss\u00e4 luetut kirjat 20<\/strong>23<\/p>\n<p><strong>154. Claire Keegan<\/strong>: <a href=\"https:\/\/kirsinbookclub.com\/2023\/12\/claire-keegan-nama-pienet-asiat-lukupiirin-mielesta-taydellinen-joulukirja\/\" rel=\"nofollow noopener\" target=\"_blank\">N\u00e4m\u00e4 pienet asiat<\/a> \/ 13.12.2023 Haukilahti<\/p>\n<p><strong>153. Suvi Ahola<\/strong>: <a href=\"https:\/\/kirsinbookclub.com\/2023\/12\/lukupiiri-paneutui-helvi-hamalaisen-tuotantoon-suvi-aholan-kirjan-avulla\/\" rel=\"nofollow noopener\" target=\"_blank\">Mit\u00e4 Helvi H\u00e4m\u00e4l\u00e4inen todella sanoi?<\/a> \/ 16.11.2023 Kumpula<\/p>\n<p><strong>152. Vesa Haapala<\/strong>: <a href=\"https:\/\/kirsinbookclub.com\/2023\/11\/vesa-haapala-alexis-elamankertomus-kansalliskirjailijan-vaikeat-vuodet-lukupiirissa\/\" rel=\"nofollow noopener\" target=\"_blank\">Alexis<\/a> \/ 10.10.2023 Haukilahti<\/p>\n<p><strong>151. Minna Rytisalo<\/strong>: <a href=\"https:\/\/kirsinbookclub.com\/2023\/10\/minna-rytisalo-jenny-hill-aikuisen-naisen-kasvutarina-tassa-ajassa\/\" rel=\"nofollow noopener\" target=\"_blank\">Jenny Hill<\/a> \/ 13.9.2023 Friisil\u00e4<\/p>\n<p><strong>150. Sylvia Borgstr\u00f6m<\/strong>: <a href=\"https:\/\/kirsinbookclub.com\/2023\/08\/sylvia-borgstrom-muistojeni-kynttiloita-monta-hienoa-muistoa-jai-myos-kirsin-book-clubin-150-kokoontumisesta\/\" rel=\"nofollow noopener\" target=\"_blank\">Muistojeni kynttil\u00f6it\u00e4<\/a> \/ 7.8.2023 Inkoo<\/p>\n<p><strong>149. Joel Haahtela<\/strong>: <a href=\"https:\/\/kirsinbookclub.com\/2023\/06\/kesaisessa-lukupiirissa-englantilainen-teehetki-ja-joel-haahtelan-yo-whistlerin-maalauksessa\/\" rel=\"nofollow noopener\" target=\"_blank\">Y\u00f6 Whistlerin maalauksessa <\/a> \/ 19.6.2023 Tapiola<\/p>\n<p><strong>148. Essi Kumm<\/strong>u: <a href=\"https:\/\/kirsinbookclub.com\/2023\/05\/essi-kummu-alaston-lukupiiri-paljastamisen-elamaa-muuttava-taika\/\" rel=\"nofollow noopener\" target=\"_blank\">Alaston lukupiiri<\/a> \/ 22.5.2023 Tammi<\/p>\n<p><strong>147.<\/strong> <strong>Ia Genberg:\u00a0<\/strong><a href=\"https:\/\/kirsinbookclub.com\/2023\/04\/ia-genberg-yksityiskohdat-august-palkittu-kirja-heratti-lukupiirilaisten-omat-muistot\/\" rel=\"nofollow noopener\" target=\"_blank\">Yksityiskohdat<\/a>\u00a0\/ 19.4.2023 T\u00f6\u00f6l\u00f6<\/p>\n<p><strong>146. Annie Ernaux<\/strong>:\u00a0<a href=\"https:\/\/kirsinbookclub.com\/2023\/03\/annie-ernaux-vuodet-nobel-kirjailijan-teos-avasi-muistojen-laatikon-myos-lukupiirilaisilta\/\" target=\"_blank\" rel=\"noreferrer noopener nofollow\">Vuodet<\/a>\u00a0\/ 15.3.2023 Eira<\/p>\n<p><img loading=\"lazy\" decoding=\"async\" width=\"600\" height=\"450\" src=\"https:\/\/www.europesays.com\/fi\/wp-content\/uploads\/2025\/09\/IMG_1105-1.jpeg\" alt=\"\" class=\"wp-image-31712\"  \/>Lukupiiriss\u00e4 vieraina Laura Lindstedt ja Sinikka Vuola, sek\u00e4 kirjabloggarit Arja Korhonen ja Tuija Takala.<\/p>\n<p><strong>145. Laura Lindstedt &amp; Sinikka Vuola:<a href=\"https:\/\/kirsinbookclub.com\/2023\/02\/laura-lindstedt-sinikka-vuola-101-tapaa-tappaa-aviomies-lukupiiri-perehtyi-variaatioihin-kirjailijoiden-johdolla\/\" rel=\"nofollow noopener\" target=\"_blank\">\u00a0<\/a><\/strong><a href=\"https:\/\/kirsinbookclub.com\/2023\/02\/laura-lindstedt-sinikka-vuola-101-tapaa-tappaa-aviomies-lukupiiri-perehtyi-variaatioihin-kirjailijoiden-johdolla\/\" rel=\"nofollow noopener\" target=\"_blank\">101 tapaa tappaa aviomies<\/a>\u00a0\/ 12.2.2023 Kumpula<\/p>\n<p><strong>144. Mohamed Mbougar Sarr<\/strong>:\u00a0<a href=\"https:\/\/kirsinbookclub.com\/2023\/02\/mohamed-mbougar-sarr-miesten-syvimmat-salaisuudet-lukupiiri-ilta-palkitun-romaanin-labyrintissa\/\" rel=\"nofollow noopener\" target=\"_blank\">Miesten syvimm\u00e4t salaisuudet<\/a>\u00a0\/ 19.1.2023 Otaniemi<\/p>\n<p><strong>Lukupiiriss\u00e4 luetut kirjat 20<\/strong>22<\/p>\n<p><strong>143.<\/strong> <strong>Jevhenija Kuznjetsova: <\/strong><a href=\"https:\/\/kirsinbookclub.com\/2022\/12\/jevhenija-kuznjetsova-kysykaa-mialta-lukupiirin-12-vuotissynttareilla-keskusteltiin-ukrainalaisesta-romaanista\/\" target=\"_blank\" rel=\"noreferrer noopener nofollow\">Kysyk\u00e4\u00e4 Mialta<\/a> \/ 11.12.2022 Haukilahti<\/p>\n<p><strong>142. Laura L\u00e4hteenm\u00e4ki<\/strong>: <a href=\"https:\/\/kirsinbookclub.com\/2022\/12\/laura-lahteenmaki-sukella-silmat-auki-lukupiirissa-sukujen-salaisuuksien-jaljilla\/\" target=\"_blank\" rel=\"noreferrer noopener nofollow\">Sukella silm\u00e4t auki<\/a> \/ 16.11.2022 Pohjois-Haaga<\/p>\n<p><strong>141. Lydia Sandgren<\/strong>: <a href=\"https:\/\/kirsinbookclub.com\/2022\/11\/lydia-sandgren-lapileikkaus-lukupiiri-ihastui-kirjaan-ja-kuuli-kuinka-siita-tehtiin-aanikirja\/\" target=\"_blank\" rel=\"noreferrer noopener nofollow\">L\u00e4pileikkaus<\/a> \/ 20.10.2022 Friisil\u00e4<\/p>\n<p><strong>140. Minna Lindgren<\/strong>: <a href=\"https:\/\/kirsinbookclub.com\/2022\/09\/minna-lindgren-minun-oopperani-epataydellinen-historia-tieto-ja-hakuteos-ensimmaisesta-populaarista-taiteesta\/\" rel=\"nofollow noopener\" target=\"_blank\">Minun oopperani: Ep\u00e4t\u00e4ydellinen historia<\/a> \/ 20.9.2022 Eira<\/p>\n<p><strong>139. Bernadine Evaristo<\/strong>: <a href=\"https:\/\/kirsinbookclub.com\/2023\/03\/bernardine-evaristo-tytto-nainen-toinen-loistava-booker-voittaja\/\" rel=\"nofollow noopener\" target=\"_blank\">Tytt\u00f6, nainen, toinen<\/a> \/ 22.8.2022 Pohjois-Tapiola<\/p>\n<p><img loading=\"lazy\" decoding=\"async\" width=\"589\" height=\"332\" src=\"https:\/\/www.europesays.com\/fi\/wp-content\/uploads\/2025\/09\/IMG_4386-589x332.jpeg\" alt=\"\" class=\"wp-image-28432\"  \/><\/p>\n<p><strong>138. Anja Er\u00e4maja<\/strong>: <a href=\"https:\/\/kirsinbookclub.com\/2022\/06\/anja-eramaja-olen-nyt-taalla-metsassa-lukupiiri-mustikassa-kirjailijan-kanssa\/\" rel=\"nofollow noopener\" target=\"_blank\">Olen t\u00e4\u00e4ll\u00e4 mets\u00e4ss\u00e4<\/a> \/ 20.6.2022 Vartioharju<\/p>\n<p><strong>137. Suvi Ahola<\/strong>, <strong>Nenne Hallman<\/strong> &amp; <strong>Ina Ruokolainen<\/strong>: <a href=\"https:\/\/kirsinbookclub.com\/2022\/05\/ina-ruokolainen-nenne-hallman-suvi-ahola-kolmen-naisen-kirjeita-kirjailijat-maagisen-lukupiiri-illan-vieraina\/\" rel=\"nofollow noopener\" target=\"_blank\">Kolmen naisen kirjeit\u00e4<\/a> \/ 2.5.2022 Ullanlinna<\/p>\n<p><strong>136. Nita Prose<\/strong>:<a href=\"https:\/\/kirsinbookclub.com\/2022\/04\/nita-prose-huonesiivooja-hotellin-kanta-asiakas-loytyy-sviitistaan-murhattuna-onko-syyllinen-tiptop-siivooja\/\" rel=\"nofollow noopener\" target=\"_blank\"> Huonesiivooja<\/a> \/ 20.4.2022 Kumpula<\/p>\n<p><strong>135. Jari J\u00e4rvel\u00e4<\/strong>: <a href=\"https:\/\/kirsinbookclub.com\/2022\/03\/aino-ja-alvar-aalto-katsaus-arkkitehtipariskunnan-elamaan-heikki-aalto-alasen-ja-jari-jarvelan-kirjojen-johdatuksella\/\" rel=\"nofollow noopener\" target=\"_blank\">Aino A.<\/a> &amp; <strong>Heikki Aalto-Alanen<\/strong>: <a href=\"https:\/\/kirsinbookclub.com\/2022\/03\/aino-ja-alvar-aalto-katsaus-arkkitehtipariskunnan-elamaan-heikki-aalto-alasen-ja-jari-jarvelan-kirjojen-johdatuksella\/\" rel=\"nofollow noopener\" target=\"_blank\">Rakastan sinussa ihmist\u00e4<\/a> \/ 15.3.2022 Pikku-Finlandia<\/p>\n<p><strong>134.<\/strong> <strong>Pirkko Saisio<\/strong>: <a href=\"https:\/\/kirsinbookclub.com\/2022\/02\/lukupiiri-nautti-pirkko-saision-fantastisesta-passiosta-ja-titin-herkullisesta-kakusta\/\" rel=\"nofollow noopener\" target=\"_blank\">Passio<\/a> \/ 17.2.2022 Haukilahti<\/p>\n<p><strong>133. Quynh Tran<\/strong>: <a href=\"https:\/\/kirsinbookclub.com\/2022\/02\/quynh-tran-varjo-ja-viileys-skugga-och-svalka-onnea-runeberg-palkinnon-voittajalle\/\" rel=\"nofollow noopener\" target=\"_blank\">Varjo ja viileys <\/a>(Skugga och svalka)  \/ 19.1.2022 et\u00e4n\u00e4<\/p>\n<p><strong>Lukupiiriss\u00e4 luetut ja luettavat kirjat 20<\/strong>21<\/p>\n<p><strong>132. Virginie Grimaldi<\/strong>: <a href=\"https:\/\/kirsinbookclub.com\/2021\/12\/lukupiirissa-virginie-grimaldin-suloisimmat-hetket-kirja-aitiyden-eri-vaiheista\/\" rel=\"nofollow noopener\" target=\"_blank\">Suloisimmat hetket<\/a> \/ 13.12.2021 Haukilahti<\/p>\n<p><strong>131. Laura Malmivaara: <\/strong><a href=\"https:\/\/kirsinbookclub.com\/2021\/12\/laura-malmivaara-vaiti-tama-on-ihana-keskustelu\/\" rel=\"nofollow noopener\" target=\"_blank\">Vaiti<\/a> \/ 15.11.2021 Otavan kirjakauppa &amp; Sofia-tapahtumakeskus<\/p>\n<p><strong>130. Anneli Kanto<\/strong>: <a href=\"https:\/\/kirsinbookclub.com\/2021\/04\/anneli-kanto-rottien-pyhimys-maailman-synty-ja-loppu-ja-kaikki-silta-valilta\/\" rel=\"nofollow noopener\" target=\"_blank\">Rottien pyhimys<\/a> \/ 20.10.2021 Kirjakauppa Sivullinen, Helsinki<\/p>\n<p><strong>129. Fernanda Melchor: <\/strong><a href=\"https:\/\/kirsinbookclub.com\/2021\/09\/fernanda-melchor-hurrikaanien-aika-booker-ehdokkaaksi-valittu-vimmainen-tarina-meksikon-syrjaseudulta-mukana-arvonta\/\" rel=\"nofollow noopener\" target=\"_blank\">Hurrikaanien aika <\/a>\/ 13.9.2021 T\u00f6\u00f6l\u00f6<\/p>\n<p><strong>128.<\/strong> <strong>Christy Lefteri<\/strong>: Aleppon mehil\u00e4istarhuri \/ 9.8.2021 Friisil\u00e4<\/p>\n<p><strong>127. <a href=\"https:\/\/kirsinbookclub.com\/2021\/06\/teemana-eeva-joenpelto-lukupiiri-kokoontui-kirjailijan-talossa-vares-kantolassa\/\" rel=\"nofollow noopener\" target=\"_blank\">Eeva Joenpelto -ilta<\/a><\/strong> \/ 9.6.2021 Vares-Kantola, Sammatti<\/p>\n<p><img loading=\"lazy\" decoding=\"async\" width=\"589\" height=\"733\" src=\"https:\/\/www.europesays.com\/fi\/wp-content\/uploads\/2025\/09\/IMG_2565.jpeg\" alt=\"\" class=\"wp-image-23805\"  \/>Toukokuussa keskusteltiin kosteissa merkeiss\u00e4.<\/p>\n<p>1<strong>26. Alex Schulman<\/strong>: <a href=\"https:\/\/kirsinbookclub.com\/2021\/05\/alex-schulman-eloonjaaneet-toukokuun-lukupiiriin-kokoonnuttiin-puutarhaan\/\" rel=\"nofollow noopener\" target=\"_blank\">Eloonj\u00e4\u00e4neet<\/a> \/ 18.5.2021 Kumpula<\/p>\n<p><strong>125.  Jyrki Erra<\/strong>:<a href=\"https:\/\/kirsinbookclub.com\/2021\/04\/jyrki-erra-lyijyvalkoinen-mysteerina-caravaggion-provenienssi-aito-vai-ei\/\" rel=\"nofollow noopener\" target=\"_blank\"> Lyijyvalkoinen<\/a> \/ 21.4.2021 virtuaalikierroksella oppaan kanssa Roomassa<\/p>\n<p><strong>124. Deborah Feldman<\/strong>: <a href=\"https:\/\/kirsinbookclub.com\/2021\/03\/lukupiirissa-deborah-feldman-unorthodox-nain-hylkasin-hasidijuutalaiset-juureni\/\" rel=\"nofollow noopener\" target=\"_blank\">Unorthodox \u2013 n\u00e4in hylk\u00e4sin hasidijuutalaiset juureni<\/a> \/ 19.3.2021 et\u00e4n\u00e4<\/p>\n<p><strong>123. Evie Wyld<\/strong>:<a href=\"https:\/\/kirsinbookclub.com\/2021\/03\/evie-wyld-me-olemme-susia-noitavainojen-modernit-muodot\/\" rel=\"nofollow noopener\" target=\"_blank\"> Me olemme susia<\/a> \/ 18.2.2021 et\u00e4n\u00e4<\/p>\n<p><strong>122. Anni Kyt\u00f6m\u00e4ki:<\/strong> <a href=\"https:\/\/kirsinbookclub.com\/2020\/11\/anni-kytomaki-margarita-finlandian-arvoinen-kirjahelmi\/\" target=\"_blank\" rel=\"noreferrer noopener nofollow\">Margarita<\/a> \/ 16.1.2021 <a href=\"https:\/\/kirsinbookclub.com\/2021\/01\/kuinka-pyorittaa-lukupiiria-koronan-aikana-voi-menna-vaikka-metsaan\/\" rel=\"nofollow noopener\" target=\"_blank\">mets\u00e4ss\u00e4<\/a><\/p>\n<p><img loading=\"lazy\" decoding=\"async\" width=\"589\" height=\"442\" src=\"https:\/\/www.europesays.com\/fi\/wp-content\/uploads\/2025\/09\/IMG_9990-1.jpeg\" alt=\"\" class=\"wp-image-22214\"  \/>Tammikuun lukupiiri pidettiin -17 asteen pakkasessa.<\/p>\n<p><strong>Lukupiiriss\u00e4 luetut kirjat 20<\/strong>20<\/p>\n<p><strong>121. KIRSIN BOOK CLUB 10 VUOTTA<\/strong>. <strong>Tommy Orange<\/strong>: <a href=\"https:\/\/kirsinbookclub.com\/2020\/12\/tommy-orange-ei-enaa-mitaan-osallistu-intiaanikirjan-arvontaan\/\" rel=\"nofollow noopener\" target=\"_blank\">Ei en\u00e4\u00e4 mit\u00e4\u00e4n<\/a> \/ 17.12. 2020 et\u00e4n\u00e4<\/p>\n<p><strong>120. Marjatta Sarpaneva<\/strong>: <a href=\"https:\/\/kirsinbookclub.com\/2020\/11\/marjatta-sarpaneva-timo-sarpaneva-taide-ja-elama\/\" target=\"_blank\" rel=\"noreferrer noopener nofollow\">Timo Sarpaneva: taide ja el\u00e4m\u00e4<\/a> \/ 18.11.2020 et\u00e4n\u00e4<\/p>\n<p><strong>119. Anna Soudakova<\/strong>: <a rel=\"noreferrer noopener nofollow\" href=\"https:\/\/kirsinbookclub.com\/2020\/10\/anna-soudakova-mita-mannyt-nakevat-stalinin-vainojen-pitka-varjo\/\" target=\"_blank\">Mit\u00e4 m\u00e4nnyt n\u00e4kev\u00e4t<\/a> \/ 14.10.2020 et\u00e4n\u00e4<\/p>\n<p><strong>118. Delia Owens:<\/strong><a href=\"https:\/\/kirsinbookclub.com\/2020\/09\/delia-owens-suon-villi-laulu-itkettavan-ihana-vai-hottoista-huttua\/\" target=\"_blank\" rel=\"noreferrer noopener nofollow\"> Suon villi laulu<\/a> \/ 17.9.2020 Nuottaniemi<\/p>\n<p><strong>117. Trevor Noah:<\/strong><a href=\"https:\/\/kirsinbookclub.com\/2020\/08\/trevor-noah-laiton-lapsi-valaiseva-maailmantahden-apartheid-tarina\/\" rel=\"nofollow noopener\" target=\"_blank\"> Laiton lapsi<\/a> \/ 13.8.2020 Marjaniemi<\/p>\n<p><img loading=\"lazy\" decoding=\"async\" width=\"589\" height=\"373\" src=\"https:\/\/www.europesays.com\/fi\/wp-content\/uploads\/2025\/09\/Lanny-kirjat-k\u00e4dess\u00e4.jpg\" alt=\"\" class=\"wp-image-19397\"  \/>Korona ei est\u00e4nyt meit\u00e4 pit\u00e4m\u00e4st\u00e4 lukupiiri\u00e4 eli kev\u00e4\u00e4ll\u00e4 2020 et\u00e4n\u00e4.<\/p>\n<p><strong>116. Mooses Mentula:<\/strong> <a href=\"https:\/\/kirsinbookclub.com\/2020\/06\/mooses-mentula-toiset-meista-psykoositarina-ehka\/\" rel=\"nofollow noopener\" target=\"_blank\">Toiset meist\u00e4<\/a> \/ 17.6.2020 et\u00e4n\u00e4<\/p>\n<p><strong>115. Max Porter:<\/strong> <a href=\"https:\/\/kirsinbookclub.com\/2020\/05\/max-porter-lanny-toden-ja-tarun-rajalla\/\" target=\"_blank\" rel=\"noreferrer noopener nofollow\">Lanny<\/a> \/ 18.5.2020 et\u00e4n\u00e4 <\/p>\n<p><strong>114. Elena Ferrante:<\/strong> <a href=\"https:\/\/kirsinbookclub.com\/2020\/04\/elena-ferrante-amalian-rakkaus-koronakevaan-lukupiirissa-keskusteltiin-etana\/\" target=\"_blank\" rel=\"noreferrer noopener nofollow\">Amalian rakkaus<\/a> \/ 23.4.2020 et\u00e4n\u00e4<\/p>\n<p><strong>113. Tomas Gads: <\/strong><a rel=\"noreferrer noopener nofollow\" href=\"https:\/\/kirsinbookclub.com\/2020\/03\/podcast-16-tomas-gadsin-uutuusdekkari-luopiot-jatkaa-ryhma-halme-sarjaa\/\" target=\"_blank\">Luopiot<\/a><strong> \/ <\/strong>12.3.2020 Kumpula<\/p>\n<p><strong>112. Olga Tokarczuk:<\/strong>  <a href=\"https:\/\/kirsinbookclub.com\/2020\/02\/olga-tokarczuk-alku-ja-muut-ajat-nobel-kirjailijan-maagisrealistinen-teos-keskustelutti-lukupiiria\/\" target=\"_blank\" rel=\"noreferrer noopener nofollow\">Alku ja muut ajat<\/a> \/ 10.2.2020 Pohjois-Tapiola<\/p>\n<p><strong>111. Kalle P\u00e4\u00e4talo 100 -ilta\u00a0<\/strong>\/ <a href=\"https:\/\/kirsinbookclub.com\/2020\/01\/lukupiiri-ilta-vei-kalle-paatalo-neitsyyden\/\" rel=\"nofollow noopener\" target=\"_blank\">Kalle P\u00e4\u00e4talo -kirjoja<\/a> \/ 14.1.2020 Otaniemi<\/p>\n<p><strong>Lukupiiriss\u00e4 luetut kirjat 201<\/strong>9<\/p>\n<p><strong>110. Monika Fagerholm:\u00a0<\/strong><a href=\"https:\/\/kirsinbookclub.com\/2019\/12\/monika-fagerholm-kuka-tappoi-bambin-vaikeneminen-rikkoo\/\" rel=\"nofollow noopener\" target=\"_blank\">Kuka tappoi bambin?<\/a> \/ 13.12.2019 Haukilahti<\/p>\n<p><strong>109. Cristina Sandu: <\/strong><a href=\"https:\/\/kirsinbookclub.com\/2019\/11\/cristina-sandu-vesileikit-pieni-kirja-suuri-keskustelu\/\" rel=\"nofollow noopener\" target=\"_blank\">Vesileikit<\/a> \/ 12.11.2019 Haukilahti<\/p>\n<p><strong>108. \u00c9douard Louis: <\/strong><a href=\"https:\/\/kirsinbookclub.com\/2019\/11\/edouard-louis-ei-enaa-eddy-keltaisen-kirjaston-500-teos\/\" rel=\"nofollow noopener\" target=\"_blank\">Ei en\u00e4\u00e4 Eddy<\/a> \/ 23.10.2019 Nuottaniemi<\/p>\n<p><strong>107. Nina Lykke:<\/strong> <a href=\"https:\/\/kirsinbookclub.com\/2019\/05\/nina-lykke-ei-ei-ja-viela-kerran-ei-kaikki-hyvin-vai-hyvin-huonosti\/\" rel=\"nofollow noopener\" target=\"_blank\">Ei, ei ja viel\u00e4 kerran ei<\/a> \/ 14.9.2019 Yp\u00e4j\u00e4<\/p>\n<p><strong>106. Johanna Venho: <\/strong><a href=\"https:\/\/kirsinbookclub.com\/2019\/05\/johanna-venho-ensimmainen-nainen-sylvi-kekkonen-heraa-henkiin-kuvitteellisessa-teoksessa\/\" rel=\"nofollow noopener\" target=\"_blank\">Ensimm\u00e4inen nainen<\/a> \/ 18.8.2019 Tamminiemi<\/p>\n<p><img loading=\"lazy\" decoding=\"async\" width=\"589\" height=\"393\" src=\"https:\/\/www.europesays.com\/fi\/wp-content\/uploads\/2025\/09\/DSC03463-copy-589x393.jpg\" alt=\"\" class=\"wp-image-15633\"  \/>Sofie Sarenbrant osallistui lukupiirimme kokoontumiseen kes\u00e4kuussa 2019.<\/p>\n<p><strong>105. Sofie Sarenbrant: <\/strong><a href=\"https:\/\/kirsinbookclub.com\/2019\/06\/sofie-sarenbrant-avoimet-ovet-ja-osasto-73-suositun-ruotsalaisen-dekkarisarjan-avaus\/\" rel=\"nofollow noopener\" target=\"_blank\">Avoimet ovet<\/a>\u00a0\/ 5.6.2019 Stockmannin yl\u00e4kerta<\/p>\n<p><strong>104. Kim Thuy<\/strong>: <a href=\"https:\/\/kirsinbookclub.com\/2019\/05\/kim-thuy-ru-lumoava-vietnamilainen-kehtolaulu\/\" rel=\"nofollow noopener\" target=\"_blank\">Ru<\/a>\u00a0\/ 13.5.2019 Etu-T\u00f6\u00f6l\u00f6<\/p>\n<p><strong>103. Niklas Natt och Dag:<\/strong> <a href=\"https:\/\/kirsinbookclub.com\/2019\/04\/niklas-natt-och-dag-1793-karmeaa-elamaa-tukholmassa-vuonna-1793\/\" rel=\"nofollow noopener\" target=\"_blank\">1793<\/a>\u00a0\/ 25.4.2019 Ullanlinna<\/p>\n<p><strong>102. Toni Morrison:<\/strong><a href=\"https:\/\/kirsinbookclub.com\/2019\/03\/toni-morrison-jazz-tarina-kuin-musiikkia\/\" rel=\"nofollow noopener\" target=\"_blank\"> Jazz<\/a>\u00a0\/ 19.3.2019 Marjaniemi<\/p>\n<p><strong>101. J. Pekka M\u00e4kel\u00e4: <\/strong><a href=\"https:\/\/kirsinbookclub.com\/2019\/03\/j-pekka-makela-hunan-lahetyskutsu-vei-kiinaan\/\" rel=\"nofollow noopener\" target=\"_blank\">Hunan<\/a>\u00a0\/ 26.2.2019 Kumpula<\/p>\n<p><strong>100. Mia Kankim\u00e4ki:\u00a0<\/strong><a href=\"https:\/\/kirsinbookclub.com\/2019\/02\/mia-kankimaki-naiset-joita-ajattelen-oisin-lukupiirin-100-kokoontuminen-kristiinankaupungissa\/\" rel=\"nofollow noopener\" target=\"_blank\">Naiset joita ajattelen \u00f6isin<\/a> \/ 25.-27.1.2019 Kristiinankaupunki<\/p>\n<p><b>Lukupiiriss\u00e4 luetut kirjat 2018<\/b><\/p>\n<p><img loading=\"lazy\" decoding=\"async\" width=\"589\" height=\"320\" src=\"https:\/\/www.europesays.com\/fi\/wp-content\/uploads\/2025\/09\/DSC02602-589x320.jpg\" alt=\"\" class=\"wp-image-13392\"  \/>Me olimme kaikki Minnoja kokoontuessamme lukupiirimme rouva C:n luona.<\/p>\n<p><strong>99. Hans Rosling: <\/strong><a href=\"https:\/\/kirsinbookclub.com\/kirjat\/hans-rosling-faktojen-maailma-kirja-joka-muuttaa-maailmankuvaasi\/\" rel=\"nofollow noopener\" target=\"_blank\">Faktojen maailma<\/a> \/\u00a018.12.2018 Keskustakirjasto Oodi<br \/><strong>98. Elizabeth Strout:\u00a0<\/strong><a href=\"https:\/\/kirsinbookclub.com\/kirjat\/elizabeth-strout-nimeni-on-lucy-barton-pieni-kirjahelmi-jossa-on-paljon-pohdittavaa\/\" rel=\"nofollow noopener\" target=\"_blank\">Nimeni on Lucy Barton<\/a> \/ 12.11.2018 Friisil\u00e4<br \/><strong>97. Kari Hotakainen: <\/strong><a href=\"https:\/\/kirsinbookclub.com\/kirjat\/kari-hotakainen-tuntematon-kimi-raikkonen-paalulta-podiumille\/\" rel=\"nofollow noopener\" target=\"_blank\">Tuntematon Kimi R\u00e4ikk\u00f6nen<\/a> \/ Helsingin Kirjamessujen lukupiiri<br \/><strong>96. Minna Rytisalo:\u00a0<\/strong><a href=\"https:\/\/kirsinbookclub.com\/kirjat\/minna-rytisalo-rouva-c-ei-nukkuvaa-puolikuollutta-elamaa\/\" rel=\"nofollow noopener\" target=\"_blank\">Rouva C.<\/a> \/ 10.10.2018 Tapiola<br \/><strong>95. Tommi Kinnunen:<\/strong> <a href=\"https:\/\/kirsinbookclub.com\/kirjat\/tommi-kinnunen-pintti-kolme-paivaa-lasitehtaan-varjossa\/\" rel=\"nofollow noopener\" target=\"_blank\">Pintti <\/a>\/ 11.9.2018 Pohjois-Tapiola<br \/><strong>94. Minna Ev\u00e4soja:<\/strong><a href=\"https:\/\/kirsinbookclub.com\/kirjat\/minna-evasoja-shoshin-aloittelijan-mieli-huikea-japanilainen-kohtaaminen\/\" rel=\"nofollow noopener\" target=\"_blank\"> Shoshin aloittelijan mieli<\/a> \/ 9.8.2018 Nuottaniemi<br \/><strong>93. Jhumpa Lahiri<\/strong>: <a href=\"https:\/\/kirsinbookclub.com\/kirjat\/jhumpa-lahiri-tulvaniitty-lahtea-jaada\/\" rel=\"nofollow noopener\" target=\"_blank\">Tulvaniitty<\/a> \/ 18.6.2018 Haukilahti<br \/><strong>92. Domenico Starnone<\/strong>: <a href=\"https:\/\/kirsinbookclub.com\/kirjat\/domenico-starnone-solmut-mahdollisesti-elena-ferranten-hylkaamisen-paivien-sisarteos\/\" rel=\"nofollow noopener\" target=\"_blank\">Solmut <\/a>\/ 22.5.2018 Haaga<br \/><strong>91.<\/strong> <strong>Olli Jalonen<\/strong>: <a href=\"https:\/\/kirsinbookclub.com\/kirjat\/olli-jalonen-taivaanpallo-nakemisesta-ja-tietamisesta\/\" rel=\"nofollow noopener\" target=\"_blank\">Taivaanpallo<\/a> \/ 18.4.2018 Kumpula<br \/><strong>90. Lucia Berlin<\/strong>: <a href=\"https:\/\/kirsinbookclub.com\/kirjat\/lucia-berlin-siivooja-kasikirja-mestarillista-novellikerrontaa\/\" rel=\"nofollow noopener\" target=\"_blank\">Siivoojan k\u00e4sikirja<\/a> \/ 22.3.2018 Friisil\u00e4<br \/><strong>89. Hanna-Reetta Schreck<\/strong>: <a href=\"https:\/\/kirsinbookclub.com\/kirjat\/hanna-reetta-schreck-mina-maalaan-kuin-jumala-ellen-thesleffin-elama-ja-taide\/\" rel=\"nofollow noopener\" target=\"_blank\">Min\u00e4 maalaan kuin jumala, Ellen Thesleffin el\u00e4m\u00e4 ja taide<\/a> \/ 1.3.2018 Haukilahti<br \/><strong>88. Kazuo Ishiguro: <\/strong><a href=\"https:\/\/kirsinbookclub.com\/kirjat\/kazuo-ishiguro-pitkan-paivan-ilta-nobel-kirjailijan-teos-aloitti-lukupiirin-kahdeksannen-vuoden\/\" rel=\"nofollow noopener\" target=\"_blank\">Pitk\u00e4n p\u00e4iv\u00e4n ilta<\/a> \/ 16.1.2018 Marjaniemi<\/p>\n<p><strong>Lukupiiriss\u00e4 luetut kirjat 2017<\/strong><\/p>\n<p><img loading=\"lazy\" decoding=\"async\" width=\"589\" height=\"416\" src=\"https:\/\/www.europesays.com\/fi\/wp-content\/uploads\/2025\/09\/DSC01028-589x416.jpg\" alt=\"\" class=\"wp-image-10486\"  \/>Kirsin Book Club l\u00e4hetti syd\u00e4mi\u00e4 Kjell West\u00f6lle.<\/p>\n<p><strong>87. Kjell West\u00f6: <\/strong><a href=\"https:\/\/kirsinbookclub.com\/kirjat\/kjell-westo-rikinkeltainen-taivas-nautittavaa-keski-ikaista-haikailua\/\" rel=\"nofollow noopener\" target=\"_blank\">Rikinkeltainen taivas<\/a> \/ 9.11.2017 Nuottaniemi<br \/><strong>86. Anna Mattsson<\/strong><strong>:<\/strong><a href=\"https:\/\/kirsinbookclub.com\/kirjat\/kirjamessujen-lukupiirissa-anne-mattsson-tellervo-koivisto-elamankerta\/\" rel=\"nofollow noopener\" target=\"_blank\"> Tellervo Koivisto<\/a> \/\u00a026.10.2017 Helsingin Kirjamessujen lukupiiri<br \/><strong>85. Selja Ahava<\/strong>: <a href=\"https:\/\/kirsinbookclub.com\/kirjat\/selja-ahava-ennen-kuin-mieheni-katoaa-muutoksesta-ja-murenemisesta\/\" rel=\"nofollow noopener\" target=\"_blank\">Ennen kuin mieheni katoaa<\/a>\u00a0\/ 9.10.2017 Oulunkyl\u00e4<br \/><strong>84. William Shakespeare<\/strong>: Richard III\u00a0\/ 19.9.2017 T\u00f6\u00f6l\u00f6<br \/><strong>83. Nathan Hill<\/strong>: <a href=\"https:\/\/kirsinbookclub.com\/kirjat\/nathan-hill-nix-nakki-vie-palan-sydamesta\/\" rel=\"nofollow noopener\" target=\"_blank\">Nix <\/a>\/ 7.8.2017 Gummerus<br \/><strong>82. Jojo Moyes<\/strong>: <a href=\"https:\/\/kirsinbookclub.com\/kirjat\/jojo-moyes\/\" rel=\"nofollow noopener\" target=\"_blank\">Parillisia ja parittomia <\/a>\/ 20.6.2017\u00a0Tapiola<br \/><strong>81. Anja Kauranen: <\/strong>Sonja O. k\u00e4vi t\u00e4\u00e4ll\u00e4 \/ 18.5.2017 Friisil\u00e4<br \/><strong>80. Tom Malmquist: <\/strong><a href=\"https:\/\/kirsinbookclub.com\/kirjat\/tom-malmquist-joka-hetki-olemme-yha-elossa\/\" rel=\"nofollow noopener\" target=\"_blank\">Joka hetki olemme yh\u00e4 elossa<\/a>\u00a0\/\u00a025.4.2017 T\u00f6\u00f6l\u00f6<strong><br \/>79. Riitta Jalonen: <\/strong><a href=\"https:\/\/kirsinbookclub.com\/kirjat\/riitta-jalonen-kirkkaus-loistaa-ja-valaisee-kaikkein-kirkkaimmin\/\" rel=\"nofollow noopener\" target=\"_blank\">Kirkkaus\u00a0<\/a>\/22.3.2017 Kumpula<br \/><strong>78. Katarina Baer: <\/strong><a href=\"https:\/\/kirsinbookclub.com\/kirjat\/katarina-baer-he-olivat-natseja\/\" rel=\"nofollow noopener\" target=\"_blank\">He olivat natseja <\/a>\/13.2.2017 Ullanlinna<br \/><strong>77. Maylis de Kerangal:\u00a0<\/strong><a href=\"https:\/\/kirsinbookclub.com\/kirjat\/maylis-de-kerangal-haudataan-kuolleet-paikkaillaan-elavat\/\" rel=\"nofollow noopener\" target=\"_blank\">Haudataan\u00a0kuolleet, paikkaillaan el\u00e4m\u00e4t<\/a>\u00a0\/16.1.2017 Plootu &amp; Nide<\/p>\n<p><img loading=\"lazy\" decoding=\"async\" width=\"589\" height=\"331\" src=\"https:\/\/www.europesays.com\/fi\/wp-content\/uploads\/2025\/09\/DSC08749-1-589x331.jpg\" alt=\"\" class=\"wp-image-7694\"  \/>Kirsin Book Club kokoontui Nide-kirjakaupassa Fredrikinkadulla Helsingiss\u00e4.<\/p>\n<p><strong>Lukupiiriss\u00e4\u00a0luetut kirjat 2016<\/strong><\/p>\n<p><strong>76. Astrid Lindgren: <\/strong><a href=\"https:\/\/kirsinbookclub.com\/kirjat\/astrid-lindgren-sotapaivakirjat-1939-1945-joulukuun-lukupiirikirja\/\" rel=\"nofollow noopener\" target=\"_blank\">Sotap\u00e4iv\u00e4kirjat 1939<strong>\u2013<\/strong>1945<\/a> \/11.12.2016 Haukilahti<br \/><strong>75. Andre Agassi: <\/strong>Andre Agassi \/marraskuu Nuottaniemi<br \/><strong>74. Mark Levengood: <\/strong><a href=\"https:\/\/kirsinbookclub.com\/kirjat\/mark-levengood-vasten-auringon-siltaa\/\" rel=\"nofollow noopener\" target=\"_blank\">Vasten auringon siltaa<\/a><strong>\u00a0<\/strong>(Solblekt av livet)<strong>\u00a0\/ <\/strong>Helsingin Kirjamessujen lukupiirilavalla su 30.10. 2016<br \/><strong>73. Eppu Nuotio &amp; Pirkko Soininen: <\/strong><a href=\"https:\/\/kirsinbookclub.com\/kirjat\/eppu-nuotio-pirkko-soininen-nainen-parvekkeella-taidemysteeri-pariisissa\/\" rel=\"nofollow noopener\" target=\"_blank\">Nainen parvekkeella<\/a>\u00a0\/ Helsingin Kirjamessujen lukupiirilavalla la 29.10. klo 10:15-11:45\u00a0<br \/><strong>72. Juha Itkonen: <\/strong><a href=\"https:\/\/kirsinbookclub.com\/kirjat\/juha-itkonen-palatkaa-perhoset\/\" rel=\"nofollow noopener\" target=\"_blank\">Palatkaa perhoset <\/a>\/ Turun Kirjamessujen lukupiirilavalla la 1.10.2016<br \/><strong>71. Antti Ritvanen: <\/strong><a href=\"https:\/\/kirsinbookclub.com\/kirjat\/antti-ritvanen-miten-muistat-minut\/\" rel=\"nofollow noopener\" target=\"_blank\">Miten muistat minut <\/a>\/\u00a015.9.2016 Oulunkyl\u00e4<br \/><strong>70. Helen Macdonald: <\/strong><a href=\"https:\/\/kirsinbookclub.com\/kirjat\/helen-macdonald-h-niin-kuin-haukka-vai-niin-kuin-helen\/\" rel=\"nofollow noopener\" target=\"_blank\">H niin kuin haukka<\/a>\u00a0(H is for Hawk)\u00a0\/ 17.8.2016 Marjaniemi<br \/><strong>69. Minna Rytisalo:\u00a0<\/strong><a href=\"https:\/\/kirsinbookclub.com\/kirjat\/minna-rytisalo-lempi-kaunis-ja-karu-esikoinen\/\" rel=\"nofollow noopener\" target=\"_blank\">Lempi<\/a>\u00a0\/25.7.2016 avoin lukupiiri Kirsin Book Clubin facebook-sivulla<br \/><strong>68. Jan-Philipp<\/strong> <strong>Sendker<\/strong>: <a href=\"https:\/\/kirsinbookclub.com\/kirjat\/jan-philipp-sendker-sydamenlyonneissa-ikuisuus-lukupiiri-matkasi-burmaan\/\" rel=\"nofollow noopener\" target=\"_blank\">Syd\u00e4menly\u00f6nneiss\u00e4 ikuisuus\u00a0 <\/a>(Das Herzenh\u00f6ren) \/\u00a021.6.2016 Kumpula<br \/><strong>67. Karin Erlandsson<\/strong>: <a href=\"https:\/\/kirsinbookclub.com\/kirjat\/karin-erlandsson-kuolonkielot-juhannusyon-mysteeri\/\" rel=\"nofollow noopener\" target=\"_blank\">Kuolonkielot<\/a> (Missd\u00e5d) \/ 14.6.2016 S&amp;S:n Facebook-lukupiiriss\u00e4<br \/><strong>66. Jonas Hassen Khemiri: <\/strong><a href=\"https:\/\/kirsinbookclub.com\/kirjat\/jonas-hassen-khemiri-kaikki-se-mita-en-muista-lukupiirikirjana\/\" rel=\"nofollow noopener\" target=\"_blank\">Kaikki se mit\u00e4 en muista <\/a>(Allt jag inte minns)\u00a0\/ 19.5.2016 Haukilahti<br \/><strong>65. Gabriel Garc\u00eda M\u00e1rquez<\/strong>: <a href=\"https:\/\/kirsinbookclub.com\/kirjat\/gabriel-garcia-marquez-sadan-vuoden-yksinaisyys-maaginen-klassikko\/\" rel=\"nofollow noopener\" target=\"_blank\">Sadan vuoden yksin\u00e4isyys <\/a>(Cien a\u00f1os de soledad) \/ 11.4.2016 Haaga<br \/><strong>64. <a href=\"https:\/\/kirsinbookclub.com\/kirjat\/emmi-itaranta-teemestarin-kirja-kaunis-ja-soljuva\/\" rel=\"nofollow noopener\" target=\"_blank\">Emmi It\u00e4ranta<\/a><\/strong>: <a href=\"https:\/\/kirsinbookclub.com\/kirjat\/emmi-itaranta-kudottujen-kujien-kaupunki-kirja-jakoi-lukupiirin\/\" rel=\"nofollow noopener\" target=\"_blank\">Kudottujen kujien kaupunki<\/a> \/ 21.3.2016 Akateeminen Kirjakauppa<br \/><strong>63. <a href=\"https:\/\/kirsinbookclub.com\/2015\/11\/finlandia-palkintojenjaossa-humua-ja-rankkoja-aiheita\/\" rel=\"nofollow noopener\" target=\"_blank\">Laura Lindstedt<\/a><\/strong>: <a href=\"https:\/\/kirsinbookclub.com\/kirjat\/laura-lindstedt-oneiron-fantasia-kuolemanjalkeisista-sekunneista\/\" target=\"_blank\" rel=\"noopener noreferrer nofollow\">Oneiron<\/a>\u00a0+ <a href=\"https:\/\/kirsinbookclub.com\/2016\/02\/oneiron-synnytti-oivallisen-lukupiirikeskustelun\/\" rel=\"nofollow noopener\" target=\"_blank\">lukupiirikeskustelu<\/a>\u00a0\/ 16.2.2016 T\u00f6\u00f6l\u00f6<br \/><strong>62. Susan Abulhawa<\/strong>: <a href=\"https:\/\/kirsinbookclub.com\/kirjat\/susan-abulhawa-sininen-valissa-taivaan-ja-veden-teos-vie-gazaan\/\" target=\"_blank\" rel=\"noopener noreferrer nofollow\">Sininen v\u00e4liss\u00e4 taivaan ja maan<\/a> (The Blue Between Sky and Water) \/ 13.1.2016 Friisil\u00e4<\/p>\n<p><strong>Lukupiiriss\u00e4 luetut kirjat 2015<\/strong><\/p>\n<p><img loading=\"lazy\" decoding=\"async\" width=\"589\" height=\"372\" src=\"https:\/\/www.europesays.com\/fi\/wp-content\/uploads\/2025\/09\/DSC05328-589x372.jpg\" alt=\"\" class=\"wp-image-4400\"  \/>Kirsin Book Clubin 5-vuotissyntt\u00e4rit Teoksella ja lukupiirin kirjana Raija Orasen Aurora.<\/p>\n<p><strong>61. Raija Oranen<\/strong>: <a href=\"https:\/\/kirsinbookclub.com\/kirjat\/raija-oranen-aurora-historiallinen-romaani-jakoi-lukupiirin-mielipiteet\/\" target=\"_blank\" rel=\"noopener noreferrer nofollow\">Aurora<\/a>\u00a0\/ 14.12.2015 Teos, Kasarmikatu<br \/><strong>60. <a href=\"https:\/\/kirsinbookclub.com\/2015\/10\/loppuhuipennus-turun-kirjamessut-su\/\" rel=\"nofollow noopener\" target=\"_blank\">Lena Andersson<\/a><\/strong>: <a href=\"https:\/\/kirsinbookclub.com\/kirjat\/lena-andersson-vailla-henkilokohtaista-vastuuta-pakollista-luettavaa-suhdekiemuroihin\/\" target=\"_blank\" rel=\"noopener noreferrer nofollow\">Vailla henkil\u00f6kohtaista vastuuta <\/a>(Utan personligt ansvar) \/ 19.11.2015 Ullanlinna<br \/><strong>59. Katariina Souri<\/strong>: <a href=\"https:\/\/kirsinbookclub.com\/2015\/10\/kirjamessujen-lukupiirissa-katariina-sourin-valkoinen-varjo\/\" target=\"_blank\" rel=\"noopener noreferrer nofollow\">Valkoinen varjo<\/a>\u00a0\/ 22.10.2015 Helsingin Kirjamessut, lukupiirilava<br \/><strong>58. Pasi Pekkola<\/strong>: <a href=\"https:\/\/kirsinbookclub.com\/kirjat\/pasi-pekkola-lohikaarmeen-varit-kiinalaisen-naisen-aani\/\" target=\"_blank\" rel=\"noopener noreferrer nofollow\">Lohik\u00e4\u00e4rmeen v\u00e4rit<\/a>\u00a0\/ 19.9.2015 Str\u00f6ms\u00f6<br \/><strong>57. Anthony Doerr<\/strong>: <a href=\"https:\/\/kirsinbookclub.com\/kirjat\/anthony-doerr-kaikki-se-valo-jota-emme-nae\/\" target=\"_blank\" rel=\"noopener noreferrer nofollow\">Kaikki se valo jota emme n\u00e4e <\/a>(All the Light We Cannot See) \/18.8.2015 Haukilahti<br \/><strong>56. Anja Snellman<\/strong>: <a href=\"https:\/\/kirsinbookclub.com\/kirjat\/anja-snellman-runoksia-runoja-rikoksista\/\" target=\"_blank\" rel=\"noopener noreferrer nofollow\">Runoksia<\/a>\u00a0\/ 15.6.2015\u00a0Tapiola<br \/><strong>55. George Orwell<\/strong>: <a href=\"https:\/\/kirsinbookclub.com\/kirjat\/george-orwell-vuonna-1984-puhuttaa-myos-vuonna-2015\/\" target=\"_blank\" rel=\"noopener noreferrer nofollow\">Vuonna 1984<\/a> (Nineteen Eighty-Four) \/ 11.5.2015 Friisil\u00e4<br \/><strong>54. Alice Munro<\/strong>: <a href=\"https:\/\/kirsinbookclub.com\/kirjat\/alice-munro-hyvan-naisen-rakkaus\/\" target=\"_blank\" rel=\"noopener noreferrer nofollow\">Hyv\u00e4n naisen rakkaus<\/a> (The Love of a Good Woman) \/ 13.4.2015 Kumpula<br \/><strong>53. Leo Tolstoi<\/strong>: <a href=\"https:\/\/kirsinbookclub.com\/kirjat\/leo-tolstoi-anna-karenina-suuri-rakkaus-suuri-kertomus\/\" target=\"_blank\" rel=\"noopener noreferrer nofollow\">Anna Karenina<\/a> (Anna Karenina) \/ 11.5.2015\u00a0Nuottaniemi<br \/><strong>52. <a href=\"https:\/\/kirsinbookclub.com\/kirjat\/hilary-mantel-vain-varjo-haalyvainen-kirjailijan-talot-ja-kummitukset\/\" target=\"_blank\" rel=\"noopener noreferrer nofollow\">Hilary Mantel<\/a><\/strong>: <a href=\"https:\/\/kirsinbookclub.com\/kirjat\/hilary-mantelin-palkittu-susipalatsi\/\" target=\"_blank\" rel=\"noopener noreferrer nofollow\">Susipalatsi<\/a> (Wolf Hall) \/ 9.2.2015 Porvoo<br \/><strong>51. <\/strong><a href=\"https:\/\/kirsinbookclub.com\/2015\/01\/ystavamme-cristina-de-stefano-oriana-fallacin-elamankerturi\/\" target=\"_blank\" rel=\"noopener noreferrer nofollow\"><strong>Cristina de Stefano<\/strong><\/a>: <a href=\"https:\/\/kirsinbookclub.com\/kirjat\/cristina-de-stefano-oriana-fallaci-nainen-ristitulessa\/\" target=\"_blank\" rel=\"noopener noreferrer nofollow\">Oriana Fallaci, nainen ristitulessa<\/a> (Oriana \u2013 Una donna) \/ 13.1.2015 Lahti<br \/><strong>50. Maarit Tyrkk\u00f6<\/strong>: <a href=\"https:\/\/kirsinbookclub.com\/kirjat\/maarit-tyrkko-tytto-ja-nauhuri\/\" target=\"_blank\" rel=\"noopener noreferrer nofollow\">Tytt\u00f6 ja nauhuri<\/a>\u00a0\/ 13.1.2015 Lahti<\/p>\n<p><strong>Lukupiiriss\u00e4 luetut kirjat 2014<\/strong><\/p>\n<p><strong>49. Tuula Karjalainen<\/strong>: Tove Jansson \u2013 tee ty\u00f6t\u00e4 ja rakasta \/ 13.12.2014 Haukilahti<br \/><strong>48. Donna Tartt<\/strong>: <a href=\"https:\/\/kirsinbookclub.com\/kirjat\/donna-tartt-tikli\/\" target=\"_blank\" rel=\"noopener noreferrer nofollow\">Tikli <\/a>(The Goldfinch) \/ 20.11.2014 T\u00f6\u00f6l\u00f6<br \/><strong>47. Virpi H\u00e4meen-Anttila<\/strong>: <a href=\"https:\/\/kirsinbookclub.com\/kirjat\/minun-intiani-on-monta\/\" target=\"_blank\" rel=\"noopener noreferrer nofollow\">Minun Intiani<\/a>\u00a0\/ 24.10.2014 Helsingin Kirjamessut, lukupiirilava<br \/><a href=\"https:\/\/kirsinbookclub.com\/2014\/10\/pajtim-kaarme-ja-kissa\/\" target=\"_blank\" rel=\"noopener noreferrer nofollow\"><strong>46. Pajtim Statovci<\/strong><\/a>: <a href=\"https:\/\/kirsinbookclub.com\/kirjat\/kiehtova-kissa-ei-kehraa\/\" target=\"_blank\" rel=\"noopener noreferrer nofollow\">Kissani Jugoslavia<\/a>\u00a0\/ 22.9.2014 Haukilahti<\/p>\n<p><img loading=\"lazy\" decoding=\"async\" width=\"589\" height=\"583\" src=\"https:\/\/www.europesays.com\/fi\/wp-content\/uploads\/2025\/09\/DSC08583-e1439048863415.jpg\" alt=\"\" class=\"wp-image-230\"\/>Kirsin Book Club maaseuturetkell\u00e4. Kirjasta keskusteltiin nelj\u00e4tt\u00e4 tuntia.<\/p>\n<p><strong>45. Edmund de Waal<\/strong>:<a href=\"https:\/\/kirsinbookclub.com\/kirjat\/vain-netsuket-saastyivat\/\" target=\"_blank\" rel=\"noopener noreferrer nofollow\"> J\u00e4nis jolla on meripihkan v\u00e4riset silm\u00e4t<\/a> (The Hare with Amber Eyes) \/ 23.8.2014 Yp\u00e4j\u00e4<br \/><strong>44. Mia Kankim\u00e4ki<\/strong>: <a href=\"https:\/\/kirsinbookclub.com\/kirjat\/asioita-jotka-saavat-sydamen-lyomaan-nopeammin\/\" target=\"_blank\" rel=\"noopener noreferrer nofollow\">Asioita jotka saavat syd\u00e4men ly\u00f6m\u00e4\u00e4n nopeammin<\/a>\u00a0\/\u00a017.6.2014 Kumpula<br \/><strong>43. J. D. Salinger<\/strong>: Sieppari ruispellossa (The Catcher in the Rye) \/ 26.5.2014 Friisil\u00e4<br \/><strong>42. Riikka Pelo<\/strong>: <a href=\"https:\/\/kirsinbookclub.com\/kirjat\/jokapaivainen-elamamme\/\" target=\"_blank\" rel=\"noopener noreferrer nofollow\">Jokap\u00e4iv\u00e4inen el\u00e4m\u00e4mme<\/a>\u00a0\/ 13.5.2014 Tara Jarmon, Mikonkatu<br \/><strong>41. Philip Teir:<\/strong> <a href=\"https:\/\/kirsinbookclub.com\/kirjat\/philip-teirin-talvisota-tai-vinterkriget\/\" target=\"_blank\" rel=\"noopener noreferrer nofollow\">Talvisota \u2013 avioliittoromaani <\/a>(Vinterkriget \u2013 en \u00e4ktenskapsroman) \/\u00a022.4.2014 Otava, Uudenmaankatu<br \/><strong>40. Chimamanda Ngozi Adichie<\/strong>:<a href=\"https:\/\/kirsinbookclub.com\/kirjat\/purppuranpunainen-hibiskus\/\" target=\"_blank\" rel=\"noopener noreferrer nofollow\"> Purppuranpunainen hibiskus <\/a>(Purple Hibiscus) \/ 6.3.2014 Tapiola<br \/><strong>39. Hugh Howey<\/strong>: <a href=\"https:\/\/kirsinbookclub.com\/kirjat\/siilo\/\" target=\"_blank\" rel=\"noopener noreferrer nofollow\">Siilo <\/a>(Wool) \/\u00a05.2.2014\u00a0Punavuori<br \/><strong>38. <a href=\"https:\/\/kirsinbookclub.com\/kirjat\/jari-tervon-paluu-nuoruuden-rovaniemelle\/\" rel=\"nofollow noopener\" target=\"_blank\">Jari Tervo<\/a><\/strong>: Esikoinen \/ 6.1.2014 Tapiola<\/p>\n<p><strong>Lukupiiriss\u00e4 luetut kirjat 2013<\/strong><\/p>\n<p><a href=\"https:\/\/kirsinbookclub.com\/2015\/10\/dekkareita-ja-ihmisia-turun-kirjamessut-la\/\" target=\"_blank\" rel=\"noopener noreferrer nofollow\"><strong>37. David Lagercrantz<\/strong><\/a>: Min\u00e4, Zlatan Ibrahimovi\u0107\u00a0(Jag \u00e4r Zlatan Ibrahimovi\u0107) \/ 13.12.2013 Haukilahti<br \/><strong>36. Kati Hiekkapelto<\/strong>: <a href=\"https:\/\/kirsinbookclub.com\/kirjat\/pimeaan-kauteen-kati-hiekkapellon-kolibri\/\" target=\"_blank\" rel=\"noopener noreferrer nofollow\">Kolibri<\/a>\u00a0\/ 6.11.2013 Kauniainen<br \/><strong>35. <a href=\"https:\/\/kirsinbookclub.com\/kirjat\/kari-hotakainen-henkireika-pieni-ja-painava\/\" rel=\"nofollow noopener\" target=\"_blank\">Kari Hotakainen<\/a><\/strong>: <a href=\"https:\/\/kirsinbookclub.com\/2016\/03\/viela-ehdit-hotakaisen-luonnon-laki-helsingin-kaupunginteatterissa\/\" rel=\"nofollow noopener\" target=\"_blank\">Luonnon laki<\/a>\u00a0\/ 27.10.2013\u00a0Helsingin Kirjamessut, lukupiirilava<br \/><strong>34. <a href=\"https:\/\/kirsinbookclub.com\/kirjat\/katherine-pancolin-mimmit-vaatii-jatkoa\/\" rel=\"nofollow noopener\" target=\"_blank\">Catherine Pancol<\/a><\/strong>: Central Parkin oravat ovat surullisia maanantaisin (Les \u00c9cureuils de Central Park sont tristes le lundi) \/\u00a026.10.2013 Helsingin Kirjamessut, lukupiirilava<br \/><strong>33. <a href=\"https:\/\/kirsinbookclub.com\/kirjat\/murakamin-varittoman-miehen-vaellusvuodet-vie-lukijan-myos-suomeen\/\" target=\"_blank\" rel=\"noopener noreferrer nofollow\">Haruki Murakami<\/a><\/strong>: Kafka rannalla (Kafka on the Shore) \/ 23.9.2013 Porvoo<\/p>\n<p><img loading=\"lazy\" decoding=\"async\" width=\"589\" height=\"440\" class=\"wp-image-3888\" src=\"https:\/\/www.europesays.com\/fi\/wp-content\/uploads\/2025\/09\/478331_10151816408468838_1124583075_o-e1448732315918.jpg\" alt=\"John Irvingin Min\u00e4 olen monta -teoksesta keskusteltiin Piian kotona Nuottaniemess\u00e4.\"\/><\/p>\n<p>\u00a0<\/p>\n<p><strong>32. John Irving<\/strong>: Min\u00e4 olen monta (In One Person) \/ 20.8.2013 Nuottaniemi<br \/><strong>31. Esko Valtaoja<\/strong>: Kaiken k\u00e4sikirja\u00a0\/\u00a010.6.2013 Haaga<br \/><strong>30. Jeffrey Eugenides<\/strong>: Naimapuuhia (The Marriage Plot) \/ 13.5.2013 Kumpula<br \/><strong>29. Jennifer Worth<\/strong>: Hakekaa k\u00e4til\u00f6 (Call the Midwife) \/\u00a011.4.2013 Tapiola<br \/><strong>28. Henning Mankel: <\/strong>Likainen enkeli (Minnet av en smutsig \u00e4ngel) \/ 12.3.2013 Lahti<br \/><strong>27. <a href=\"https:\/\/kirsinbookclub.com\/kirjat\/sofi-oksanen-norma-loistavasti-markkinoitu\/\" rel=\"nofollow noopener\" target=\"_blank\">Sofi Oksanen<\/a><\/strong>: Kun kyyhkyset katosivat \/\u00a010.2.2013 Tallinna<br \/><strong>26. <a href=\"https:\/\/kirsinbookclub.com\/kirjat\/riikka-ala-harja-kevyt-liha-painavaa-kantaa\/\" target=\"_blank\" rel=\"noopener noreferrer nofollow\">Riikka Ala\u2010Harja<\/a><\/strong>: <a href=\"https:\/\/kirsinbookclub.com\/kirjat\/riikka-ala-harja-maihinnousu\/\" rel=\"nofollow noopener\" target=\"_blank\">Maihinnousu<\/a> \/ 14.1.2013 Tapiolan kirjasto<\/p>\n<p><strong>Lukupiiriss\u00e4 luetut kirjat 2012<\/strong><\/p>\n<p><strong>25. J.K. Rowling<\/strong>: Paikka vapaana (Casual Vacancy) \/\u00a013.12.2012 Haukilahti<br \/><strong>24. J\u00f6rn Donner<\/strong>: Is\u00e4 ja poika (Far och son) \/\u00a013.11.2012 T\u00f6\u00f6l\u00f6<br \/><strong>23. Joanne Harris<\/strong>: Sinisilm\u00e4 (blueeydboy) \/\u00a010.10.2012 Otaniemi<br \/><strong>22. <a href=\"https:\/\/kirsinbookclub.com\/kirjat\/raija-oranen-aurora-historiallinen-romaani-jakoi-lukupiirin-mielipiteet\/\" rel=\"nofollow noopener\" target=\"_blank\">Raija Oranen<\/a><\/strong>: Nimelt\u00e4\u00e4n Kekkonen \/ syyskuu 2012 Friisil\u00e4<br \/><strong>21. Diane Keaton<\/strong>: Nyt ja aina (Now and Then) \/\u00a020.8.2012 Lahti<br \/><strong>20. Peter Franz\u00e9n:<\/strong> Tumman veden p\u00e4\u00e4ll\u00e4\u00a0\/ kes\u00e4kuu 2012 T\u00f6\u00f6l\u00f6<br \/><strong>19. Amy Chua<\/strong>: Tiikeri\u00e4idin taistelulaulu (The Battle Hymn of the Tiger Mother) \/ toukokuussa 2012 Nuottaniemi<br \/><strong>18. Barbara Demick<\/strong>: Suljettu maa, el\u00e4m\u00e4\u00e4 Pohjois\u2010Koreassa (Nothing to Envy) \/ 19.4.2012 Porvoo<br \/><strong>17. Maria Rocher<\/strong>: Enchante, hauska rakastua \/ Tara Jarmon -boutique, Helsinki<br \/><strong>16. Sujata Massey<\/strong>: Rei Shimura ja ikebanamestari (The Flower Master) \/\u00a013.3.2012 Friisil\u00e4<br \/><strong>15. <a href=\"https:\/\/kirsinbookclub.com\/kirjat\/jane-austin-ylpeys-ja-ennakkoluulo-ihana-klassikko\/\" rel=\"nofollow noopener\" target=\"_blank\">Jane Austen<\/a><\/strong>: Kasvattityt\u00f6n tarina (Mansfield Park)\u00a0\/ 15.2.2012 Lahti<br \/><strong>14. <a href=\"https:\/\/kirsinbookclub.com\/2015\/08\/katja-ketun-yoperhosen-julkistusjuhlassa\/\" rel=\"nofollow noopener\" target=\"_blank\">Katja Kettu<\/a><\/strong>: K\u00e4til\u00f6 \/ 16.1.2012 Haaga<br \/><strong>13.<\/strong> <a href=\"https:\/\/kirsinbookclub.com\/kirjat\/kari-hotakainen-henkireika-pieni-ja-painava\/\" target=\"_blank\" rel=\"noopener noreferrer nofollow\"><strong>Kari Hotalainen<\/strong><\/a>: Jumalan sana \/ 16.1.2012 Haaga<\/p>\n<p><img loading=\"lazy\" decoding=\"async\" width=\"589\" height=\"393\" class=\"wp-image-108\" src=\"https:\/\/www.europesays.com\/fi\/wp-content\/uploads\/2025\/09\/322358_10150481242033838_837356615_o-e1418459196682.jpg\" alt=\"Kirsin Book Club on perustettu Lucian p\u00e4iv\u00e4n\u00e4 2010. T\u00e4ss\u00e4 1-vuotisjuhlillla.\"\/><\/p>\n<p>\u00a0<\/p>\n<p><strong>Lukupiiriss\u00e4 luetut kirjat 2011<\/strong><\/p>\n<p><strong>12. Jonas Jonasson<\/strong>: Satavuotias joka karkasi ikkunasta ja katosi (Hundra\u00e5ringen som klev ut genom f\u00f6nstret och f\u00f6rsvann) \/ 13.12.2011 Haukilahdessa<br \/><strong>11. Jouko Heikura<\/strong>: Mustien vuorten varjossa\u00a0\/ marraskuussa 20111 Haukilahti<br \/><strong>10. Katherine Pancol<\/strong>: Krokotiilin keltaiset kyyneleet (Les yeux jaunes des crocodiles) \/ lokakuussa 2011 Otaniemi<br \/><strong>9. Bengt Jangfeldt<\/strong>: Axel Munthe \u2010 tie Caprin huvilalle (En osalig ande) \/ syyskuussa 2011 Niittykumpu<br \/><strong>8. Axel Munthe<\/strong>: Huvila meren rannalla (The Story of San Michele) \/ syyskuussa 2011 Niittykumpu<br \/><strong>7. Ian McEwan<\/strong>:<a href=\"https:\/\/kirsinbookclub.com\/2018\/09\/rannalla-ian-mcewanin-vahva-kirja-elokuvana\/\" rel=\"nofollow noopener\" target=\"_blank\"> Rannalla<\/a> (On Chesil Beach) \/ elokuu 2011 N\u00f6ykki\u00f6<br \/><strong>6. Riikka Pulkkinen<\/strong>: Totta \/ kes\u00e4kuu 2011 Tapiola<br \/><strong>5. Siri Hustvedt: <\/strong>Kaikki mit\u00e4 rakastin (What I Loved) \/ toukokuu 2011 Kumpula<br \/><strong>4. Mario Vargas Llosa: <\/strong>Tuhma tytt\u00f6 (Travesuras de la ni\u00f1a mala) \/ huhtikuu 2011 Haukilahti<br \/><strong>3. Aleksandra Salmela: <\/strong>27 eli kuolema tekee taiteilijan \/\u00a0maaliskuu 2011 Nuottaniemi<br \/><strong>2. Mikko Rimminen: <\/strong>Nen\u00e4p\u00e4iv\u00e4 \/ helmikuu 2011 Friisil\u00e4<br \/><strong>1. Markus Zusak<\/strong>: Kirjavaras (The Book Thief) \/ 13.1.2011 Haukilahti<\/p>\n<p>\n\tAiheeseen liittyy<\/p>\n","protected":false},"excerpt":{"rendered":"Kirsi Ranin on perustanut Kirsin Book Clubin 2010. Lue koko Kirsin Book Clubin tarina Kirsin kirjoittamasta Lukupiiri \u2013&hellip;\n","protected":false},"author":2,"featured_media":25079,"comment_status":"","ping_status":"","sticky":false,"template":"","format":"standard","meta":{"footnotes":""},"categories":[134],"tags":[377,137,33,31,30,378,32,109],"class_list":{"0":"post-25078","1":"post","2":"type-post","3":"status-publish","4":"format-standard","5":"has-post-thumbnail","7":"category-kirjat","8":"tag-books","9":"tag-entertainment","10":"tag-fi","11":"tag-finland","12":"tag-finnish","13":"tag-kirjat","14":"tag-suomi","15":"tag-viihde"},"share_on_mastodon":{"url":"","error":""},"_links":{"self":[{"href":"https:\/\/www.europesays.com\/fi\/wp-json\/wp\/v2\/posts\/25078","targetHints":{"allow":["GET"]}}],"collection":[{"href":"https:\/\/www.europesays.com\/fi\/wp-json\/wp\/v2\/posts"}],"about":[{"href":"https:\/\/www.europesays.com\/fi\/wp-json\/wp\/v2\/types\/post"}],"author":[{"embeddable":true,"href":"https:\/\/www.europesays.com\/fi\/wp-json\/wp\/v2\/users\/2"}],"replies":[{"embeddable":true,"href":"https:\/\/www.europesays.com\/fi\/wp-json\/wp\/v2\/comments?post=25078"}],"version-history":[{"count":0,"href":"https:\/\/www.europesays.com\/fi\/wp-json\/wp\/v2\/posts\/25078\/revisions"}],"wp:featuredmedia":[{"embeddable":true,"href":"https:\/\/www.europesays.com\/fi\/wp-json\/wp\/v2\/media\/25079"}],"wp:attachment":[{"href":"https:\/\/www.europesays.com\/fi\/wp-json\/wp\/v2\/media?parent=25078"}],"wp:term":[{"taxonomy":"category","embeddable":true,"href":"https:\/\/www.europesays.com\/fi\/wp-json\/wp\/v2\/categories?post=25078"},{"taxonomy":"post_tag","embeddable":true,"href":"https:\/\/www.europesays.com\/fi\/wp-json\/wp\/v2\/tags?post=25078"}],"curies":[{"name":"wp","href":"https:\/\/api.w.org\/{rel}","templated":true}]}}