{"id":2508,"date":"2025-08-12T02:20:46","date_gmt":"2025-08-12T02:20:46","guid":{"rendered":"https:\/\/www.europesays.com\/fi\/2508\/"},"modified":"2025-08-12T02:20:46","modified_gmt":"2025-08-12T02:20:46","slug":"yle-ar-herattaa-joulukalenterin-kuvat-eloon-ylen-nakokulmat-yle-fi","status":"publish","type":"post","link":"https:\/\/www.europesays.com\/fi\/2508\/","title":{"rendered":"Yle AR her\u00e4tt\u00e4\u00e4 joulukalenterin kuvat eloon \u2013 Ylen n\u00e4k\u00f6kulmat \u2013 yle.fi"},"content":{"rendered":"<p>Lis\u00e4tty todellisuus (Augmented reality, AR) ja virtuaalitodellisuus (Virtual Reality, VR) ovat t\u00e4m\u00e4n hetken kuumia ja kiinnostavia aiheita sek\u00e4 yleisess\u00e4 keskustelussa ett\u00e4 my\u00f6s media-alalla. <\/p>\n<p>Virtuaalitodellisuudessa k\u00e4ytt\u00e4j\u00e4 uppoutuu kokonaan digitaaliseen ymp\u00e4rist\u00f6\u00f6n, kun taas lis\u00e4tyn todellisuuden avulla tuodaan digitaalisia elementtej\u00e4 arkimaailmaan. <\/p>\n<p>Koko VR\/AR-alasta on povattu mm. investointipankki Goldman-Sachsin mukaan 80 miljardin dollarin liiketoimintaa vuoteen 2025 menness\u00e4. T\u00e4ll\u00e4 hetkell\u00e4 ala ja sen hy\u00f6dynt\u00e4mismahdollisuudet ovat kuitenkin vasta idullaan ja suhteellisen pienen etujoukon temmellyskentt\u00e4\u00e4.<\/p>\n<p>Paljon muutakin kuin Pokemoneja <\/p>\n<p>Vaikka yleisess\u00e4 keskustelussa VR- ja AR-mielleyhtym\u00e4t viev\u00e4t kohti pelialaa vaikkapa Pokemon GO:n esimerkin siivitt\u00e4m\u00e4n\u00e4, on hy\u00f6dynt\u00e4misen mahdollisuudet paljon t\u00e4t\u00e4 laajemmat. <\/p>\n<p>Kiinnostavia sovellusalueita ovat mm. rakennus- ja kiinteist\u00f6ala, sosiaali- ja terveyssektori, matkailu sek\u00e4 oppiminen. Lis\u00e4tty todellisuus on todenn\u00e4k\u00f6isesti viel\u00e4 virtuaalitodellisuutta nopeammin hy\u00f6dynnett\u00e4viss\u00e4, ja jo nyt tarjolla on useita mobiililaitteissa toimivia sovelluksia t\u00e4m\u00e4n tueksi.<\/p>\n<p>Miksi Yle on kiinnostunut VR:st\u00e4 ja AR:st\u00e4? <\/p>\n<p>Kyseess\u00e4 on uusi teknologia, joka muuttaa tapaamme kertoa ja kokea tarinoita. Vaikka onkin ep\u00e4varmaa, mullistaako virtuaalitodellisuus tai lis\u00e4tty todellisuus koko media-alaa ja mill\u00e4 aikataululla, haluamme olla eturiviss\u00e4 testaamassa n\u00e4it\u00e4 uusia mahdollisuuksia nopeiden kokeilujen kautta. Kokeilujen my\u00f6t\u00e4 kehit\u00e4mme ja jaamme omaa osaamistamme. Ymm\u00e4rr\u00e4mme my\u00f6s paremmin millaisia kokemuksia voimme niiden avulla suomalaisille tarjota. <\/p>\n<p>Olemmekin t\u00e4n\u00e4 vuonna toteuttaneet Yless\u00e4 useita VR- ja AR-pilotteja <a class=\"link\" href=\"https:\/\/drive.google.com\/file\/d\/0BwgtYMsqFRIVbDBXSV8tZTcyNDA\/view\" rel=\"nofollow noopener\" target=\"_blank\">uutis- ja ajankohtaisjournalismista<\/a> <a class=\"link\" href=\"https:\/\/drive.google.com\/file\/d\/0BwgtYMsqFRIVRFV5Q3FlaTFpSFE\/view\" rel=\"nofollow noopener\" target=\"_blank\">Yle Visiitti -vierailukierroksiin<\/a> ja <a class=\"link\" href=\"https:\/\/drive.google.com\/file\/d\/0BwgtYMsqFRIVeFpkbVlWdm4xMzA\/view\" rel=\"nofollow noopener\" target=\"_blank\">arkistoaineiston uudenlaisesta hy\u00f6dynt\u00e4misest\u00e4<\/a> <a class=\"link\" href=\"https:\/\/drive.google.com\/file\/d\/0BwgtYMsqFRIVM3lGMDhybUFjQTQ\/view\" rel=\"nofollow noopener\" target=\"_blank\">ty\u00f6ymp\u00e4rist\u00f6n suunnitteluun<\/a>. Olemme saaneet paljon oppia siit\u00e4, mit\u00e4 n\u00e4m\u00e4 uudet teknologiat mahdollistavat ja edellytt\u00e4v\u00e4t tuotannon, tarinankerronnan tai k\u00e4ytt\u00e4j\u00e4kokemuksen n\u00e4k\u00f6kulmasta.<\/p>\n<p>Buu-klubben pilottina<\/p>\n<p>Yksi konkreettinen tulos kokeiluista on lis\u00e4tyn todellisuuden applikaatio Yle AR, jonka avulla voidaan tuoda digitaalisia sis\u00e4lt\u00f6j\u00e4 osaksi arkiymp\u00e4rist\u00f6\u00e4. Ensimm\u00e4isen\u00e4 t\u00e4t\u00e4 hy\u00f6dynnet\u00e4\u00e4n Buu-klubbenin joulukalenterissa, jossa joka luukusta avautuu yll\u00e4tyksellist\u00e4 lis\u00e4sis\u00e4lt\u00f6\u00e4 Yle AR -sovelluksen kautta ja kalenterin kuvat her\u00e4\u00e4v\u00e4t eloon. Applikaatio toimii iOS- ja Android-laitteissa, ja sen voi ladata ilmaiseksi App Storesta tai Google Playsta 30.11. alkaen.<\/p>\n<p>Jatkoa on luvassa: ensi vuoden aikana teemme lis\u00e4\u00e4 kokeiluja lis\u00e4tyn todellisuuden ja virtuaalitodellisuuden piiriss\u00e4. Pysy siis kuulolla ja seuraa <a class=\"link\" href=\"https:\/\/sites.flockler.com\/yle-beta\" rel=\"nofollow noopener\" target=\"_blank\">Yle Beta -sivustoa<\/a>, niin saat tietoa tulevaisuuden mediakokemuksia luotaavista piloteistamme.<\/p>\n<p><strong>Petri Home<\/strong>, kehitysp\u00e4\u00e4llikk\u00f6, Yle<\/p>\n","protected":false},"excerpt":{"rendered":"Lis\u00e4tty todellisuus (Augmented reality, AR) ja virtuaalitodellisuus (Virtual Reality, VR) ovat t\u00e4m\u00e4n hetken kuumia ja kiinnostavia aiheita sek\u00e4&hellip;\n","protected":false},"author":2,"featured_media":2509,"comment_status":"","ping_status":"","sticky":false,"template":"","format":"standard","meta":{"footnotes":""},"categories":[88],"tags":[1111,33,31,30,1857,1291,32,91,92,424,422,423,1858],"class_list":{"0":"post-2508","1":"post","2":"type-post","3":"status-publish","4":"format-standard","5":"has-post-thumbnail","7":"category-virtuaalitodellisuus","8":"tag-android","9":"tag-fi","10":"tag-finland","11":"tag-finnish","12":"tag-ios","13":"tag-lisatty-todellisuus","14":"tag-suomi","15":"tag-technology","16":"tag-teknologia","17":"tag-virtuaalitodellisuus","18":"tag-virtual-reality","19":"tag-vr","20":"tag-yle-beta"},"share_on_mastodon":{"url":"","error":""},"_links":{"self":[{"href":"https:\/\/www.europesays.com\/fi\/wp-json\/wp\/v2\/posts\/2508","targetHints":{"allow":["GET"]}}],"collection":[{"href":"https:\/\/www.europesays.com\/fi\/wp-json\/wp\/v2\/posts"}],"about":[{"href":"https:\/\/www.europesays.com\/fi\/wp-json\/wp\/v2\/types\/post"}],"author":[{"embeddable":true,"href":"https:\/\/www.europesays.com\/fi\/wp-json\/wp\/v2\/users\/2"}],"replies":[{"embeddable":true,"href":"https:\/\/www.europesays.com\/fi\/wp-json\/wp\/v2\/comments?post=2508"}],"version-history":[{"count":0,"href":"https:\/\/www.europesays.com\/fi\/wp-json\/wp\/v2\/posts\/2508\/revisions"}],"wp:featuredmedia":[{"embeddable":true,"href":"https:\/\/www.europesays.com\/fi\/wp-json\/wp\/v2\/media\/2509"}],"wp:attachment":[{"href":"https:\/\/www.europesays.com\/fi\/wp-json\/wp\/v2\/media?parent=2508"}],"wp:term":[{"taxonomy":"category","embeddable":true,"href":"https:\/\/www.europesays.com\/fi\/wp-json\/wp\/v2\/categories?post=2508"},{"taxonomy":"post_tag","embeddable":true,"href":"https:\/\/www.europesays.com\/fi\/wp-json\/wp\/v2\/tags?post=2508"}],"curies":[{"name":"wp","href":"https:\/\/api.w.org\/{rel}","templated":true}]}}