{"id":25090,"date":"2025-09-04T04:38:15","date_gmt":"2025-09-04T04:38:15","guid":{"rendered":"https:\/\/www.europesays.com\/fi\/25090\/"},"modified":"2025-09-04T04:38:15","modified_gmt":"2025-09-04T04:38:15","slug":"il-milan-jaff-aikoo-lahtea-suomesta-vapaaehtoisesti-uutisia-lyhyesti","status":"publish","type":"post","link":"https:\/\/www.europesays.com\/fi\/25090\/","title":{"rendered":"IL: Milan Jaff aikoo l\u00e4hte\u00e4 Suomesta vapaaehtoisesti | Uutisia lyhyesti"},"content":{"rendered":"<p class=\"sc-jYczwO sc-dNFkOE frIBdZ edVjwg yle__article__paragraph\">Muutama p\u00e4iv\u00e4 sitten uutisoitiin, ett\u00e4 Maahanmuutto\u00advirasto on m\u00e4\u00e4r\u00e4nnyt Jaffin karkotettavaksi Suomesta.<\/p>\n<p><img decoding=\"async\" alt=\"Milan Jaff oikeudessa.\" src=\"https:\/\/www.europesays.com\/fi\/wp-content\/uploads\/2025\/09\/39-10202636347bb906e73e.jpeg\" class=\"sc-dntSTA iywpZY\"\/><\/p>\n<p>Avaa kuvien katselu<\/p>\n<p>Iltalehden mukaan Maahanmuuttoviraston p\u00e4\u00e4t\u00f6ksen perusteena on Jaffin syyllistyminen useisiin vakaviin rikoksiin. Jaff kuvattuna oikeudessa vuonna 2022. Kuva: Katri Kirsi \/ Yle<\/p>\n<p class=\"sc-jYczwO sc-ciCoXh frIBdZ cPdSqu yle__article__paragraph\"><strong class=\"sc-eEHciv kkmMDs yle__article__strong\">Milan Jaff<\/strong> aikoo sittenkin perua hallinto-oikeuteen j\u00e4tt\u00e4m\u00e4ns\u00e4 valituksen karkottamiseensa liittyen. Asiasta kertoo <a class=\"sc-jDJeIs gotUgl yle__article__link\" href=\"https:\/\/www.iltalehti.fi\/kotimaa\/a\/4c3872e4-fb03-4242-a28c-0a70022479e6\" role=\"link\" rel=\"nofollow noopener\" target=\"_blank\">Iltalehti<\/a>.<\/p>\n<p class=\"sc-jYczwO sc-ciCoXh frIBdZ cPdSqu yle__article__paragraph\">Maahanmuuttovirasto on m\u00e4\u00e4r\u00e4nnyt Jaffin <a class=\"sc-jDJeIs gotUgl yle__article__link\" href=\"https:\/\/yle.fi\/a\/74-20180747\" role=\"link\" rel=\"nofollow noopener\" target=\"_blank\">karkotettavaksi kotimaahansa Irakiin<\/a>. Samalla Maahanmuuttovirasto peruutti Jaffin oleskeluluvan Suomeen.<\/p>\n<p class=\"sc-jYczwO sc-ciCoXh frIBdZ cPdSqu yle__article__paragraph\">Jaff oli ensin valittanut p\u00e4\u00e4t\u00f6ksest\u00e4, mutta Iltalehden mukaan h\u00e4n on nyt ilmoittanut juristilleen haluavansa perua valituksen.<\/p>\n<p class=\"sc-jYczwO sc-ciCoXh frIBdZ cPdSqu yle__article__paragraph\">Lehden tietojen mukaan Jaff on ollut eilen keskiviikkona yhteydess\u00e4 my\u00f6s poliisiin ja pyyt\u00e4nyt palautusta mahdollisimman pian takaisin Irakiin.<\/p>\n<p class=\"sc-jYczwO sc-ciCoXh frIBdZ cPdSqu yle__article__paragraph\">Poliisi on Iltalehden mukaan ohjeistanut Jaffia olemaan yhteydess\u00e4 Irakin suurl\u00e4hetyst\u00f6\u00f6n palautuksen j\u00e4rjest\u00e4miseksi.<\/p>\n","protected":false},"excerpt":{"rendered":"Muutama p\u00e4iv\u00e4 sitten uutisoitiin, ett\u00e4 Maahanmuutto\u00advirasto on m\u00e4\u00e4r\u00e4nnyt Jaffin karkotettavaksi Suomesta. Avaa kuvien katselu Iltalehden mukaan Maahanmuuttoviraston p\u00e4\u00e4t\u00f6ksen&hellip;\n","protected":false},"author":2,"featured_media":25091,"comment_status":"","ping_status":"","sticky":false,"template":"","format":"standard","meta":{"footnotes":""},"categories":[12],"tags":[22,23,26,27,33,31,30,17,440,8084,586,71,24,25,2596,28,29,15,18,21,32,19,20,16],"class_list":{"0":"post-25090","1":"post","2":"type-post","3":"status-publish","4":"format-standard","5":"has-post-thumbnail","7":"category-suomi","8":"tag-breaking-news","9":"tag-breakingnews","10":"tag-featured-news","11":"tag-featurednews","12":"tag-fi","13":"tag-finland","14":"tag-finnish","15":"tag-headlines","16":"tag-ihmiset","17":"tag-irak","18":"tag-karkotukset","19":"tag-kotimaa","20":"tag-latest-news","21":"tag-latestnews","22":"tag-maahanmuuttovirasto","23":"tag-main-news","24":"tag-mainnews","25":"tag-news","26":"tag-otsikot","27":"tag-paauutiset","28":"tag-suomi","29":"tag-top-stories","30":"tag-topstories","31":"tag-uutiset"},"share_on_mastodon":{"url":"","error":""},"_links":{"self":[{"href":"https:\/\/www.europesays.com\/fi\/wp-json\/wp\/v2\/posts\/25090","targetHints":{"allow":["GET"]}}],"collection":[{"href":"https:\/\/www.europesays.com\/fi\/wp-json\/wp\/v2\/posts"}],"about":[{"href":"https:\/\/www.europesays.com\/fi\/wp-json\/wp\/v2\/types\/post"}],"author":[{"embeddable":true,"href":"https:\/\/www.europesays.com\/fi\/wp-json\/wp\/v2\/users\/2"}],"replies":[{"embeddable":true,"href":"https:\/\/www.europesays.com\/fi\/wp-json\/wp\/v2\/comments?post=25090"}],"version-history":[{"count":0,"href":"https:\/\/www.europesays.com\/fi\/wp-json\/wp\/v2\/posts\/25090\/revisions"}],"wp:featuredmedia":[{"embeddable":true,"href":"https:\/\/www.europesays.com\/fi\/wp-json\/wp\/v2\/media\/25091"}],"wp:attachment":[{"href":"https:\/\/www.europesays.com\/fi\/wp-json\/wp\/v2\/media?parent=25090"}],"wp:term":[{"taxonomy":"category","embeddable":true,"href":"https:\/\/www.europesays.com\/fi\/wp-json\/wp\/v2\/categories?post=25090"},{"taxonomy":"post_tag","embeddable":true,"href":"https:\/\/www.europesays.com\/fi\/wp-json\/wp\/v2\/tags?post=25090"}],"curies":[{"name":"wp","href":"https:\/\/api.w.org\/{rel}","templated":true}]}}