{"id":250906,"date":"2026-05-18T04:25:15","date_gmt":"2026-05-18T04:25:15","guid":{"rendered":"https:\/\/www.europesays.com\/fi\/250906\/"},"modified":"2026-05-18T04:25:15","modified_gmt":"2026-05-18T04:25:15","slug":"talous-ei-ole-kasvanut-16-17-18-tai-20-vuoteen-onko-vaite-nollakasvusta-totta","status":"publish","type":"post","link":"https:\/\/www.europesays.com\/fi\/250906\/","title":{"rendered":"Talous ei ole kasvanut 16, 17, 18 tai 20 vuoteen \u2013 onko v\u00e4ite nollakasvusta totta?"},"content":{"rendered":"<p><strong class=\"capitalized\">Er\u00e4\u00e4nlaiseksi<\/strong> suomalaisen talouskurjuuden tiivistelm\u00e4lauseeksi on noussut se, ett\u00e4 Suomen talous ei ole kasvanut\u2009\u2013\u2009hieman puhujasta riip\u00adpuen\u2009\u2013\u200916, 17, 18 tai 20 vuoteen.<\/p>\n<p>R\u00e4v\u00e4k\u00e4n nollakasvualoituksen j\u00e4lkeen talouspuhujan on helppo siirty\u00e4 vaatimaan, ett\u00e4 Suomessa on innovoitava enemm\u00e4n, teht\u00e4v\u00e4 enemm\u00e4n t\u00f6it\u00e4, alennettava verotusta enemm\u00e4n tai yritett\u00e4v\u00e4 enemm\u00e4n.<\/p>\n<p>V\u00e4ite nollakasvusta on tehokas, mutta onko se totta?<\/p>\n<p>Bruttokansantuote on yleisesti hyv\u00e4ksytty kansantalouden mittatikku. Osuva mittari talouden koolle on niin sanottu volyymikorjattu bkt-luku. Siit\u00e4 on siivottu pois hintojen nousun vaikutus, eli vuosia voidaan vertailla kesken\u00e4\u00e4n.<\/p>\n<p>Sen mukaan Suomen talouden koko oli vuonna 2025 runsaat 281 miljardia euroa.<\/p>\n<p>Yleens\u00e4 Suomen kasvuongelmien ajatellaan alkaneen vuoden 2008 finanssikriisist\u00e4. Silloin bruttokansantuote oli runsaat 272 miljardia euroa. Bruttokansantuote on kasvanut noin kolme prosenttia 17 vuodessa. Monessa maassa\u00ad kasvu on kolme prosenttia vuodessa. Talous on silti kasvanut.<\/p>\n<p>Bkt-mittaristosta l\u00f6ytyy luku, jonka perusteella voidaan sanoa, ett\u00e4 Suomen talous ei ole kasvanut 17 vuoteen.<\/p>\n<p>Se on bkt asukasta kohden. T\u00e4ll\u00e4 numerolla ei yleens\u00e4 mitata talouden kokoa, vaan se on maan asukkaiden elintason karkea mittari.<\/p>\n<p>Napsutellaan luvut esiin. Vuonna 2008 bruttokansantuote henke\u00e4 kohden oli 41\u2009784 euroa, vuonna 2025 taas 40\u2009480 euroa.<\/p>\n<p>Pieneneminen ei johdu siit\u00e4, ett\u00e4 talous ei olisi kasvanut. Se on, tosin mit\u00e4tt\u00f6m\u00e4n v\u00e4h\u00e4n.<\/p>\n<p>Lasku johtuu siit\u00e4, ett\u00e4 Suomen asukasluku on 17 vuodessa kasvanut enemm\u00e4n kuin talous. Eli kun bkt jaetaan asukasta kohden, p\u00e4\u00e4dyt\u00e4\u00e4n pienenev\u00e4\u00e4n lukuun.<\/p>\n<p>Harva kuitenkaan haluaa aloittaa talouskriisipuheenvuoronsa n\u00e4in: Suomen talous ei ole kasvanut 17 vuoteen mitattuna bkt:ll\u00e4 henke\u00e4 kohden, kun volyymisarja hintakorjataan vertailuvuoteen 2010.<\/p>\n<p>      <img decoding=\"async\" class=\"free-sample awpo-lazy\" src=\"https:\/\/suomenkuvalehti.fi\/wp-content\/themes\/om-suomenkuvalehti-theme\/assets\/images\/free-sample-banner.svg\"\/><\/p>\n","protected":false},"excerpt":{"rendered":"Er\u00e4\u00e4nlaiseksi suomalaisen talouskurjuuden tiivistelm\u00e4lauseeksi on noussut se, ett\u00e4 Suomen talous ei ole kasvanut\u2009\u2013\u2009hieman puhujasta riip\u00adpuen\u2009\u2013\u200916, 17, 18 tai&hellip;\n","protected":false},"author":2,"featured_media":92127,"comment_status":"","ping_status":"","sticky":false,"template":"","format":"standard","meta":{"footnotes":"","_share_on_mastodon":"0"},"categories":[76],"tags":[12023,79,77,33,31,30,12024,12025,32,78],"class_list":["post-250906","post","type-post","status-publish","format-standard","has-post-thumbnail","category-talous","tag-ajankohtainen","tag-business","tag-economy","tag-fi","tag-finland","tag-finnish","tag-hyva-selitys","tag-juttu-2","tag-suomi","tag-talous"],"share_on_mastodon":{"url":"https:\/\/pubeurope.com\/@fi\/116593684033696613","error":""},"_links":{"self":[{"href":"https:\/\/www.europesays.com\/fi\/wp-json\/wp\/v2\/posts\/250906","targetHints":{"allow":["GET"]}}],"collection":[{"href":"https:\/\/www.europesays.com\/fi\/wp-json\/wp\/v2\/posts"}],"about":[{"href":"https:\/\/www.europesays.com\/fi\/wp-json\/wp\/v2\/types\/post"}],"author":[{"embeddable":true,"href":"https:\/\/www.europesays.com\/fi\/wp-json\/wp\/v2\/users\/2"}],"replies":[{"embeddable":true,"href":"https:\/\/www.europesays.com\/fi\/wp-json\/wp\/v2\/comments?post=250906"}],"version-history":[{"count":0,"href":"https:\/\/www.europesays.com\/fi\/wp-json\/wp\/v2\/posts\/250906\/revisions"}],"wp:featuredmedia":[{"embeddable":true,"href":"https:\/\/www.europesays.com\/fi\/wp-json\/wp\/v2\/media\/92127"}],"wp:attachment":[{"href":"https:\/\/www.europesays.com\/fi\/wp-json\/wp\/v2\/media?parent=250906"}],"wp:term":[{"taxonomy":"category","embeddable":true,"href":"https:\/\/www.europesays.com\/fi\/wp-json\/wp\/v2\/categories?post=250906"},{"taxonomy":"post_tag","embeddable":true,"href":"https:\/\/www.europesays.com\/fi\/wp-json\/wp\/v2\/tags?post=250906"}],"curies":[{"name":"wp","href":"https:\/\/api.w.org\/{rel}","templated":true}]}}