{"id":250918,"date":"2026-05-18T04:51:10","date_gmt":"2026-05-18T04:51:10","guid":{"rendered":"https:\/\/www.europesays.com\/fi\/250918\/"},"modified":"2026-05-18T04:51:10","modified_gmt":"2026-05-18T04:51:10","slug":"kolumni-kultainen-odottama-itsestaan-selvasta-karjalan-heili","status":"publish","type":"post","link":"https:\/\/www.europesays.com\/fi\/250918\/","title":{"rendered":"Kolumni | Kultainen odottama itsest\u00e4\u00e4n selv\u00e4st\u00e4 &#8211; Karjalan Heili"},"content":{"rendered":"<ol>\n<li><a href=\"https:\/\/news.google.com\/rss\/articles\/CBMiYEFVX3lxTE9nOGlESGhFTzRPVS1GMU9DV2NVQmk3bEJoQjlraDl0Z0o5MjQ4VVJWWjVwRThPOUY2c3dueHhTaDVyYUpxb3ZSS3ZqdUwweUlLTnY1X3M4TXFieEg5Q1ZXWA?oc=5\" target=\"_blank\" rel=\"nofollow noopener\">Kolumni | Kultainen odottama itsest\u00e4\u00e4n selv\u00e4st\u00e4<\/a>&nbsp;&nbsp;Karjalan Heili<\/li>\n<li><a href=\"https:\/\/news.google.com\/rss\/articles\/CBMiX0FVX3lxTFBndmtQNE9xSE1pNnl4TkxrWDJVSjFMeVRncXVNZ2NSd0NZOUZ1X1Y4MDB6eEFrckJrN21IQTdqS2JfeHJxTVhwbVhSSHhmTkcwaHBfczA3aDZVQkRuWUxr?oc=5\" target=\"_blank\" rel=\"nofollow noopener\">Kalervo Kummolan mitta aivan t\u00e4ynn\u00e4 \u2013 raju ehdotus suomalaisille: \u201dEik\u00f6h\u00e4n tehd\u00e4 niin&#8230;\u201d<\/a>&nbsp;&nbsp;Ilta-Sanomat<\/li>\n<li><a href=\"https:\/\/news.google.com\/rss\/articles\/CBMigwFBVV95cUxNVGEwcHhrM2ZfMzRYLWtWT3pYWlhXYlM5cVZLdEVwaGFreG5HRXdfUmhzV2NhTWtNTG9KemE3cVpoZ1lSUnZhdlk3cHhvZFZHY3RhSWZ5R2VORHlxaWNTMHdLZWtScElLSFBZLVJhdEpPWXZCOWVmc3EzYTJuZ3dwMzlZbw?oc=5\" target=\"_blank\" rel=\"nofollow noopener\">TV-l\u00e4hetys pimeni, mutta 20 euron laitteella saat MM-kisat n\u00e4kyviin ilman kuukausimaksua \u2013 MTV ja Elisa kommentoivat kanavakiistaa<\/a>&nbsp;&nbsp;Tekniikka&amp;Talous<\/li>\n<li><a href=\"https:\/\/news.google.com\/rss\/articles\/CBMiWkFVX3lxTE1CVGJrbEdGYmFDVmF0YW9YSzV6dUYyMWhlajh6RC0tbzEwb1VOUXVNenZxSExVOXdjZmVDek1RVHBKSnJKS01Ebl93T3NfaEtyVlAyM2M0RDJPdw?oc=5\" target=\"_blank\" rel=\"nofollow noopener\">Televisio | Tanja Halme pettyi raskaasti, kun MTV:n kanavat pimeniv\u00e4t: \u201dEl\u00e4m\u00e4st\u00e4 on viety iso pala pois\u201d<\/a>&nbsp;&nbsp;HS.fi<\/li>\n<li><a href=\"https:\/\/news.google.com\/rss\/articles\/CBMiQkFVX3lxTE9hZkpfNTNreUtTWVA3ekY1NThKQnAtcndUNnM1VWpuQ3V1Q255OXRmQ0YwX0JqeFRNN1pONGVUR3p5QQ?oc=5\" target=\"_blank\" rel=\"nofollow noopener\">MTV:n toimitusjohtaja sopimuskiistasta: \u201dOlemme pettyneit\u00e4 Elisan hitauteen ja passiivisuuteen\u201d<\/a>&nbsp;&nbsp;Yle<\/li>\n<\/ol>\n","protected":false},"excerpt":{"rendered":"Kolumni | Kultainen odottama itsest\u00e4\u00e4n selv\u00e4st\u00e4&nbsp;&nbsp;Karjalan Heili Kalervo Kummolan mitta aivan t\u00e4ynn\u00e4 \u2013 raju ehdotus suomalaisille: \u201dEik\u00f6h\u00e4n tehd\u00e4&hellip;\n","protected":false},"author":2,"featured_media":250919,"comment_status":"","ping_status":"","sticky":false,"template":"","format":"standard","meta":{"footnotes":"","_share_on_mastodon":"0"},"categories":[76],"tags":[6511,79,77,33,31,30,965,1133,1616,10161,979,32,78,1247],"class_list":["post-250918","post","type-post","status-publish","format-standard","has-post-thumbnail","category-talous","tag-blogit-ja-kolumnit","tag-business","tag-economy","tag-fi","tag-finland","tag-finnish","tag-internet-palveluntarjoajat","tag-joensuu","tag-media-viestinta","tag-operaattorit","tag-sahkoinen-media","tag-suomi","tag-talous","tag-televisio"],"share_on_mastodon":{"url":"https:\/\/pubeurope.com\/@fi\/116593786097521599","error":""},"_links":{"self":[{"href":"https:\/\/www.europesays.com\/fi\/wp-json\/wp\/v2\/posts\/250918","targetHints":{"allow":["GET"]}}],"collection":[{"href":"https:\/\/www.europesays.com\/fi\/wp-json\/wp\/v2\/posts"}],"about":[{"href":"https:\/\/www.europesays.com\/fi\/wp-json\/wp\/v2\/types\/post"}],"author":[{"embeddable":true,"href":"https:\/\/www.europesays.com\/fi\/wp-json\/wp\/v2\/users\/2"}],"replies":[{"embeddable":true,"href":"https:\/\/www.europesays.com\/fi\/wp-json\/wp\/v2\/comments?post=250918"}],"version-history":[{"count":0,"href":"https:\/\/www.europesays.com\/fi\/wp-json\/wp\/v2\/posts\/250918\/revisions"}],"wp:featuredmedia":[{"embeddable":true,"href":"https:\/\/www.europesays.com\/fi\/wp-json\/wp\/v2\/media\/250919"}],"wp:attachment":[{"href":"https:\/\/www.europesays.com\/fi\/wp-json\/wp\/v2\/media?parent=250918"}],"wp:term":[{"taxonomy":"category","embeddable":true,"href":"https:\/\/www.europesays.com\/fi\/wp-json\/wp\/v2\/categories?post=250918"},{"taxonomy":"post_tag","embeddable":true,"href":"https:\/\/www.europesays.com\/fi\/wp-json\/wp\/v2\/tags?post=250918"}],"curies":[{"name":"wp","href":"https:\/\/api.w.org\/{rel}","templated":true}]}}