{"id":25092,"date":"2025-09-04T04:39:08","date_gmt":"2025-09-04T04:39:08","guid":{"rendered":"https:\/\/www.europesays.com\/fi\/25092\/"},"modified":"2025-09-04T04:39:08","modified_gmt":"2025-09-04T04:39:08","slug":"analyysi-seurasiko-psn-irtiotosta-lopulta-mitaan-kannatusmittaus-paljastaa-mielenkiintoisen-yksityiskohdan-politiikka","status":"publish","type":"post","link":"https:\/\/www.europesays.com\/fi\/25092\/","title":{"rendered":"Analyysi: Seurasiko PS:n irtiotosta lopulta mit\u00e4\u00e4n? Kannatusmittaus paljastaa mielenkiintoisen yksityiskohdan | Politiikka"},"content":{"rendered":"<p class=\"sc-jYczwO sc-dNFkOE frIBdZ edVjwg yle__article__paragraph\">Perussuomalaisten kannatus on noussut koko kes\u00e4n Ylen kyselyiss\u00e4, mutta tuore kannatusmittaus ei n\u00e4yt\u00e4 kaikkea rasismisotkusta, kirjoittaa politiikan toimittaja Antti Pilke.<\/p>\n<p><img decoding=\"async\" alt=\"Riikka Purra ja Petteri Orpo vastaa media kysymyksiin tiedotustilaisuudessa.\" src=\"https:\/\/www.europesays.com\/fi\/wp-content\/uploads\/2025\/09\/39-151577668b5de267dcb5.jpeg\" class=\"sc-dntSTA iywpZY\"\/><\/p>\n<p>Avaa kuvien katselu<\/p>\n<p>Kuva: Henrietta Hassinen \/ Yle<img decoding=\"async\" alt=\"Politiikan toimittaja Antti Pilke, Politiikkaradion juontaja.\" src=\"https:\/\/www.europesays.com\/fi\/wp-content\/uploads\/2025\/09\/39-1302820666addae7a448.jpeg\" class=\"sc-dntSTA iywpZY\"\/><\/p>\n<p>Antti Pilkepolitiikan toimittaja<\/p>\n<p class=\"sc-jYczwO sc-ciCoXh frIBdZ cPdSqu yle__article__paragraph\">Kannatusromahduksen riivaama perussuomalaiset otti kes\u00e4n lopulla kovat keinot k\u00e4ytt\u00f6\u00f6n.<\/p>\n<p class=\"sc-jYczwO sc-ciCoXh frIBdZ cPdSqu yle__article__paragraph\">Ensin puoluejohtaja <strong class=\"sc-eEHciv kkmMDs yle__article__strong\">Riikka Purra<\/strong> valjasti perinteiset elokuun alun budjettineuvottelut omaan k\u00e4ytt\u00f6\u00f6ns\u00e4 ja esitteli <a class=\"sc-jDJeIs gotUgl yle__article__link\" href=\"https:\/\/yle.fi\/a\/74-20176233\" role=\"link\" rel=\"nofollow noopener\" target=\"_blank\">valtiovarainministerin budjettiehdotuksena<\/a> perussuomalaisten toivelistan. Hallituskumppanit \u00e4l\u00e4htiv\u00e4t.<\/p>\n<p class=\"sc-jYczwO sc-ciCoXh frIBdZ cPdSqu yle__article__paragraph\">Perussuomalaisten ehdotukset saivat paljon mediatilaa, mutta lopulta juuri mit\u00e4\u00e4n niist\u00e4 ei mennyt l\u00e4pi.<\/p>\n<p class=\"sc-jYczwO sc-ciCoXh frIBdZ cPdSqu yle__article__paragraph\">Budjetti-irtioton j\u00e4lkeen keskeiset perussuomalaiset ovat olleet otsikoissa milloin vaatimuksilla <a class=\"sc-jDJeIs gotUgl yle__article__link\" href=\"https:\/\/www.mtvuutiset.fi\/artikkeli\/sisaministeri-rantanen-huntukielto-on-valttamaton-selvitys-valmistuu-lahipaivina\/9210278\" role=\"link\" rel=\"nofollow noopener\" target=\"_blank\">burkakiellosta<\/a>, milloin vihjailuilla <a class=\"sc-jDJeIs gotUgl yle__article__link\" href=\"https:\/\/yle.fi\/a\/74-20179571\" role=\"link\" rel=\"nofollow noopener\" target=\"_blank\">v\u00e4est\u00f6n vaihtumisesta<\/a>. Lopuksi varapuheenjohtaja <strong class=\"sc-eEHciv kkmMDs yle__article__strong\">Teemu Keskisarja<\/strong> aiheutti <a class=\"sc-jDJeIs gotUgl yle__article__link\" href=\"https:\/\/yle.fi\/a\/74-20179747\" role=\"link\" rel=\"nofollow noopener\" target=\"_blank\">rasistisina pidetyill\u00e4 puheillaan<\/a> l\u00e4hes hallituskriisin.<\/p>\n<p class=\"sc-jYczwO sc-ciCoXh frIBdZ cPdSqu yle__article__paragraph\">Hallituskriisin\u00e4 pidet\u00e4\u00e4n yleisesti tilannetta, jossa hallitus voi hajota. Sanaa k\u00e4ytti ainakin kokoomuksen eduskuntaryhm\u00e4n puheenjohtaja <strong class=\"sc-eEHciv kkmMDs yle__article__strong\">Jukka Kopra<\/strong> keskiviikkona <a class=\"sc-jDJeIs gotUgl yle__article__link\" href=\"https:\/\/areena.yle.fi\/1-75737480\" role=\"link\" rel=\"nofollow noopener\" target=\"_blank\">Ylen Ykk\u00f6saamussa<\/a>.<\/p>\n<p class=\"sc-jYczwO sc-ciCoXh frIBdZ cPdSqu yle__article__paragraph\">Median\u00e4kyvyys perussuomalaisten ulostuloille on ollut taattu, mutta mihin linja johti?<\/p>\n<p class=\"sc-jYczwO sc-ciCoXh frIBdZ cPdSqu yle__article__paragraph\">Ei juuri mihink\u00e4\u00e4n.<\/p>\n<p class=\"sc-jYczwO sc-ciCoXh frIBdZ cPdSqu yle__article__paragraph\"><strong class=\"sc-eEHciv kkmMDs yle__article__strong\">Ylen kyselyss\u00e4 perussuomalaisten kannatus<\/strong> on noussut pikku hiljaa koko kes\u00e4n, ja viimeisimm\u00e4ss\u00e4 kyselyss\u00e4 nousu oli puoli prosenttiyksikk\u00f6\u00e4.<\/p>\n<p><img decoding=\"async\" alt=\"SDP on uusimman kannatusmittauksen k\u00e4rjess\u00e4 25,8 prosentilla. Seuraavana tulevat kokoomus 19,2 %, keskusta 14,7 % ja perussuomalaiset 12,8 %.  \" src=\"https:\/\/www.europesays.com\/fi\/wp-content\/uploads\/2025\/09\/1756960748_677_39-151668268b818d8177e7.jpeg\" class=\"sc-dntSTA iywpZY\"\/><\/p>\n<p class=\"sc-jYczwO sc-ciCoXh frIBdZ cPdSqu yle__article__paragraph\">Lukemat ovat silti edelleen selv\u00e4sti alle perussuomalaisten kannatuksen eduskuntavaaleissa, ja kyselyn viikkokohtaisista luvuista paljastuu kiinnostava asia.<\/p>\n<p class=\"sc-jYczwO sc-ciCoXh frIBdZ cPdSqu yle__article__paragraph\">Kannatuskysely tehd\u00e4\u00e4n nelj\u00e4n viikon jaksoissa. Kahden ensimm\u00e4isen viikon aikana perussuomalaisten kannatus oli yli prosenttiyksik\u00f6n nosteessa, mutta kahden viimeisen viikon aikana vauhti hyytyi: kannatus tippui alle kymmeneen prosenttiin.<\/p>\n<p class=\"sc-jYczwO sc-ciCoXh frIBdZ cPdSqu yle__article__paragraph\">Elokuun alkupuolella politiikan uutisaiheena oli hiljaisen kes\u00e4n j\u00e4lkeen Purran budjetti-irtiotto, kyselyn kahden j\u00e4lkimm\u00e4isen viikon aikana ainakin Purran ja Keskisarjan puheet v\u00e4est\u00f6n vaihtamisesta.<\/p>\n<p class=\"sc-jYczwO sc-ciCoXh frIBdZ cPdSqu yle__article__paragraph\">Taloustutkimus ei kysy vastaajilta syit\u00e4 puolueen valinnalle, joten niit\u00e4 voi vain spekuloida. Kaikki julkisuus ei ole v\u00e4ltt\u00e4m\u00e4tt\u00e4 hyv\u00e4\u00e4 julkisuutta.<\/p>\n<p class=\"sc-jYczwO sc-ciCoXh frIBdZ cPdSqu yle__article__paragraph\">Perussuomalaisten kansanedustajat ovat seikkailleet viime viikon aikana otsikoissa enemm\u00e4nkin. Kansanedustaja <strong class=\"sc-eEHciv kkmMDs yle__article__strong\">Mauri Peltokangas<\/strong> (ps.) <a class=\"sc-jDJeIs gotUgl yle__article__link\" href=\"https:\/\/yle.fi\/a\/74-20180230?origin=rss\" role=\"link\" rel=\"nofollow noopener\" target=\"_blank\">kaahasi korttinsa taas hyllylle<\/a> ja <strong class=\"sc-eEHciv kkmMDs yle__article__strong\">Tomi Immonen<\/strong> (ps.) <a class=\"sc-jDJeIs gotUgl yle__article__link\" href=\"https:\/\/yle.fi\/a\/74-20180082?origin=rss\" role=\"link\" rel=\"nofollow noopener\" target=\"_blank\">sai sakot h\u00e4iri\u00f6k\u00e4ytt\u00e4ytymisest\u00e4 humalassa<\/a>.<\/p>\n<p class=\"sc-jYczwO sc-ciCoXh frIBdZ cPdSqu yle__article__paragraph\">Rikosoikeuden professori <strong class=\"sc-eEHciv kkmMDs yle__article__strong\">Kimmo Nuotio<\/strong> taas ei pit\u00e4nyt <a class=\"sc-jDJeIs gotUgl yle__article__link\" href=\"https:\/\/x.com\/KimmoNuotio\/status\/1962393532322201600\" role=\"link\" rel=\"nofollow\">viestipalvelu X:ss\u00e4 <\/a>mahdottomana, ett\u00e4 Keskisarjan puheet ylitt\u00e4isiv\u00e4t kiihottamisrikoksen kynnyksen.<\/p>\n<p class=\"sc-jYczwO sc-ciCoXh frIBdZ cPdSqu yle__article__paragraph\">Hallituksella on ollut ongelmia saada ty\u00f6llisyytt\u00e4 paranemaan, mutta viime viikon perusteella perussuomalaiset ty\u00f6llist\u00e4v\u00e4t ainakin poliisia ja oikeuslaitosta.<\/p>\n<p class=\"sc-jYczwO sc-ciCoXh frIBdZ cPdSqu yle__article__paragraph\"><strong class=\"sc-eEHciv kkmMDs yle__article__strong\">Irtiotot ovat politiikassa vanha keino<\/strong> saada n\u00e4kyvyytt\u00e4, mutta monesti ne eiv\u00e4t ole oikotie onneen.<\/p>\n<p class=\"sc-jYczwO sc-ciCoXh frIBdZ cPdSqu yle__article__paragraph\">Viime vaalikaudella keskusta <a class=\"sc-jDJeIs gotUgl yle__article__link\" href=\"https:\/\/yle.fi\/a\/3-11909278\" role=\"link\" rel=\"nofollow noopener\" target=\"_blank\">pitkitti hallituksen puoliv\u00e4liriiht\u00e4 <\/a>yhdeks\u00e4np\u00e4iv\u00e4iseksi ja otti muutenkin pitkin matkaa yhteen hallituskumppanien kanssa, mutta kannatus ei siit\u00e4 vironnut.<\/p>\n<p class=\"sc-jYczwO sc-ciCoXh frIBdZ cPdSqu yle__article__paragraph\">Vasemmistoliitto taas <a class=\"sc-jDJeIs gotUgl yle__article__link\" href=\"https:\/\/yle.fi\/a\/3-7155893\" role=\"link\" rel=\"nofollow noopener\" target=\"_blank\">l\u00e4hti aikanaan <\/a><strong class=\"sc-eEHciv kkmMDs yle__article__strong\">Jyrki Kataisen<\/strong> (kok.) hallituksesta, mutta seuraavan kev\u00e4\u00e4n eduskuntavaalit meniv\u00e4t silti penkin alle.<\/p>\n<p class=\"sc-jYczwO sc-ciCoXh frIBdZ cPdSqu yle__article__paragraph\">Viimeksi hallituksessa ollessaan perussuomalaiset onnistui sen sijaan nostamaan kannatuksensa kuopasta, mutta siihen tarvittiin puolueen eduskuntaryhm\u00e4n repe\u00e4minen kahtia ja oppositioon siirtyminen.<\/p>\n<p class=\"sc-jYczwO sc-ciCoXh frIBdZ cPdSqu yle__article__paragraph\">Nyt perussuomalaiset kulkee ensimm\u00e4ist\u00e4 kertaa hallitusvastuussa kohti l\u00e4henevi\u00e4 eduskuntavaaleja, ja j\u00e4lki on rumaa.<\/p>\n<p class=\"sc-jYczwO sc-ciCoXh frIBdZ cPdSqu yle__article__paragraph\">Perussuomalaisiin pettyneille ykk\u00f6svaihtoehto on Ylen kyselyn perusteella nyt p\u00e4\u00e4oppositiopuolue SDP, jonka suosio on ollut yht\u00e4 korkealla viimeksi parikymment\u00e4 vuotta sitten.<\/p>\n","protected":false},"excerpt":{"rendered":"Perussuomalaisten kannatus on noussut koko kes\u00e4n Ylen kyselyiss\u00e4, mutta tuore kannatusmittaus ei n\u00e4yt\u00e4 kaikkea rasismisotkusta, kirjoittaa politiikan toimittaja&hellip;\n","protected":false},"author":2,"featured_media":25093,"comment_status":"","ping_status":"","sticky":false,"template":"","format":"standard","meta":{"footnotes":""},"categories":[5],"tags":[22,23,26,27,33,31,30,17,24,25,28,29,15,18,21,49,637,8079,32,19,20,16],"class_list":{"0":"post-25092","1":"post","2":"type-post","3":"status-publish","4":"format-standard","5":"has-post-thumbnail","7":"category-otsikot","8":"tag-breaking-news","9":"tag-breakingnews","10":"tag-featured-news","11":"tag-featurednews","12":"tag-fi","13":"tag-finland","14":"tag-finnish","15":"tag-headlines","16":"tag-latest-news","17":"tag-latestnews","18":"tag-main-news","19":"tag-mainnews","20":"tag-news","21":"tag-otsikot","22":"tag-paauutiset","23":"tag-perussuomalaiset","24":"tag-politiikka","25":"tag-puolueiden-kannatus","26":"tag-suomi","27":"tag-top-stories","28":"tag-topstories","29":"tag-uutiset"},"share_on_mastodon":{"url":"","error":""},"_links":{"self":[{"href":"https:\/\/www.europesays.com\/fi\/wp-json\/wp\/v2\/posts\/25092","targetHints":{"allow":["GET"]}}],"collection":[{"href":"https:\/\/www.europesays.com\/fi\/wp-json\/wp\/v2\/posts"}],"about":[{"href":"https:\/\/www.europesays.com\/fi\/wp-json\/wp\/v2\/types\/post"}],"author":[{"embeddable":true,"href":"https:\/\/www.europesays.com\/fi\/wp-json\/wp\/v2\/users\/2"}],"replies":[{"embeddable":true,"href":"https:\/\/www.europesays.com\/fi\/wp-json\/wp\/v2\/comments?post=25092"}],"version-history":[{"count":0,"href":"https:\/\/www.europesays.com\/fi\/wp-json\/wp\/v2\/posts\/25092\/revisions"}],"wp:featuredmedia":[{"embeddable":true,"href":"https:\/\/www.europesays.com\/fi\/wp-json\/wp\/v2\/media\/25093"}],"wp:attachment":[{"href":"https:\/\/www.europesays.com\/fi\/wp-json\/wp\/v2\/media?parent=25092"}],"wp:term":[{"taxonomy":"category","embeddable":true,"href":"https:\/\/www.europesays.com\/fi\/wp-json\/wp\/v2\/categories?post=25092"},{"taxonomy":"post_tag","embeddable":true,"href":"https:\/\/www.europesays.com\/fi\/wp-json\/wp\/v2\/tags?post=25092"}],"curies":[{"name":"wp","href":"https:\/\/api.w.org\/{rel}","templated":true}]}}