{"id":25094,"date":"2025-09-04T04:42:10","date_gmt":"2025-09-04T04:42:10","guid":{"rendered":"https:\/\/www.europesays.com\/fi\/25094\/"},"modified":"2025-09-04T04:42:10","modified_gmt":"2025-09-04T04:42:10","slug":"datakeskusyhtio-lahjoittaa-25-miljoonaa-euroa-korkeakouluille-lahdessa-yliopisto-aikoo-perustaa-fysiikan-koulutusohjelman-paijat-hame","status":"publish","type":"post","link":"https:\/\/www.europesays.com\/fi\/25094\/","title":{"rendered":"Datakeskusyhti\u00f6 lahjoittaa 2,5 miljoonaa euroa korkeakouluille Lahdessa \u2013 yliopisto aikoo perustaa fysiikan koulutusohjelman | P\u00e4ij\u00e4t-H\u00e4me"},"content":{"rendered":"<p class=\"sc-jYczwO sc-dNFkOE frIBdZ edVjwg yle__article__paragraph\">Lahteen investoiva datakeskusoperaattori Day One tekee miljoonalahjoituksen LUT-korkeakouluille. Rehtorin mukaan yliopisto saa p\u00e4\u00e4tt\u00e4\u00e4, mihin se k\u00e4ytt\u00e4\u00e4 rahat.<\/p>\n<p><img decoding=\"async\" alt=\"Kuvassa n\u00e4kyy joukko haalareihin pukeutuneita opiskelijoita.\" src=\"https:\/\/www.europesays.com\/fi\/wp-content\/uploads\/2025\/09\/39-145859868125081665be.jpeg\" class=\"sc-dntSTA iywpZY\"\/><\/p>\n<p>Avaa kuvien katselu<\/p>\n<p>LUT- yliopiston kansainv\u00e4liset opiskelijat juhlivat vappua Lahdessa kev\u00e4\u00e4ll\u00e4 2025. Kuva: Marjo Piril\u00e4 \/ Yle<\/p>\n<p class=\"sc-jYczwO sc-ciCoXh frIBdZ cPdSqu yle__article__paragraph\">LUT-korkeakoulut eli Lappeenrannan-Lahden teknillinen yliopisto ja LAB\u2013ammattikorkeakoulu ovat saamassa 2,5 miljoonan euron lahjoituksen Lahteen datakeskusta rakentavalta Day One -yhti\u00f6lt\u00e4.<\/p>\n<p class=\"sc-jYczwO sc-ciCoXh frIBdZ cPdSqu yle__article__paragraph\">LUT aikoo perustaa lahjoitusvaroin fysiikan kandidaatin koulutusohjelman Lahteen.<\/p>\n<p class=\"sc-jYczwO sc-ciCoXh frIBdZ cPdSqu yle__article__paragraph\">\u2013 Jos lahjoitus toteutuu, kandiohjelma voisi alkaa Lahdessa vuosikymmenen loppupuolella, kertoo LUT-yliopiston rehtori <strong class=\"sc-eEHciv kkmMDs yle__article__strong\">Juha-Matti Saksa<\/strong>.<\/p>\n<p class=\"sc-jYczwO sc-ciCoXh frIBdZ cPdSqu yle__article__paragraph\">Saksan mukaan nimi\u00e4 ei ole viel\u00e4 papereissa, joten h\u00e4n puhuu lahjoituksesta mahdollisuutena.<\/p>\n<p class=\"sc-jYczwO sc-ciCoXh frIBdZ cPdSqu yle__article__paragraph\">Jos yliopisto saa rahoituksen kasaan, 50 opiskelijan fysiikan kandidaattikoulutus voisi alkaa vuonna 2027.<\/p>\n<p class=\"sc-jYczwO sc-ciCoXh frIBdZ cPdSqu yle__article__paragraph\">\u2013 Kun koulutus py\u00f6rii maisteriin asti, jossakin vaiheessa se tarkoittaa noin 250:t\u00e4 opiskelijaa. Henkil\u00f6kuntaa tarvitaan joitakin kymmeni\u00e4, kuten professoreita, tutkijoita, tutkijakoulutettavia ja tohtoriopiskelijoita.<\/p>\n<p class=\"sc-jYczwO sc-ciCoXh frIBdZ cPdSqu yle__article__paragraph\">Saksa sanoo, ett\u00e4 lahjoitus tulisi olemaan vastikkeeton eli yliopisto saa k\u00e4ytt\u00e4\u00e4 lahjoitusvarat haluamallaan tavalla.<\/p>\n<p class=\"sc-jYczwO sc-ciCoXh frIBdZ cPdSqu yle__article__paragraph\">\u2013 Jotain linkityst\u00e4 datakeskukseen l\u00f6ytyy, mutta suoranaista yhteytt\u00e4 siihen, ett\u00e4 t\u00e4m\u00e4 hy\u00f6dytt\u00e4isi erityisesti t\u00e4t\u00e4 datakeskusta, ei ole olemassa eik\u00e4 se ole ollut keskusteluissa.<\/p>\n<p><img decoding=\"async\" alt=\"Rehtori Juha-Matti Saksa rentoutumassa kahvikupin \u00e4\u00e4ress\u00e4 modernissa kahvilaymp\u00e4rist\u00f6ss\u00e4.\" src=\"https:\/\/www.europesays.com\/fi\/wp-content\/uploads\/2025\/09\/39-144488767ed116bd1783.jpeg\" loading=\"lazy\" class=\"sc-dntSTA iywpZY\"\/><\/p>\n<p>Avaa kuvien katselu<\/p>\n<p>LUT-yliopiston rehtori Juha-Matti Saksa kehuu Lahden kasvuhalukkuutta. Kuva: Kare Lehtonen \/ Yle<\/p>\n<p class=\"sc-jYczwO sc-ciCoXh frIBdZ cPdSqu yle__article__paragraph\">LUT-yliopisto on pitk\u00e4\u00e4n halunnut lis\u00e4t\u00e4 fysiikan koulutustaan Lahdessa, mutta valtio ei rahoita uusia koulutusaloja. Yliopiston on ker\u00e4tt\u00e4v\u00e4 rahoitus markkinoilta.<\/p>\n<p class=\"sc-jYczwO sc-ciCoXh frIBdZ cPdSqu yle__article__paragraph\">2,5 miljoonan euron lahjoituksesta 500\u00a0000 euroa menee LAB\u2013ammattikorkeakoululle. LUT-yliopiston rehtorin Juha-Matti Saksan mukaan kandidaatin koulutuksen aloittaminen vaatii viel\u00e4 lis\u00e4\u00e4 ulkopuolista rahaa.<\/p>\n<p class=\"sc-jYczwO sc-ciCoXh frIBdZ cPdSqu yle__article__paragraph\">\u2013 T\u00e4m\u00e4 lahjoitus on hyv\u00e4 pes\u00e4muna. Jos kandidaattiohjelmaa py\u00f6ritet\u00e4\u00e4n, kyll\u00e4 siin\u00e4 toinen mokoma v\u00e4hint\u00e4\u00e4nkin tarvitaan. Pit\u00e4\u00e4 viel\u00e4 keskustella, paljonko henkil\u00f6kuntaa tarvitaan ja miten laboratoriot saadaan rahoitettua, pohtii Saksa.<\/p>\n<p class=\"sc-jYczwO sc-ciCoXh frIBdZ cPdSqu yle__article__paragraph\">Saksa uskoo, ett\u00e4 rahoitusta l\u00f6ytyy sek\u00e4 Suomesta ett\u00e4 kansainv\u00e4lisilt\u00e4 markkinoilta. Yliopisto vet\u00e4\u00e4 my\u00f6s henkil\u00f6kuntaa. LUT-yliopiston teko\u00e4lyprofessuuria haki 150 asiantuntijaa.<\/p>\n<p class=\"sc-jYczwO sc-ciCoXh frIBdZ cPdSqu yle__article__paragraph\">Rehtori Juha-Matti Saksa kehuu lahtelaisten vauhtia. Ilman sit\u00e4 yliopisto ei olisi p\u00e4\u00e4ssyt kasvamaan Lahdessa ennakoitua nopeammin.<\/p>\n<p class=\"sc-jYczwO sc-ciCoXh frIBdZ cPdSqu yle__article__paragraph\">\u2013 Jos joku l\u00f6yt\u00e4isi yhdenkin hitaan h\u00e4m\u00e4l\u00e4isen Lahdesta, olisin kiinnostunut tapaamaan h\u00e4net. Lahden seutukunnalla tuntuu olevan sellainen vauhti, ett\u00e4 hyv\u00e4 jos t\u00e4llainen savolaiskarjalainen ukko per\u00e4ss\u00e4 kest\u00e4\u00e4.<\/p>\n<p><strong class=\"sc-boKDdR jtqSng\">LUT tuottaa Lahden seudulle kansainv\u00e4lisi\u00e4 asiantuntijoita eri teht\u00e4viin<\/strong><\/p>\n<p>LUT-yliopiston rehtori Juha-Matti Saksa uskoo, ett\u00e4 yliopisto l\u00f6yt\u00e4\u00e4 osaajia ja rahaa my\u00f6s Suomen ulkopuolelta.<\/p>\n","protected":false},"excerpt":{"rendered":"Lahteen investoiva datakeskusoperaattori Day One tekee miljoonalahjoituksen LUT-korkeakouluille. Rehtorin mukaan yliopisto saa p\u00e4\u00e4tt\u00e4\u00e4, mihin se k\u00e4ytt\u00e4\u00e4 rahat. Avaa&hellip;\n","protected":false},"author":2,"featured_media":25095,"comment_status":"","ping_status":"","sticky":false,"template":"","format":"standard","meta":{"footnotes":""},"categories":[115],"tags":[33,31,30,455,96,1801,8085,1446,1268,454,118,32,119,2105],"class_list":{"0":"post-25094","1":"post","2":"type-post","3":"status-publish","4":"format-standard","5":"has-post-thumbnail","7":"category-fysiikka","8":"tag-fi","9":"tag-finland","10":"tag-finnish","11":"tag-fysiikka","12":"tag-koulutus","13":"tag-lahti","14":"tag-lappeenrannan-lahden-teknillinen-yliopisto-lut","15":"tag-lappeenranta","16":"tag-paijat-hame","17":"tag-physics","18":"tag-science","19":"tag-suomi","20":"tag-tiede","21":"tag-yliopistot"},"share_on_mastodon":{"url":"","error":""},"_links":{"self":[{"href":"https:\/\/www.europesays.com\/fi\/wp-json\/wp\/v2\/posts\/25094","targetHints":{"allow":["GET"]}}],"collection":[{"href":"https:\/\/www.europesays.com\/fi\/wp-json\/wp\/v2\/posts"}],"about":[{"href":"https:\/\/www.europesays.com\/fi\/wp-json\/wp\/v2\/types\/post"}],"author":[{"embeddable":true,"href":"https:\/\/www.europesays.com\/fi\/wp-json\/wp\/v2\/users\/2"}],"replies":[{"embeddable":true,"href":"https:\/\/www.europesays.com\/fi\/wp-json\/wp\/v2\/comments?post=25094"}],"version-history":[{"count":0,"href":"https:\/\/www.europesays.com\/fi\/wp-json\/wp\/v2\/posts\/25094\/revisions"}],"wp:featuredmedia":[{"embeddable":true,"href":"https:\/\/www.europesays.com\/fi\/wp-json\/wp\/v2\/media\/25095"}],"wp:attachment":[{"href":"https:\/\/www.europesays.com\/fi\/wp-json\/wp\/v2\/media?parent=25094"}],"wp:term":[{"taxonomy":"category","embeddable":true,"href":"https:\/\/www.europesays.com\/fi\/wp-json\/wp\/v2\/categories?post=25094"},{"taxonomy":"post_tag","embeddable":true,"href":"https:\/\/www.europesays.com\/fi\/wp-json\/wp\/v2\/tags?post=25094"}],"curies":[{"name":"wp","href":"https:\/\/api.w.org\/{rel}","templated":true}]}}