{"id":25096,"date":"2025-09-04T04:53:14","date_gmt":"2025-09-04T04:53:14","guid":{"rendered":"https:\/\/www.europesays.com\/fi\/25096\/"},"modified":"2025-09-04T04:53:14","modified_gmt":"2025-09-04T04:53:14","slug":"helsingin-katujenginjohtaja-milan-jaff-on-pelkka-kulissi-vaittaa-uusi-kirja","status":"publish","type":"post","link":"https:\/\/www.europesays.com\/fi\/25096\/","title":{"rendered":"Helsingin katujenginjohtaja Milan Jaff on pelkk\u00e4 kulissi, v\u00e4itt\u00e4\u00e4 uusi kirja"},"content":{"rendered":"<p>Katujengit|Uutuuskirja avaa katujengin johtajana pidetyn Milan Jaffin asemaa viime vuosien rikosilmi\u00f6ss\u00e4. Todellinen jengijohtaja n\u00e4ytt\u00e4\u00e4 olevan aivan toinen mies.<\/p>\n<p class=\"article-body margin-bottom-24 padding-x-16\">Suomalaisella katujengi-ilmi\u00f6ll\u00e4 n\u00e4ytt\u00e4\u00e4 olevan v\u00e4\u00e4r\u00e4t kasvot. Kyseenalaista keulakuvan mainetta kantaa kurditaustainen <a class=\"article-personlink\" href=\"https:\/\/www.hs.fi\/haku\/?query=Milan%20Jaff\" rel=\"nofollow noopener\" target=\"_blank\">Milan Jaff<\/a>, joka on vankilassa tuomittuna katujengirikoksista 47-nimisen jengin johtajana.<\/p>\n<p class=\"article-body margin-bottom-24 padding-x-16\">Mutta h\u00e4n voikin olla vain tarkoin piilossa pysytelleen todellisen rikollisjohtajan \u201dkilpimies\u201d.<\/p>\n","protected":false},"excerpt":{"rendered":"Katujengit|Uutuuskirja avaa katujengin johtajana pidetyn Milan Jaffin asemaa viime vuosien rikosilmi\u00f6ss\u00e4. Todellinen jengijohtaja n\u00e4ytt\u00e4\u00e4 olevan aivan toinen mies.&hellip;\n","protected":false},"author":2,"featured_media":25097,"comment_status":"","ping_status":"","sticky":false,"template":"","format":"standard","meta":{"footnotes":""},"categories":[134],"tags":[377,137,33,31,30,46,378,32,109],"class_list":{"0":"post-25096","1":"post","2":"type-post","3":"status-publish","4":"format-standard","5":"has-post-thumbnail","7":"category-kirjat","8":"tag-books","9":"tag-entertainment","10":"tag-fi","11":"tag-finland","12":"tag-finnish","13":"tag-helsingin-sanomat","14":"tag-kirjat","15":"tag-suomi","16":"tag-viihde"},"share_on_mastodon":{"url":"","error":""},"_links":{"self":[{"href":"https:\/\/www.europesays.com\/fi\/wp-json\/wp\/v2\/posts\/25096","targetHints":{"allow":["GET"]}}],"collection":[{"href":"https:\/\/www.europesays.com\/fi\/wp-json\/wp\/v2\/posts"}],"about":[{"href":"https:\/\/www.europesays.com\/fi\/wp-json\/wp\/v2\/types\/post"}],"author":[{"embeddable":true,"href":"https:\/\/www.europesays.com\/fi\/wp-json\/wp\/v2\/users\/2"}],"replies":[{"embeddable":true,"href":"https:\/\/www.europesays.com\/fi\/wp-json\/wp\/v2\/comments?post=25096"}],"version-history":[{"count":0,"href":"https:\/\/www.europesays.com\/fi\/wp-json\/wp\/v2\/posts\/25096\/revisions"}],"wp:featuredmedia":[{"embeddable":true,"href":"https:\/\/www.europesays.com\/fi\/wp-json\/wp\/v2\/media\/25097"}],"wp:attachment":[{"href":"https:\/\/www.europesays.com\/fi\/wp-json\/wp\/v2\/media?parent=25096"}],"wp:term":[{"taxonomy":"category","embeddable":true,"href":"https:\/\/www.europesays.com\/fi\/wp-json\/wp\/v2\/categories?post=25096"},{"taxonomy":"post_tag","embeddable":true,"href":"https:\/\/www.europesays.com\/fi\/wp-json\/wp\/v2\/tags?post=25096"}],"curies":[{"name":"wp","href":"https:\/\/api.w.org\/{rel}","templated":true}]}}