{"id":25098,"date":"2025-09-04T04:54:07","date_gmt":"2025-09-04T04:54:07","guid":{"rendered":"https:\/\/www.europesays.com\/fi\/25098\/"},"modified":"2025-09-04T04:54:07","modified_gmt":"2025-09-04T04:54:07","slug":"salatut-elamat-juonipaljastukset-noel-hairahtaa-vieraaseen-sankyyn","status":"publish","type":"post","link":"https:\/\/www.europesays.com\/fi\/25098\/","title":{"rendered":"Salatut el\u00e4m\u00e4t -juonipaljastukset: Noel hairahtaa vieraaseen s\u00e4nkyyn"},"content":{"rendered":"<p>\n            Salatut el\u00e4m\u00e4t Noel ja Jiri<br \/>\n            MTV\n        <\/p>\n<p class=\"subtitle \">Salatut el\u00e4m\u00e4t -sarjassa ensi viikolla Noel on j\u00e4\u00e4d\u00e4 rys\u00e4n p\u00e4\u00e4lt\u00e4 kiinni ja Aaro saa kylm\u00e4\u00e4 kyyti\u00e4.<\/p>\n<p class=\"article-content article-content-width !bg-background\">Sellist\u00e4 vapautunut Ismo t\u00f6rm\u00e4\u00e4 Iisaan majatalossa. Iisa antaa Ismolle j\u00e4lleen uuden k\u00e4yntikortin naljailujen kera. Ismo tuhoaa k\u00e4yntikortin j\u00e4lleen kerran. Kalle harmittelee omaa rakkausel\u00e4m\u00e4\u00e4ns\u00e4, koska on ihastunut varattuun ja heteroon perheenis\u00e4\u00e4n. Toisaalla Tatu tekee Lindalle paljastuksen.<\/p>\n<p class=\"article-content article-content-width !bg-background\">Aaro haluaa sopia Nadjan yhteishuoltajuudesta Evan kanssa. Eva ei suostu sopimaan Aaron kanssa mit\u00e4\u00e4n ja haluaa t\u00e4m\u00e4n pysyv\u00e4n kaukana Nadjasta. Eva heitt\u00e4\u00e4 Aaron pihalle, ja molemmat uhkailevat kohtaavansa toisensa oikeudessa.<\/p>\n<p class=\"article-content article-content-width !bg-background\">Sairaalassa Dahlia tokenee tokkurastaan ja vakuuttaa Kallelle, ettei ottanut liikaa unil\u00e4\u00e4kkeit\u00e4. Magnus paljastaa iso\u00e4idilleen, ett\u00e4 Aaron muisti on palannut ja kertoo uskovansa t\u00e4m\u00e4n yritt\u00e4neen myrkytt\u00e4\u00e4 Dahlian.<\/p>\n<p class=\"article-content article-content-width !bg-background\">Toisaalla Gunnar vahvistaa Karille ja Sallalle, ett\u00e4 Aaro huijasi h\u00e4net psykiatriselle. Gunnar, Kari ja Salla pelk\u00e4\u00e4v\u00e4t, ett\u00e4 Dahlia on vaarassa Aaron takia.<\/p>\n<p>        <a itemprop=\"url\" href=\"https:\/\/www.seiska.fi\/katso\/viivi-pumpanen-palasi-salkkareihin-katsojat-villiintyivat\/1914311\" rel=\"nofollow noopener\" target=\"_blank\"><\/p>\n<p>\nViivi Pumpanen\n<\/p>\n<p class=\"section-date\">\n        <strong class=\"article-section\" data-section=\"katso\"><br \/>\n            katso<br \/>\n        <\/strong><br \/>\n        29.8. 15:15\n    <\/p>\n<p>    Viivi Pumpanen palasi Salkkareihin \u2013 katsojat villiintyiv\u00e4t<\/p>\n<p itemprop=\"description\" class=\"subtitle \">\n    Viivi Pumpanen on tehnyt paluun Pihlajakadulle.\n<\/p>\n<p>        <\/a><\/p>\n<p>                <img loading=\"lazy\" decoding=\"async\" src=\"https:\/\/www.europesays.com\/fi\/wp-content\/uploads\/2025\/09\/1912116.webp\" width=\"576\" height=\"274\" alt=\"\" \/>            <\/p>\n<p>            MTV\n        <\/p>\n<p>        <a itemprop=\"url\" href=\"https:\/\/www.seiska.fi\/katso\/salatut-elamat-juonipaljastukset-poliisi-pidattaa-ismon\/1910935\" rel=\"nofollow noopener\" target=\"_blank\"><\/p>\n<p>\nSalatut el\u00e4m\u00e4t -juonipaljastukset\n<\/p>\n<p class=\"section-date\">\n        <strong class=\"article-section\" data-section=\"katso\"><br \/>\n            katso<br \/>\n        <\/strong><br \/>\n        28.8. 06:15\n    <\/p>\n<p>    Salatut el\u00e4m\u00e4t -juonipaljastukset: Poliisi pid\u00e4tt\u00e4\u00e4 Ismon<\/p>\n<p itemprop=\"description\" class=\"subtitle \">\n    Ensi viikolla Salatut el\u00e4m\u00e4t -sarjassa Ismolle k\u00e4y k\u00f6pel\u00f6sti ja Magnus joutuu pettym\u00e4\u00e4n ihastuksensa suhteen.\n<\/p>\n<p>        <\/a><\/p>\n<p class=\"article-content article-content-width !bg-background\">Dahlia h\u00e4mm\u00e4styy, kun Magnus paljastaa, ettei Aaron talosta l\u00f6ytynyt lastenhuonetta. Dahlia l\u00e4htee sairaalasta ja kovistelee Aaroa tappoyrityksest\u00e4. H\u00e4n komentaa Aaron h\u00e4ipym\u00e4\u00e4n el\u00e4m\u00e4st\u00e4\u00e4n.<\/p>\n<p class=\"article-content article-content-width !bg-background\">Daniela l\u00e4htee yll\u00e4tt\u00e4m\u00e4\u00e4n Noelin ty\u00f6matkalle Ouluun ja pakkaa seksikk\u00e4\u00e4t alusvaatteet mukaan. Sill\u00e4 aikaa Noelin ja tulevan liikekumppanin v\u00e4lill\u00e4 v\u00e4reilee.\u00a0<\/p>\n<p class=\"article-content article-content-width !bg-background\">My\u00f6hemmin Jiri yll\u00e4tt\u00e4\u00e4 Noelin ja naisen harrastamassa seksi\u00e4. Jiri pakenee paikalta ja kauhistuu, kun t\u00f6rm\u00e4\u00e4 Danielaan. Jiri saa h\u00e4m\u00e4tty\u00e4 Danielaa. Noel ei paljasta syrj\u00e4hyppy\u00e4\u00e4n Danielalle ja taipuu syyllisen\u00e4 sopuun ja seksiin t\u00e4m\u00e4n kanssa.<\/p>\n<p class=\"article-content article-content-width !bg-background\">Laila ahdistuu Kertun vaatiessa h\u00e4nelt\u00e4 taas rahaa ja varastaa Ollin ADHD-l\u00e4\u00e4kkeit\u00e4.<\/p>\n<p class=\"italic m-italic article-content article-content-width !bg-background\">Salatut el\u00e4m\u00e4t MTV3:lla MA\u2013TO. Seuraavan viikon jaksot katsottavissa perjantaisin MTV Katsomossa.<\/p>\n<p>        <a itemprop=\"url\" href=\"https:\/\/www.seiska.fi\/katso\/salatut-elamat-homoeroottinen-kohtaus\/1909637\" rel=\"nofollow noopener\" target=\"_blank\"><\/p>\n<p>\nSalatut el\u00e4m\u00e4t\n<\/p>\n<p class=\"section-date\">\n        <strong class=\"article-section\" data-section=\"katso\"><br \/>\n            katso<br \/>\n        <\/strong><br \/>\n        25.8. 14:45\n    <\/p>\n<p>    Salatut el\u00e4m\u00e4t: Homoeroottinen kohtaus<\/p>\n<p itemprop=\"description\" class=\"subtitle \">\n    \u00d6ljytyt miehet p\u00e4\u00e4tyv\u00e4t intiimeihin kuvauksiin.\n<\/p>\n<p>        <\/a><\/p>\n","protected":false},"excerpt":{"rendered":"Salatut el\u00e4m\u00e4t Noel ja Jiri MTV Salatut el\u00e4m\u00e4t -sarjassa ensi viikolla Noel on j\u00e4\u00e4d\u00e4 rys\u00e4n p\u00e4\u00e4lt\u00e4 kiinni ja&hellip;\n","protected":false},"author":2,"featured_media":25099,"comment_status":"","ping_status":"","sticky":false,"template":"","format":"standard","meta":{"footnotes":""},"categories":[133],"tags":[137,33,31,30,2376,209,7145,8086,4463,7144,32,206,156,109],"class_list":{"0":"post-25098","1":"post","2":"type-post","3":"status-publish","4":"format-standard","5":"has-post-thumbnail","7":"category-televisiot","8":"tag-entertainment","9":"tag-fi","10":"tag-finland","11":"tag-finnish","12":"tag-mtv","13":"tag-salatut-elamat","14":"tag-salatut-elamat-juonipaljastukset","15":"tag-salkkareiden-juonipaljastukset","16":"tag-salkkarit","17":"tag-salkkarit-juonipaljastukset","18":"tag-suomi","19":"tag-televisiot","20":"tag-tv","21":"tag-viihde"},"share_on_mastodon":{"url":"","error":""},"_links":{"self":[{"href":"https:\/\/www.europesays.com\/fi\/wp-json\/wp\/v2\/posts\/25098","targetHints":{"allow":["GET"]}}],"collection":[{"href":"https:\/\/www.europesays.com\/fi\/wp-json\/wp\/v2\/posts"}],"about":[{"href":"https:\/\/www.europesays.com\/fi\/wp-json\/wp\/v2\/types\/post"}],"author":[{"embeddable":true,"href":"https:\/\/www.europesays.com\/fi\/wp-json\/wp\/v2\/users\/2"}],"replies":[{"embeddable":true,"href":"https:\/\/www.europesays.com\/fi\/wp-json\/wp\/v2\/comments?post=25098"}],"version-history":[{"count":0,"href":"https:\/\/www.europesays.com\/fi\/wp-json\/wp\/v2\/posts\/25098\/revisions"}],"wp:featuredmedia":[{"embeddable":true,"href":"https:\/\/www.europesays.com\/fi\/wp-json\/wp\/v2\/media\/25099"}],"wp:attachment":[{"href":"https:\/\/www.europesays.com\/fi\/wp-json\/wp\/v2\/media?parent=25098"}],"wp:term":[{"taxonomy":"category","embeddable":true,"href":"https:\/\/www.europesays.com\/fi\/wp-json\/wp\/v2\/categories?post=25098"},{"taxonomy":"post_tag","embeddable":true,"href":"https:\/\/www.europesays.com\/fi\/wp-json\/wp\/v2\/tags?post=25098"}],"curies":[{"name":"wp","href":"https:\/\/api.w.org\/{rel}","templated":true}]}}