{"id":251197,"date":"2026-05-18T11:42:07","date_gmt":"2026-05-18T11:42:07","guid":{"rendered":"https:\/\/www.europesays.com\/fi\/251197\/"},"modified":"2026-05-18T11:42:07","modified_gmt":"2026-05-18T11:42:07","slug":"evil-dead-ohjaaja-palaa-send-helpin-jalkeen-kauhun-pariin","status":"publish","type":"post","link":"https:\/\/www.europesays.com\/fi\/251197\/","title":{"rendered":"Evil Dead -ohjaaja palaa Send Helpin j\u00e4lkeen kauhun pariin"},"content":{"rendered":"<p>Sam Raimi ohjaa Anthony Hopkinsin vuoden 1978 Magic-kauhuelokuvan uusintaversion.<\/p>\n<p><a href=\"https:\/\/www.hollywoodreporter.com\/movies\/movie-news\/sam-raimi-direct-ventriloquist-horror-movie-magic-1236597227\/\" target=\"_blank\" rel=\"noreferrer noopener nofollow\">The Hollywood Reporter<\/a> kertoo <a href=\"https:\/\/muropaketti.com\/avainsana\/sam-raimi\/\" rel=\"nofollow noopener\" target=\"_blank\">Sam Raimin<\/a> palaavan kauhun pariin alkuvuodesta ensi-iltansa saaneen mustaa komediaa, trilleri\u00e4 ja kauhua sekoittaneen Send Helpin j\u00e4lkeen. <\/p>\n<p>Raimi ohjaa Magic-elokuvan, joka perustuu William Goldmanin kirjaan. Richard Attenborough ohjasi sen pohjalta jo vuoden 1978 saman nimisen leffan, jonka p\u00e4\u00e4osaan n\u00e4ytteli Anthony Hopkins. <\/p>\n<p>Raimi oli jo aiemmin mukana kierr\u00e4tyksess\u00e4 tuottajan roolissa. <\/p>\n<p>Magickin k\u00e4sikirjoituksesta vastaavat Send Helpinkin rustanneet Mark Swift ja Damian Shannon. Kaksikko on aiemmin k\u00e4sikirjoittanut my\u00f6s esimerkiksi Freddy vs. Jason -leffan ja Friday the 13th -uusintaversion.<\/p>\n<p>Vuoden 1978 elokuvassa Hopkins esitti Corky-nimist\u00e4 vatsastapuhujaa, jonka mieli j\u00e4rkkyy. Leffassa n\u00e4htiin my\u00f6s muun muassa Ann-Margret ja Burgess Meredith.<\/p>\n<p>Raimin Magic-elokuvan n\u00e4yttelij\u00f6ist\u00e4 tai ensi-illasta ei ole viel\u00e4 tietoa.<\/p>\n<p>Muropaketin kolmen t\u00e4hden arvostelussa Send Helpist\u00e4 todettiin muun muassa seuraavaa:<\/p>\n<p>\u201dPuutteistaan huolimatta Send Help on tarpeeksi omaper\u00e4inen ja Raimille tyypillisell\u00e4 kuvastoltaan h\u00e4ijy tehd\u00e4kseen elokuvasta p\u00e4tev\u00e4n, kauhuhenkisen viihdytt\u00e4j\u00e4n. Kokonaisuutta kantaa harteillaan McAdamsin tinkim\u00e4t\u00f6n roolisuoritus.\u201d<\/p>\n","protected":false},"excerpt":{"rendered":"Sam Raimi ohjaa Anthony Hopkinsin vuoden 1978 Magic-kauhuelokuvan uusintaversion. The Hollywood Reporter kertoo Sam Raimin palaavan kauhun pariin&hellip;\n","protected":false},"author":2,"featured_media":251198,"comment_status":"","ping_status":"","sticky":false,"template":"","format":"standard","meta":{"footnotes":"","_share_on_mastodon":"0"},"categories":[131],"tags":[9907,155,137,33,173,31,30,172,4754,32,109],"class_list":["post-251197","post","type-post","status-publish","format-standard","has-post-thumbnail","category-elokuvat","tag-anthony-hopkins","tag-elokuvat","tag-entertainment","tag-fi","tag-film","tag-finland","tag-finnish","tag-movies","tag-sam-raimi","tag-suomi","tag-viihde"],"share_on_mastodon":{"url":"https:\/\/pubeurope.com\/@fi\/116595402133302500","error":""},"_links":{"self":[{"href":"https:\/\/www.europesays.com\/fi\/wp-json\/wp\/v2\/posts\/251197","targetHints":{"allow":["GET"]}}],"collection":[{"href":"https:\/\/www.europesays.com\/fi\/wp-json\/wp\/v2\/posts"}],"about":[{"href":"https:\/\/www.europesays.com\/fi\/wp-json\/wp\/v2\/types\/post"}],"author":[{"embeddable":true,"href":"https:\/\/www.europesays.com\/fi\/wp-json\/wp\/v2\/users\/2"}],"replies":[{"embeddable":true,"href":"https:\/\/www.europesays.com\/fi\/wp-json\/wp\/v2\/comments?post=251197"}],"version-history":[{"count":0,"href":"https:\/\/www.europesays.com\/fi\/wp-json\/wp\/v2\/posts\/251197\/revisions"}],"wp:featuredmedia":[{"embeddable":true,"href":"https:\/\/www.europesays.com\/fi\/wp-json\/wp\/v2\/media\/251198"}],"wp:attachment":[{"href":"https:\/\/www.europesays.com\/fi\/wp-json\/wp\/v2\/media?parent=251197"}],"wp:term":[{"taxonomy":"category","embeddable":true,"href":"https:\/\/www.europesays.com\/fi\/wp-json\/wp\/v2\/categories?post=251197"},{"taxonomy":"post_tag","embeddable":true,"href":"https:\/\/www.europesays.com\/fi\/wp-json\/wp\/v2\/tags?post=251197"}],"curies":[{"name":"wp","href":"https:\/\/api.w.org\/{rel}","templated":true}]}}