{"id":251247,"date":"2026-05-18T12:47:12","date_gmt":"2026-05-18T12:47:12","guid":{"rendered":"https:\/\/www.europesays.com\/fi\/251247\/"},"modified":"2026-05-18T12:47:12","modified_gmt":"2026-05-18T12:47:12","slug":"juuri-nyt-yllatyskaanne-helsinki-gardenissa-ikuisuusprojektista-pyyhkaistiin-pois-hotelli-ja-asunnot-paikalliset","status":"publish","type":"post","link":"https:\/\/www.europesays.com\/fi\/251247\/","title":{"rendered":"Juuri nyt | Yll\u00e4tysk\u00e4\u00e4nne Helsinki Gardenissa! \u2013\u2009 ikuisuusprojektista pyyhk\u00e4istiin pois hotelli ja asunnot | Paikalliset"},"content":{"rendered":"<p>Helsinki Gardenin yhteyteen ei rakenneta asuntoja ja hotellia. Helsingin J\u00e4\u00e4hallin viereen nousee pelk\u00e4st\u00e4\u00e4n areena urheilutapahtumille ja konserteille. Yleis\u00f6kapasiteetiksi on kerrottu aiemmin 20 000 ihmist\u00e4.<\/p>\n<p>Asiasta kertoo projektiyhti\u00f6n hallituksen puheenjohtaja <strong>Jan Vapaavuori<\/strong>. Projektiyhti\u00f6ll\u00e4 on k\u00e4ynniss\u00e4 tiedotustilaisuus Helsingiss\u00e4.<\/p>\n<p>\u2013\u2009Kaikki riskit, joita liittyi hotelliin ja asuntoihin, poistuvat kokonaan. Se tekee hankkeesta olennaisesti rahoituskelpoisemman. Rakennamme riitt\u00e4v\u00e4n ison ja riitt\u00e4v\u00e4n modernin hallin, Vapaavuori kertoo.<\/p>\n<p>Vapaavuoren mukaan rakentaminen on tarkoitus aloittaa vuoden 2027.  Rakentamisaika on kolme vuotta. Valmista olisi vuonna 2030<\/p>\n<p>Vapaavuoren mukaan areenaa nostetaan aiemmista suunnitelmista poiketen osittain maan tasolle, mik\u00e4 tekee siit\u00e4 perinteisen areenan, jolla on my\u00f6s kaupunkikuvallinen merkitys. T\u00e4m\u00e4 tekee hankkeen toteuttamisesta edullisemman.<\/p>\n<p>\t\t<a class=\"diks-gallery__link\" href=\"https:\/\/i.media.fi\/incoming\/8zglix\/8643849.jpg\/alternates\/FREE_1440\/8643849.jpg\" data-thumbnail=\"\" data-sub-html=\"Garden Helsinki\u00e4 on suunniteltu l\u00e4hes 20 vuoden ajan. Havainnekuva vuodelta 2016.  \u00a9 Arkkitehtuuritoimisto B &amp; M Oy ja PES-Arkkitehdit\" aria-label=\"Katso isompi kuva\" rel=\"nofollow noopener\" target=\"_blank\"><br \/>\n\t\t\t\t<img class=\"diks-figure__image\" src=\"https:\/\/www.europesays.com\/fi\/wp-content\/uploads\/2026\/05\/8643849.jpg\" loading=\"lazy\" decoding=\"sync\" alt=\"\"\/><\/p>\n<p>\t\t\t<\/a><br \/>\n\t\t\t\t\tGarden Helsinki\u00e4 on suunniteltu l\u00e4hes 20 vuoden ajan. Havainnekuva vuodelta 2016.  \u00a9 Arkkitehtuuritoimisto B &amp; M Oy ja PES-Arkkitehdit<\/p>\n<p>Hankkeen rajaaminen ainoastaan areenaan, pys\u00e4k\u00f6intihalliin ja viereisen j\u00e4\u00e4hallin remonttiin ja muutost\u00f6ihin voi jopa puolittaa hankkeen kustannusarviota.<\/p>\n<p>Vapaavuori sanoo riisutun suunnitelman &#8221;alkavan nelosella&#8221;.<br \/>\nHotellin ja asuintaloja sis\u00e4lt\u00e4neen hankkeen kustannusarviot olivat noin 700-800 000 euroa.<\/p>\n<p>Areenaa on suunniteltu l\u00e4hes 20 vuoden ajan.<\/p>\n<p><strong>Vapaavuori ker<\/strong>toi <a href=\"https:\/\/www.hs.fi\/urheilu\/art-2000011992179.html\" rel=\"nofollow noopener\" target=\"_blank\">Helsingin Sanomille<\/a> toukokuussa, ettei Garden Helsinki saa jumahtaa ikuisuusprojektiksi. P\u00e4\u00e4t\u00f6s rakentamisesta tai hankkeen lopullisesta hautaamisesta on teht\u00e4v\u00e4 t\u00e4n\u00e4 vuonna Vapaavuori kertoi toukokuun alussa.<\/p>\n<p>\u2013\u2009Projektin tulevaisuuden kannalta on t\u00e4rke\u00e4\u00e4, ett\u00e4 meill\u00e4 on palikat t\u00e4m\u00e4n vuoden loppuun menness\u00e4 kasassa, h\u00e4n sanoi.<\/p>\n<p>Noin 20\u2009000 ihmisen areenalla ja hotellilla on ollut vuosia vahva asemakaava. Kaupungilta tarvittaisiin k\u00e4yt\u00e4nn\u00f6ss\u00e4 en\u00e4\u00e4 rakennuslupa t\u00f6iden aloittamiseksi.<\/p>\n<p>Helsingin apulaispormestari <strong>Paavo Arhinm\u00e4ki <\/strong>(vas.) sanoi MTV:lle syyskuussa, ett\u00e4 Garden Helsingin rahoitus pit\u00e4isi saada eteenp\u00e4in merkitt\u00e4v\u00e4sti vuoden aikana.<\/p>\n<p>\u2013\u2009Me emme voi en\u00e4\u00e4 odottaa kovin pitk\u00e4\u00e4n. Sen pit\u00e4\u00e4 nyt l\u00e4hte\u00e4 toteutumaan aika pikaisesti. Selvyys pit\u00e4\u00e4 olla vuoden sis\u00e4ll\u00e4. T\u00e4m\u00e4 jarruttaa t\u00e4ll\u00e4 hetkell\u00e4 muita hankkeita. Esimerkiksi Helsingin j\u00e4\u00e4hallissa pit\u00e4\u00e4 katto korjata, Arhinm\u00e4ki sanoi.<\/p>\n<p>Hankkeen mukaan Garden Helsinki on valmistuessaan &#8221;sek\u00e4 kapasiteetiltaan ett\u00e4 teknologialtaan Pohjoismaiden johtava tapahtuma-areena.&#8221; Sen on tarkoitus korvata Helsingin j\u00e4\u00e4halli HIFK:n kotiareenana. My\u00f6s Helsinki Seagulls haluaa pelata siell\u00e4 koripalloa T\u00f6\u00f6l\u00f6n Kisahallin sijaan.<\/p>\n<p>Juttu p\u00e4ivittyy.<\/p>\n","protected":false},"excerpt":{"rendered":"Helsinki Gardenin yhteyteen ei rakenneta asuntoja ja hotellia. Helsingin J\u00e4\u00e4hallin viereen nousee pelk\u00e4st\u00e4\u00e4n areena urheilutapahtumille ja konserteille. Yleis\u00f6kapasiteetiksi&hellip;\n","protected":false},"author":2,"featured_media":251248,"comment_status":"","ping_status":"","sticky":false,"template":"","format":"standard","meta":{"footnotes":"","_share_on_mastodon":"0"},"categories":[5],"tags":[22,23,26,27,33,31,30,17,8876,46,104,24,25,28,29,15,18,21,637,2305,402,885,32,19,20,16],"class_list":["post-251247","post","type-post","status-publish","format-standard","has-post-thumbnail","category-otsikot","tag-breaking-news","tag-breakingnews","tag-featured-news","tag-featurednews","tag-fi","tag-finland","tag-finnish","tag-headlines","tag-helsingin-hotellit","tag-helsingin-sanomat","tag-helsinki","tag-latest-news","tag-latestnews","tag-main-news","tag-mainnews","tag-news","tag-otsikot","tag-paauutiset","tag-politiikka","tag-puheenaiheet","tag-rakentaminen-kiinteistot","tag-suomen-poliittiset-puolueet","tag-suomi","tag-top-stories","tag-topstories","tag-uutiset"],"share_on_mastodon":{"url":"https:\/\/pubeurope.com\/@fi\/116595657819466834","error":""},"_links":{"self":[{"href":"https:\/\/www.europesays.com\/fi\/wp-json\/wp\/v2\/posts\/251247","targetHints":{"allow":["GET"]}}],"collection":[{"href":"https:\/\/www.europesays.com\/fi\/wp-json\/wp\/v2\/posts"}],"about":[{"href":"https:\/\/www.europesays.com\/fi\/wp-json\/wp\/v2\/types\/post"}],"author":[{"embeddable":true,"href":"https:\/\/www.europesays.com\/fi\/wp-json\/wp\/v2\/users\/2"}],"replies":[{"embeddable":true,"href":"https:\/\/www.europesays.com\/fi\/wp-json\/wp\/v2\/comments?post=251247"}],"version-history":[{"count":0,"href":"https:\/\/www.europesays.com\/fi\/wp-json\/wp\/v2\/posts\/251247\/revisions"}],"wp:featuredmedia":[{"embeddable":true,"href":"https:\/\/www.europesays.com\/fi\/wp-json\/wp\/v2\/media\/251248"}],"wp:attachment":[{"href":"https:\/\/www.europesays.com\/fi\/wp-json\/wp\/v2\/media?parent=251247"}],"wp:term":[{"taxonomy":"category","embeddable":true,"href":"https:\/\/www.europesays.com\/fi\/wp-json\/wp\/v2\/categories?post=251247"},{"taxonomy":"post_tag","embeddable":true,"href":"https:\/\/www.europesays.com\/fi\/wp-json\/wp\/v2\/tags?post=251247"}],"curies":[{"name":"wp","href":"https:\/\/api.w.org\/{rel}","templated":true}]}}