{"id":25163,"date":"2025-09-04T06:44:07","date_gmt":"2025-09-04T06:44:07","guid":{"rendered":"https:\/\/www.europesays.com\/fi\/25163\/"},"modified":"2025-09-04T06:44:07","modified_gmt":"2025-09-04T06:44:07","slug":"ulla-tapanisen-kaveri-lausui-kohtalokkaan-ennustuksen-nain-kavi","status":"publish","type":"post","link":"https:\/\/www.europesays.com\/fi\/25163\/","title":{"rendered":"Ulla Tapanisen kaveri lausui kohtalokkaan ennustuksen: N\u00e4in k\u00e4vi"},"content":{"rendered":"<p>Marraskuussa 70 vuotta t\u00e4ytt\u00e4v\u00e4n taiteilijan syksyyn kuuluu \u201dtuttua kamaluutta\u201d.<\/p>\n<p class=\"paragraph\">N\u00e4yttelij\u00e4, laulaja, koomikko <a href=\"https:\/\/www.iltalehti.fi\/henkilot\/Ulla Tapaninen\" class=\"article-link-person-page\" rel=\"nofollow noopener\" target=\"_blank\">Ulla Tapaninen<\/a>, 69, on mukana tuoreessa El\u00e4m\u00e4 on juhla -elokuvassa. Kuvaukset olivat vuosi sitten ja sivuroolissa olevalla Tapanisella oli kymmenkunta kuvausp\u00e4iv\u00e4\u00e4. H\u00e4n muistuttaa, ett\u00e4 elokuvan tekeminen on hidasta. H\u00e4nen kohtauksensa kuvattiin It\u00e4-Helsingiss\u00e4, vaikka elokuva sijoittuukin Nauvoon.<\/p>\n<p class=\"paragraph\">Taiteilijat eiv\u00e4t tapaa j\u00e4\u00e4d\u00e4 kokonaan el\u00e4kkeelle \u2013 ei virallisesti el\u00e4kkeell\u00e4 oleva Tapaninenkaan. H\u00e4n kokee olevansa enemm\u00e4n \u201dlive kuin levy\u201d, mutta tekee mielell\u00e4\u00e4n kuvausvierailuja. N\u00e4yttelij\u00e4 on otettu, kun rooleja tarjotaan.<\/p>\n<p class=\"paragraph\">\u2013 En ole kranttu. Ei nyt joka risaukseen tarvitse rynn\u00e4t\u00e4 suin p\u00e4in. Miksei tekisi sit\u00e4 ammattiaan, kun jaksaa ja jotain osaa jo t\u00e4ss\u00e4 vaiheessa, h\u00e4n pohtii.<\/p>\n<p class=\"paragraph\">Tapaninen tunnetaan my\u00f6s laulajana. H\u00e4n on solistina Nasevat kurtut -orkesterissa, joka on kuitenkin ollut \u201dtelakalla\u201d yhtyeen j\u00e4senten kiireiden takia. Laulurooleja ei ole tullut viime aikoina tehty\u00e4.<\/p>\n<p class=\"paragraph\">Silloin kun mik\u00e4\u00e4n projekti ei paina p\u00e4\u00e4lle, Tapaninen ei suunnittele tekemisi\u00e4\u00e4n.<\/p>\n<p class=\"paragraph\">\u2013 Jokainen p\u00e4iv\u00e4 on omansa. Ei ole mit\u00e4\u00e4n rutiinia, ett\u00e4 pit\u00e4isi tehd\u00e4 jotain.<\/p>\n<p>Pokka<\/p>\n<p class=\"paragraph\">Tapaninen paljastaa lehdist\u00f6tilaisuudessa, ett\u00e4 pokka ei pet\u00e4. Niin sanottu \u201dputoaminen\u201d on h\u00e4nelle hyvin harvinaista. H\u00e4n ei haluakaan, ett\u00e4 pit\u00e4isi ottaa uusia ottoja.<\/p>\n<p class=\"paragraph\">\u2013 Kyll\u00e4 se pit\u00e4\u00e4, kun keskittyy. Min\u00e4 olen tosissaan mutten tosikkona.<\/p>\n<p class=\"paragraph\">Kysymykseen siit\u00e4, mik\u00e4 koomikkoa itse\u00e4\u00e4n naurattaa, tulee Tapaniselta napakka vastaus.<\/p>\n<p class=\"paragraph\">\u2013 Eih\u00e4n, minnuuhan ei naurata mikk\u00e4\u00e4.<\/p>\n<p class=\"paragraph\">\u2013 Min\u00e4 olen hirve\u00e4n huono nauramaan.<\/p>\n<p class=\"paragraph\">Tapaninen kuitenkin my\u00f6nt\u00e4\u00e4, ett\u00e4 hetkess\u00e4 syntyv\u00e4 tilannekomiikka naurattaa. H\u00e4n saattaa kumppaninsa kanssa kotona hieman \u201dhyr\u00e4hdell\u00e4\u201d. Oman kuvauksensa mukaan h\u00e4n on hym\u00e4htelij\u00e4 ja nauraa sis\u00e4\u00e4np\u00e4in \u2013 eik\u00e4 kuulu hohottajaporukkaan. Hymykin kuuluu repertuaariin; tekonaurusta h\u00e4n ei pid\u00e4.<\/p>\n<p class=\"paragraph\">Edesmennyt veli oli my\u00f6s v\u00e4h\u00e4n naurava henkil\u00f6, ja oli asian Tapaniselle muotoillut omanlaisena aforisminaan.<\/p>\n<p class=\"paragraph\">\u2013 Kyll\u00e4 tavallinen suomalainen mies voi el\u00e4\u00e4 t\u00e4ysipainoisen el\u00e4m\u00e4n nauramatta kertaakaan \u00e4\u00e4neen.<\/p>\n<p>Ponnistus<\/p>\n<p class=\"paragraph\">Tapaninen t\u00e4ytt\u00e4\u00e4 marraskuussa 70 vuotta, mutta esiintyv\u00e4 taiteilija ei ehdi juhlia suunnitella. Syntym\u00e4p\u00e4iv\u00e4ns\u00e4 aattona h\u00e4nell\u00e4 on nimitt\u00e4in Lava-ammuntaa-monologisarjan kahdeksannen osan ensi-ilta. Sarja on aiemmin esitellyt esimerkiksi stand-up-komiikkaa, sit down -komiikkaa, six pack -komiikkaa ja nyt tietenkin after eight -komiikkaa.<\/p>\n<p class=\"paragraph\">\u2013 Se on hirve\u00e4 ponnistus, ett\u00e4 teet semmoisen puolentoista tunnin monologin, Tapaninen summaa.<\/p>\n<p class=\"paragraph\">Tekstin takominen p\u00e4\u00e4h\u00e4n vaatii ahkeruutta ja keskittymist\u00e4. Tapaninen on k\u00e4sikirjoittanut monologin yhdess\u00e4 <a href=\"https:\/\/www.iltalehti.fi\/henkilot\/Raila Lepp\u00e4koski\" class=\"article-link-person-page\" rel=\"nofollow noopener\" target=\"_blank\">Raila Lepp\u00e4kosken<\/a> kanssa. Lavaharjoitusten alkaessa teksti tulee olla hallussa.<\/p>\n<p class=\"paragraph\">\u2013 Toivon ett\u00e4 t\u00e4m\u00e4 ottaa vastaan sit\u00e4 opettelua, Tapaninen sanoo ja osoittaa p\u00e4\u00e4t\u00e4\u00e4n.<\/p>\n<p class=\"paragraph\">H\u00e4n my\u00f6nt\u00e4\u00e4, ett\u00e4 ty\u00f6 on m\u00e4\u00e4ritellyt el\u00e4m\u00e4n. H\u00e4n pit\u00e4\u00e4 hyv\u00e4n\u00e4 asiana, ett\u00e4 Lava-ammuntaa vaatii ponnistelua.<\/p>\n<p class=\"paragraph\">\u2013 Sit\u00e4 tuttua kamaluutta. On se hirve\u00e4 urakka, h\u00e4n siunailee.<\/p>\n<p class=\"paragraph\">\u2013 30 vuotta lava-ammuntaa, 50 vuotta ammatissa, 70 vuotta el\u00e4m\u00e4\u00e4, tiivist\u00e4\u00e4 taiteilija esityksen sloganin.<\/p>\n<p>Ulla Tapaninen j\u00e4nnitt\u00e4\u00e4 syksyll\u00e4 edess\u00e4 olevaa tekstiurakkaa. Susanna Jyllinmaa<\/p>\n<p class=\"paragraph\">Yksityist\u00e4 juhlintaa ei ole aikaa suunnitella.<\/p>\n<p class=\"paragraph\">\u2013 Min\u00e4 laitan ilmoituksen, ett\u00e4 en juhli merkkip\u00e4iv\u00e4\u00e4ni, olen ongella, h\u00e4n veistelee.<\/p>\n<p class=\"paragraph\">\u2013 Siin\u00e4 on juhlaa ihan tarpeeksi, ett\u00e4 saa ja pystyy viel\u00e4 tekem\u00e4\u00e4n tuollaisen puserruksen, eik\u00f6s siin\u00e4 ole juhlaa ihan tarpeeksi? Voin min\u00e4 jonkin kakkupalan sy\u00f6d\u00e4, jos joku tarjoaa, h\u00e4n lis\u00e4\u00e4 viel\u00e4.<\/p>\n<p class=\"paragraph\">Tapaninen ei muutenkaan tunnustaudu juhlijaksi. H\u00e4n ei nuorempanakaan ollut festari- tai disco-ihminen. Hyv\u00e4 ruoka ja juoma ja rauhallinen tila ovat t\u00e4rkeit\u00e4 tekij\u00f6it\u00e4; fasiliteetit pit\u00e4\u00e4 olla kunnossa.<\/p>\n<p class=\"paragraph\">\u2013 Minusta on kiva tavata ihmisi\u00e4 rauhallisessa ymp\u00e4rist\u00f6ss\u00e4. Muutama lasi viini\u00e4 ja jutellaan. En kest\u00e4 sit\u00e4 yleish\u00e4ly\u00e4, se saa minut hermostuneeksi.<\/p>\n<p>Pakastaja<\/p>\n<p class=\"paragraph\">Ty\u00f6t\u00e4\u00e4n Tapaninen on saanut uransa aikana tehd\u00e4 rauhassa. H\u00e4n kokee v\u00e4lttyneens\u00e4 h\u00e4irik\u00f6innilt\u00e4, hyv\u00e4ksik\u00e4ytt\u00e4miselt\u00e4, ep\u00e4reiluudelta ja ilkeyksilt\u00e4.<\/p>\n<p class=\"paragraph\">\u2013 Olen vissiin sen verran topsakka tytt\u00f6, ett\u00e4 ei tulla ihan nen\u00e4lle eik\u00e4 varpaille hyppim\u00e4\u00e4n.<\/p>\n<p class=\"paragraph\">Muumimamman \u00e4\u00e4nen\u00e4kin tunnetun taiteilijan uran varrelta l\u00f6ytyy yksi hahmo, josta tulee eniten palautetta. Hahmo on saavuttanut taiteilijan mukaan k\u00e4sitt\u00e4m\u00e4tt\u00f6m\u00e4n suosion. Siit\u00e4 tulevat puhumaan niin pienet lapset kuin pari\u2013kolmekymppisetkin. Hahmo on tietenkin kolmesta Risto R\u00e4pp\u00e4\u00e4j\u00e4 -elokuvasta tuttu Pakastaja-Elvi.<\/p>\n<p class=\"paragraph\">Musiikin kyseisiin elokuvasarjan osiin, joissa Tapaninen oli mukana, teki h\u00e4nen vanha tuttunsa <a href=\"https:\/\/www.iltalehti.fi\/henkilot\/Iiro Rantala\" class=\"article-link-person-page\" rel=\"nofollow noopener\" target=\"_blank\">Iiro Rantala<\/a>.<\/p>\n<p class=\"paragraph\">\u2013 Iiro sanoi minulle, kun harjoiteltiin niit\u00e4 biisej\u00e4, ett\u00e4 \u201dUlla, t\u00e4st\u00e4 meid\u00e4t tullaan muistamaan\u201d.<\/p>\n<p class=\"paragraph\">\u2013 Niin kuin me muuta emme olisi tehneet. Hauskasti sanottu, ja kyll\u00e4h\u00e4n se n\u00e4ytt\u00e4\u00e4 olevan, mik\u00e4s siin\u00e4.<\/p>\n<p>Pakastaja-Elvin hahmosta Ulla Tapaninen saa paljon palautetta. Susanna Jyllinmaa<\/p>\n","protected":false},"excerpt":{"rendered":"Marraskuussa 70 vuotta t\u00e4ytt\u00e4v\u00e4n taiteilijan syksyyn kuuluu \u201dtuttua kamaluutta\u201d. N\u00e4yttelij\u00e4, laulaja, koomikko Ulla Tapaninen, 69, on mukana tuoreessa&hellip;\n","protected":false},"author":2,"featured_media":25164,"comment_status":"","ping_status":"","sticky":false,"template":"","format":"standard","meta":{"footnotes":""},"categories":[130],"tags":[35,138,137,33,31,30,47,718,32,485,484,109],"class_list":{"0":"post-25163","1":"post","2":"type-post","3":"status-publish","4":"format-standard","5":"has-post-thumbnail","7":"category-viihde","8":"tag-24h","9":"tag-audio","10":"tag-entertainment","11":"tag-fi","12":"tag-finland","13":"tag-finnish","14":"tag-musiikki","15":"tag-nayttamotaide","16":"tag-suomi","17":"tag-taide-yleista","18":"tag-taiteellinen-ilmaisu-ja-mediat","19":"tag-viihde"},"share_on_mastodon":{"url":"","error":""},"_links":{"self":[{"href":"https:\/\/www.europesays.com\/fi\/wp-json\/wp\/v2\/posts\/25163","targetHints":{"allow":["GET"]}}],"collection":[{"href":"https:\/\/www.europesays.com\/fi\/wp-json\/wp\/v2\/posts"}],"about":[{"href":"https:\/\/www.europesays.com\/fi\/wp-json\/wp\/v2\/types\/post"}],"author":[{"embeddable":true,"href":"https:\/\/www.europesays.com\/fi\/wp-json\/wp\/v2\/users\/2"}],"replies":[{"embeddable":true,"href":"https:\/\/www.europesays.com\/fi\/wp-json\/wp\/v2\/comments?post=25163"}],"version-history":[{"count":0,"href":"https:\/\/www.europesays.com\/fi\/wp-json\/wp\/v2\/posts\/25163\/revisions"}],"wp:featuredmedia":[{"embeddable":true,"href":"https:\/\/www.europesays.com\/fi\/wp-json\/wp\/v2\/media\/25164"}],"wp:attachment":[{"href":"https:\/\/www.europesays.com\/fi\/wp-json\/wp\/v2\/media?parent=25163"}],"wp:term":[{"taxonomy":"category","embeddable":true,"href":"https:\/\/www.europesays.com\/fi\/wp-json\/wp\/v2\/categories?post=25163"},{"taxonomy":"post_tag","embeddable":true,"href":"https:\/\/www.europesays.com\/fi\/wp-json\/wp\/v2\/tags?post=25163"}],"curies":[{"name":"wp","href":"https:\/\/api.w.org\/{rel}","templated":true}]}}