{"id":251745,"date":"2026-05-19T01:50:15","date_gmt":"2026-05-19T01:50:15","guid":{"rendered":"https:\/\/www.europesays.com\/fi\/251745\/"},"modified":"2026-05-19T01:50:15","modified_gmt":"2026-05-19T01:50:15","slug":"salohallin-yleisoennatys-menee-tiistaina-rikki-jengi-puhuu-etta-vilppaalle-tulee-rahaa-ovista-ja-ikkunoista","status":"publish","type":"post","link":"https:\/\/www.europesays.com\/fi\/251745\/","title":{"rendered":"Salohallin yleis\u00f6enn\u00e4tys menee tiistaina rikki \u2013 &#8221;Jengi puhuu, ett\u00e4 Vilppaalle tulee rahaa ovista ja ikkunoista&#8221;"},"content":{"rendered":"<p>Vilppaan toimistolla Turuntiell\u00e4 ei ollut maanantaina ruuhkaa. Silti lipunostajia tiistain ratkaisufinaaliin Vilpas-Kataja k\u00e4vi tasaiseen tahtiin.<\/p>\n<p>\u2013\u2009Ennakkoliput loppuvat tuntien sis\u00e4ll\u00e4. Pieni m\u00e4\u00e4r\u00e4 lippuja j\u00e4tet\u00e4\u00e4n ovelle, Vilppaan toiminnanjohtaja <b>Niko Kallioniemi<\/b> kertoi maanantaina kello 16.<\/p>\n<p>Tiistaina tullaan rikkomaan sek\u00e4 Vilppaan ett\u00e4 Salohallin historian yleis\u00f6enn\u00e4tys, mik\u00e4 on 2 524 katsojaa tammikuussa 2025 pelatusta AND1-turnausottelusta Vilpas\u2013Kouvot.<\/p>\n<p>\u2013 Uskon, ett\u00e4 2 600 katsojan raja ylittyy.<\/p>\n<p>Kallioniemi arvioi, ett\u00e4 kausikorttilaisten, omien juniorien ja talkoolaisten lis\u00e4ksi Vilpas myy tiistaille 1 600\u20131 700 irtolippua.<\/p>\n<p>T\u00e4yteen mittaan venynyt kev\u00e4t on ollut Vilppaan taustaryhm\u00e4lle kiireinen.<\/p>\n<p>\u2013\u2009Ja pitk\u00e4, Kallioniemi huikkaa.<\/p>\n<p>\u2013 Itsell\u00e4nikin alkaa olla turnausv\u00e4symyst\u00e4, niin millaista se pelaajilla mahtaa olla? Mutta onhan t\u00e4m\u00e4 urheilun suola, ei saa valittaa.<\/p>\n<p>Vilppaan suosio on noussut t\u00e4n\u00e4 kev\u00e4\u00e4n\u00e4 koronaa edelt\u00e4vien vuosien huipputasolle. Ennen seitsem\u00e4tt\u00e4 finaalia kokonaisyleis\u00f6m\u00e4\u00e4r\u00e4 on 42 724 ja keskiarvo 1 643. Kumpikin lukema on seurahistorian kolmanneksi paras.<\/p>\n<p>Vilppaan kokonaisyleis\u00f6m\u00e4\u00e4r\u00e4 tulee nousemaan viime kaudesta noin 13 500 katsojalla. Kasvu selittyy yksin pudotuspeleill\u00e4, sill\u00e4 viime kaudella viitt\u00e4 pudotuspeliottelua seurasi Salohallissa yhteens\u00e4 7 434 katsojaa, nyt kymmenen pudotuspelien kotiottelua on seurannut 18 884 katsojaa.<\/p>\n<p>Menestyksen taloudellinen merkitys on valtava, mutta Kallioniemi vet\u00e4\u00e4 suitsista.<\/p>\n<p>\u2013 Jengi puhuu, ett\u00e4 Vilppaalle tulee rahaa ovista ja ikkunoista, mutta olen yritt\u00e4nyt sanoa kaikille, ett\u00e4 my\u00f6s kulut ovat kasvaneet.<\/p>\n<p><b>Mutta helpottaahan t\u00e4m\u00e4 ensi kautta?<\/b><\/p>\n<p>\u2013\u2009Ehdottomasti. Emmeh\u00e4n me olleet budjetoineet yht\u00e4toista pudotuspeliottelua, Kallioniemi my\u00f6nt\u00e4\u00e4.<\/p>\n<p>Kallioniemi muistuttaa, ett\u00e4 vuosien 2020\u20132021 koronapandemia oli Vilppaalle kalliimpi isku kuin muille liigaseuroille. Koronan j\u00e4ljet ovat n\u00e4kyneet seuran taloudessa ja toiminnassa edelleen, mutta viimeist\u00e4\u00e4n t\u00e4m\u00e4 kev\u00e4t pyyhkii nekin vaikeudet unholaan.<\/p>\n<p>Samalla toimiston ovi k\u00e4y taas.<\/p>\n<p>\u2013 Ei sul mitt\u00e4 lippui olis, nainen kysyy arasti tuulikaapista.<\/p>\n<p>\u2013 On niit\u00e4 viel\u00e4 muutama, Kallioniemi vastaa.<\/p>\n<p>Ja taas kassaan kilahti 30 euroa lis\u00e4\u00e4.<\/p>\n<p>Salohallin historian (1998\u20132026) suurimmat yleis\u00f6t:<\/p>\n<p>1) 2 524 Vilpas\u2013Kataja, tammikuu 2025. AND1-turnausottelu<br \/>2) 2 452 Hurrikaani\u2013VaLePa, huhtikuu 2012. Lentopallon miesten Mestaruusliigan 7. finaali.<br \/>3) 2 411 Vilpas\u2013Kouvot, tammikuu 2024. AND1-turnausottelu.<br \/>4) 2 383 Vilpas\u2013Kouvot, tammikuu 2020. AND 1-turnausottelu.<br \/>5) 2 366 Vilpas\u2013Kataja, toukokuu 2026. 5. finaali.<br \/>6) 2 352 Vilpas\u2013Kataja, toukokuu 2017. 5. finaali.<br \/>7) 2 316 Vilpas\u2013Kouvot, tammikuu 2026. AND1-turnausottelu<br \/>8) 2 315 Vilpas\u2013Karhu, huhtikuu 2017. 7. v\u00e4lier\u00e4.<br \/>9) 2 305 Vilpas\u2013Kataja, toukokuu 2017. 3. finaali.<br \/>10) 2 267 Vilpas\u2013Korihait, huhtikuu 2026, 7. v\u00e4lier\u00e4<\/p>\n","protected":false},"excerpt":{"rendered":"Vilppaan toimistolla Turuntiell\u00e4 ei ollut maanantaina ruuhkaa. Silti lipunostajia tiistain ratkaisufinaaliin Vilpas-Kataja k\u00e4vi tasaiseen tahtiin. \u2013\u2009Ennakkoliput loppuvat tuntien&hellip;\n","protected":false},"author":2,"featured_media":251746,"comment_status":"","ping_status":"","sticky":false,"template":"","format":"standard","meta":{"footnotes":"","_share_on_mastodon":"0"},"categories":[12],"tags":[22,23,26,27,33,31,30,17,4500,24,25,28,29,15,18,21,32,19,20,16,14820],"class_list":["post-251745","post","type-post","status-publish","format-standard","has-post-thumbnail","category-suomi","tag-breaking-news","tag-breakingnews","tag-featured-news","tag-featurednews","tag-fi","tag-finland","tag-finnish","tag-headlines","tag-korisliiga","tag-latest-news","tag-latestnews","tag-main-news","tag-mainnews","tag-news","tag-otsikot","tag-paauutiset","tag-suomi","tag-top-stories","tag-topstories","tag-uutiset","tag-vilpas"],"share_on_mastodon":{"url":"https:\/\/pubeurope.com\/@fi\/116598736475599144","error":""},"_links":{"self":[{"href":"https:\/\/www.europesays.com\/fi\/wp-json\/wp\/v2\/posts\/251745","targetHints":{"allow":["GET"]}}],"collection":[{"href":"https:\/\/www.europesays.com\/fi\/wp-json\/wp\/v2\/posts"}],"about":[{"href":"https:\/\/www.europesays.com\/fi\/wp-json\/wp\/v2\/types\/post"}],"author":[{"embeddable":true,"href":"https:\/\/www.europesays.com\/fi\/wp-json\/wp\/v2\/users\/2"}],"replies":[{"embeddable":true,"href":"https:\/\/www.europesays.com\/fi\/wp-json\/wp\/v2\/comments?post=251745"}],"version-history":[{"count":0,"href":"https:\/\/www.europesays.com\/fi\/wp-json\/wp\/v2\/posts\/251745\/revisions"}],"wp:featuredmedia":[{"embeddable":true,"href":"https:\/\/www.europesays.com\/fi\/wp-json\/wp\/v2\/media\/251746"}],"wp:attachment":[{"href":"https:\/\/www.europesays.com\/fi\/wp-json\/wp\/v2\/media?parent=251745"}],"wp:term":[{"taxonomy":"category","embeddable":true,"href":"https:\/\/www.europesays.com\/fi\/wp-json\/wp\/v2\/categories?post=251745"},{"taxonomy":"post_tag","embeddable":true,"href":"https:\/\/www.europesays.com\/fi\/wp-json\/wp\/v2\/tags?post=251745"}],"curies":[{"name":"wp","href":"https:\/\/api.w.org\/{rel}","templated":true}]}}