{"id":252118,"date":"2026-05-19T10:56:11","date_gmt":"2026-05-19T10:56:11","guid":{"rendered":"https:\/\/www.europesays.com\/fi\/252118\/"},"modified":"2026-05-19T10:56:11","modified_gmt":"2026-05-19T10:56:11","slug":"drooni-ammuttu-alas-virossa-varoitus-myos-latvian-ilmatilassa-uutisia-lyhyesti","status":"publish","type":"post","link":"https:\/\/www.europesays.com\/fi\/252118\/","title":{"rendered":"Drooni ammuttu alas Virossa \u2013 varoitus my\u00f6s Latvian ilmatilassa | Uutisia lyhyesti"},"content":{"rendered":"<p class=\"aw-1gybjub aw-5vja16 kEtdKx kmuxyA yle__article__paragraph\">Viron viranomaiset saivat etuk\u00e4teen tiedon droonista Latvian viranomaisilta. Drooni oli puolustusministeri Hanno Pevkurin mukaan todenn\u00e4k\u00f6isesti ukrainalainen.<\/p>\n<p><img decoding=\"async\" alt=\"Kartalla n\u00e4kyy V\u00f5rtsj\u00e4rven sijainti.\" src=\"https:\/\/www.europesays.com\/fi\/wp-content\/uploads\/2026\/05\/1779184882.jpeg\" class=\"aw-1l9m598 hKVVvP\"\/><\/p>\n<p>Avaa kuvien katselu<\/p>\n<p>Kartta n\u00e4ytt\u00e4\u00e4 V\u00f5rtsj\u00e4rven sijainnin kartalla. Delfi-median mukaan h\u00e4vitt\u00e4j\u00e4t ampuivat droonin alas j\u00e4rven yl\u00e4puolella. Kuva: Maija Keskisaari \/ Yle, Mapcreator, OpenStreetMap<\/p>\n<p>12:51\u2022P\u00e4ivitetty 13:53<\/p>\n<p class=\"aw-1gybjub aw-1p7kakr kEtdKx cEmitX yle__article__paragraph\">Etel\u00e4-Virossa on ammuttu alas drooni, kertoi Viron puolustusministeri <strong class=\"aw-ak79eh KyCXm yle__article__strong\">Hanno Pevkur<\/strong> tiistaina lehdist\u00f6tilaisuudessa.<\/p>\n<p class=\"aw-1gybjub aw-1p7kakr kEtdKx cEmitX yle__article__paragraph\">Pevkurin mukaan ilmeisesti Ukrainasta per\u00e4isin oleva drooni tuli Viron ilmatilaan, jolloin Baltian h\u00e4vitt\u00e4j\u00e4t ampuivat sen alas V\u00f5rtsj\u00e4rven ja P\u00f5ltsamaan kapungin v\u00e4liin j\u00e4\u00e4v\u00e4ll\u00e4 alueella.<\/p>\n<p><img decoding=\"async\" alt=\"Mies puhuu mikrofoniin tiedotustilaisuudessa.\" src=\"https:\/\/www.europesays.com\/fi\/wp-content\/uploads\/2026\/05\/1779186404.jpeg\" loading=\"lazy\" class=\"aw-1l9m598 hKVVvP\"\/><\/p>\n<p>Avaa kuvien katselu<\/p>\n<p>Viron puolustusministeri Hanno Pevkur. Kuva: Nicolas Tucat \/ AFP<\/p>\n<p class=\"aw-1gybjub aw-1p7kakr kEtdKx cEmitX yle__article__paragraph\">Puolustusministeri Pevkurin mukaan Viro sai droonista etuk\u00e4teen tiedon latvialaisilta kollegoilta. Pevkur sanoi, ett\u00e4 my\u00f6s Viron tutkaj\u00e4rjestelm\u00e4 havaitsi etel\u00e4iseen Viroon matkalla olleen droonin.<\/p>\n<p class=\"aw-1gybjub aw-1p7kakr kEtdKx cEmitX yle__article__paragraph\">\u2013 Aktivoimme tarvittavat toimenpiteet. Baltian ilmavalvonnasta vastavaa romanialainen F-16-h\u00e4vitt\u00e4j\u00e4 ampui droonin alas, puolustusministeri Pevkur sanoi lehdist\u00f6tilaisuudessa.<\/p>\n<p>Droonin j\u00e4\u00e4nteet putosivat syrj\u00e4iselle alueelle<\/p>\n<p class=\"aw-1gybjub aw-1p7kakr kEtdKx cEmitX yle__article__paragraph\">Aalas ammuttu drooni on Hanno Pevkurin mukaan pudonnut soiselle alueelle ja puolustusvoimat etsii niit\u00e4 yhdess\u00e4 suojelupoliisin kanssa.<\/p>\n<p class=\"aw-1gybjub aw-1p7kakr kEtdKx cEmitX yle__article__paragraph\">Drooni ei aiheuttanut henkil\u00f6- eik\u00e4 omaisuusvahinkoja.<\/p>\n<p><img decoding=\"async\" alt=\"Kreikan ilmavoimien F-16 -h\u00e4vitt\u00e4j\u00e4 ilmassa.\" src=\"https:\/\/www.europesays.com\/fi\/wp-content\/uploads\/2026\/05\/1773675587.jpeg\" loading=\"lazy\" class=\"aw-1l9m598 hKVVvP\"\/><\/p>\n<p>Avaa kuvien katselu<\/p>\n<p>Viroon ajautuneen droonin ampui alas t\u00e4m\u00e4ntyyppinen F-16-h\u00e4vitt\u00e4j\u00e4. Ampunut kone kuuluu Romanian ilmavoimille, jotka vastaavat t\u00e4ll\u00e4 hetkell\u00e4 Baltian ilmavalvonnasta. Kuvan h\u00e4vitt\u00e4j\u00e4 ei liity tapaukseen. Kuva: Nicolas Economou \/ AOP<\/p>\n<p class=\"aw-1gybjub aw-1p7kakr kEtdKx cEmitX yle__article__paragraph\">Pevkurin mukaan drooni oli todenn\u00e4k\u00f6isesti ukrainalaista alkuper\u00e4\u00e4 ja suunnattu Ven\u00e4j\u00e4ll\u00e4 sijaitseviin kohteisiin.<\/p>\n<p class=\"aw-1gybjub aw-1p7kakr kEtdKx cEmitX yle__article__paragraph\">Viron puolustusvoimat varoitti drooniuhasta virolaisen EE-Alarm-j\u00e4rjestelm\u00e4n kautta. Varoitus kohdistettiin J\u00f5gevan, P\u00f5lvan, Tarton, Valgan, Viljandin ja V\u00f5run maakuntiin eli Kaakkois- ja Etel\u00e4-Viroon.<\/p>\n<p class=\"aw-1gybjub aw-1p7kakr kEtdKx cEmitX yle__article__paragraph\">Varoitus annettiin kello 12 ja vaara ohi -tiedote tuli kello 12.55.<\/p>\n<p>Viron puolustusvoimat antoi varoituksen Etel\u00e4-Viroon<\/p>\n<p class=\"aw-1gybjub aw-1p7kakr kEtdKx cEmitX yle__article__paragraph\">Puolustusvoimat antoivat viimeksi uhkavaroituksen 3. toukokuuta, tuolloin V\u00f5run ja It\u00e4-Virun maakuntiin.<\/p>\n<p class=\"aw-1gybjub aw-1p7kakr kEtdKx cEmitX yle__article__paragraph\">Ven\u00e4j\u00e4n luoteisalue joutui toistuvien drooni-iskujen kohteeksi tiistaiaamuna. Pihkovan ja Pietarin Pulkovo on suljettu.<\/p>\n<p class=\"aw-1gybjub aw-1p7kakr kEtdKx cEmitX yle__article__paragraph\">My\u00f6s Latvian asevoimat kertoo, ett\u00e4 Latvian ilmatilassa on p\u00e4\u00e4ll\u00e4 mahdollinen uhka. Latvian asevoimat NBS<a class=\"aw-iao6s4 iHOxEa yle__article__link\" href=\"https:\/\/x.com\/Latvijas_armija\/status\/2056662162303574408\" role=\"link\" rel=\"nofollow\"> kertoo X-tilill\u00e4\u00e4n<\/a>, ett\u00e4 mahdollinen uhka on p\u00e4\u00e4ll\u00e4 Latvian ilmatilassa, Kr\u0101slavassa, Prei\u013cos, Ludzassa ja R\u0113zeknessa.<\/p>\n<p class=\"aw-1gybjub aw-1p7kakr kEtdKx cEmitX yle__article__paragraph\">Lentoliikennett\u00e4 seuraavan <a class=\"aw-iao6s4 iHOxEa yle__article__link\" href=\"https:\/\/www.flightradar24.com\/SVF680\/3fc35e39\" role=\"link\" rel=\"nofollow noopener\" target=\"_blank\">Flightradar-palvelun<\/a> mukaan Ruotsin ilmavoimien tiedustelukone lent\u00e4\u00e4 parhaillaan Viron ja Latvian it\u00e4rajalla.<\/p>\n<p class=\"aw-1gybjub aw-1p7kakr kEtdKx cEmitX yle__article__paragraph\">Yle Uutisten toimittaja Kotkassa on havainnut ilmavoimien h\u00e4vitt\u00e4jien lent\u00e4v\u00e4n alueen yll\u00e4.<\/p>\n<p class=\"aw-1gybjub aw-1p7kakr kEtdKx cEmitX yle__article__paragraph\">Uutinen p\u00e4ivittyy.<\/p>\n","protected":false},"excerpt":{"rendered":"Viron viranomaiset saivat etuk\u00e4teen tiedon droonista Latvian viranomaisilta. Drooni oli puolustusministeri Hanno Pevkurin mukaan todenn\u00e4k\u00f6isesti ukrainalainen. Avaa kuvien&hellip;\n","protected":false},"author":2,"featured_media":252119,"comment_status":"","ping_status":"","sticky":false,"template":"","format":"standard","meta":{"footnotes":"","_share_on_mastodon":"0"},"categories":[14],"tags":[4362,22,23,26,27,33,31,30,17,24,25,7708,28,29,15,18,21,32,19,20,546,56,16,4029,59,60,61],"class_list":["post-252118","post","type-post","status-publish","format-standard","has-post-thumbnail","category-ulkomaat","tag-baltia","tag-breaking-news","tag-breakingnews","tag-featured-news","tag-featurednews","tag-fi","tag-finland","tag-finnish","tag-headlines","tag-latest-news","tag-latestnews","tag-latvia","tag-main-news","tag-mainnews","tag-news","tag-otsikot","tag-paauutiset","tag-suomi","tag-top-stories","tag-topstories","tag-turvallisuus","tag-ulkomaat","tag-uutiset","tag-viro","tag-world","tag-world-news","tag-worldnews"],"share_on_mastodon":{"url":"https:\/\/pubeurope.com\/@fi\/116600884067384981","error":""},"_links":{"self":[{"href":"https:\/\/www.europesays.com\/fi\/wp-json\/wp\/v2\/posts\/252118","targetHints":{"allow":["GET"]}}],"collection":[{"href":"https:\/\/www.europesays.com\/fi\/wp-json\/wp\/v2\/posts"}],"about":[{"href":"https:\/\/www.europesays.com\/fi\/wp-json\/wp\/v2\/types\/post"}],"author":[{"embeddable":true,"href":"https:\/\/www.europesays.com\/fi\/wp-json\/wp\/v2\/users\/2"}],"replies":[{"embeddable":true,"href":"https:\/\/www.europesays.com\/fi\/wp-json\/wp\/v2\/comments?post=252118"}],"version-history":[{"count":0,"href":"https:\/\/www.europesays.com\/fi\/wp-json\/wp\/v2\/posts\/252118\/revisions"}],"wp:featuredmedia":[{"embeddable":true,"href":"https:\/\/www.europesays.com\/fi\/wp-json\/wp\/v2\/media\/252119"}],"wp:attachment":[{"href":"https:\/\/www.europesays.com\/fi\/wp-json\/wp\/v2\/media?parent=252118"}],"wp:term":[{"taxonomy":"category","embeddable":true,"href":"https:\/\/www.europesays.com\/fi\/wp-json\/wp\/v2\/categories?post=252118"},{"taxonomy":"post_tag","embeddable":true,"href":"https:\/\/www.europesays.com\/fi\/wp-json\/wp\/v2\/tags?post=252118"}],"curies":[{"name":"wp","href":"https:\/\/api.w.org\/{rel}","templated":true}]}}