{"id":252170,"date":"2026-05-19T12:14:10","date_gmt":"2026-05-19T12:14:10","guid":{"rendered":"https:\/\/www.europesays.com\/fi\/252170\/"},"modified":"2026-05-19T12:14:10","modified_gmt":"2026-05-19T12:14:10","slug":"kupsista-tuttu-pelaaja-kannettiin-paareilla-kentalta-urheilu","status":"publish","type":"post","link":"https:\/\/www.europesays.com\/fi\/252170\/","title":{"rendered":"KuPSista tuttu pelaaja kannettiin paareilla kent\u00e4lt\u00e4 | Urheilu"},"content":{"rendered":"<p>Kuopion Palloseuran viime mestaruuskausien puolustuksen muuri <strong>Ibrahim Cisse <\/strong>loukkaantui sunnuntain kierroksella Ruotsin Allsvenskanissa.<\/p>\n<p>Viime kauden p\u00e4\u00e4tteeksi Tukholmaan AIK:hon siirtynyt norsunluurannikkolaistoppari kannettiin paareille pois kent\u00e4lt\u00e4 sunnuntain peliss\u00e4 V\u00e4ster\u00e5s SK:ta vastaan.<\/p>\n<p>27-vuotiaan puolustajan jalka v\u00e4\u00e4ntyi taklaustilanteessa ottelun lopussa.<\/p>\n<p>Loukkaantuneella Cissell\u00e4 oli ottelussa ep\u00e4onnea jo ennen t\u00f6rm\u00e4yst\u00e4. Aftonbladetin mukaan Cisse ohjasi vahingossa V\u00e4ster\u00e5sin laukauksen omaan maaliin.<\/p>\n<p>AIK:n p\u00e4\u00e4valmentaja <strong>Jose Riveiro<\/strong>, joka vaikutti pitk\u00e4\u00e4n Suomessakin, kuvaili ottelun kentt\u00e4\u00e4n todella kuivaksi.<\/p>\n<p>\u2013\u2009T\u00e4llaisilla kentill\u00e4 saa t\u00e4llaisia vammoja, Riveiro totesi <a href=\"https:\/\/www.aftonbladet.se\/sportbladet\/fotboll\/a\/bOXPPe\/aik-kryssade-mot-vasteras-sk-efter-dromfrispark-och-backskador\" rel=\"nofollow noopener\" target=\"_blank\">Aftonbladetille<\/a>.<\/p>\n<p>Cisse poistui stadionilta pelin j\u00e4lkeen kyyn\u00e4rsauvojen kanssa.<\/p>\n","protected":false},"excerpt":{"rendered":"Kuopion Palloseuran viime mestaruuskausien puolustuksen muuri Ibrahim Cisse loukkaantui sunnuntain kierroksella Ruotsin Allsvenskanissa. Viime kauden p\u00e4\u00e4tteeksi Tukholmaan AIK:hon&hellip;\n","protected":false},"author":2,"featured_media":252171,"comment_status":"","ping_status":"","sticky":false,"template":"","format":"standard","meta":{"footnotes":"","_share_on_mastodon":"0"},"categories":[14],"tags":[22,23,26,27,33,31,30,17,43,42,1984,1132,3221,4141,24,25,41,28,29,15,18,21,32,19,20,56,16,59,60,61],"class_list":["post-252170","post","type-post","status-publish","format-standard","has-post-thumbnail","category-ulkomaat","tag-breaking-news","tag-breakingnews","tag-featured-news","tag-featurednews","tag-fi","tag-finland","tag-finnish","tag-headlines","tag-jalkapallo","tag-jalkapalloon-perustuvat-lajit","tag-jalkapallopelaajat-miehet","tag-kuopio","tag-kuopion-palloseura-kups","tag-kups","tag-latest-news","tag-latestnews","tag-liikunta-ja-urheilu","tag-main-news","tag-mainnews","tag-news","tag-otsikot","tag-paauutiset","tag-suomi","tag-top-stories","tag-topstories","tag-ulkomaat","tag-uutiset","tag-world","tag-world-news","tag-worldnews"],"share_on_mastodon":{"url":"https:\/\/pubeurope.com\/@fi\/116601190337623620","error":""},"_links":{"self":[{"href":"https:\/\/www.europesays.com\/fi\/wp-json\/wp\/v2\/posts\/252170","targetHints":{"allow":["GET"]}}],"collection":[{"href":"https:\/\/www.europesays.com\/fi\/wp-json\/wp\/v2\/posts"}],"about":[{"href":"https:\/\/www.europesays.com\/fi\/wp-json\/wp\/v2\/types\/post"}],"author":[{"embeddable":true,"href":"https:\/\/www.europesays.com\/fi\/wp-json\/wp\/v2\/users\/2"}],"replies":[{"embeddable":true,"href":"https:\/\/www.europesays.com\/fi\/wp-json\/wp\/v2\/comments?post=252170"}],"version-history":[{"count":0,"href":"https:\/\/www.europesays.com\/fi\/wp-json\/wp\/v2\/posts\/252170\/revisions"}],"wp:featuredmedia":[{"embeddable":true,"href":"https:\/\/www.europesays.com\/fi\/wp-json\/wp\/v2\/media\/252171"}],"wp:attachment":[{"href":"https:\/\/www.europesays.com\/fi\/wp-json\/wp\/v2\/media?parent=252170"}],"wp:term":[{"taxonomy":"category","embeddable":true,"href":"https:\/\/www.europesays.com\/fi\/wp-json\/wp\/v2\/categories?post=252170"},{"taxonomy":"post_tag","embeddable":true,"href":"https:\/\/www.europesays.com\/fi\/wp-json\/wp\/v2\/tags?post=252170"}],"curies":[{"name":"wp","href":"https:\/\/api.w.org\/{rel}","templated":true}]}}