{"id":25225,"date":"2025-09-04T08:06:08","date_gmt":"2025-09-04T08:06:08","guid":{"rendered":"https:\/\/www.europesays.com\/fi\/25225\/"},"modified":"2025-09-04T08:06:08","modified_gmt":"2025-09-04T08:06:08","slug":"ylen-toimittaja-on-liian-suosittu-mikaan-konsti-ei-auttanut","status":"publish","type":"post","link":"https:\/\/www.europesays.com\/fi\/25225\/","title":{"rendered":"Ylen toimittaja on liian suosittu: \u201dMik\u00e4\u00e4n konsti ei auttanut\u201d"},"content":{"rendered":"<p>Ylen toimittaja Maxim Fedorov kertoo kohdanneensa ongelman Facebookissa.<\/p>\n<p><img decoding=\"async\" class=\"image image-show image-preview\" src=\"https:\/\/www.europesays.com\/fi\/wp-content\/uploads\/2025\/09\/6f407eb09d3c546d779d9c728c84865eec0246bb961e08251be706537c3f43ac.jpg\" alt=\"\"\/><img decoding=\"async\" class=\"image image-show\" src=\"https:\/\/www.europesays.com\/fi\/wp-content\/uploads\/2025\/09\/1756973168_621_6f407eb09d3c546d779d9c728c84865eec0246bb961e08251be706537c3f43ac.jpg\" alt=\"\"\/><\/p>\n<p>Maxim Fedorov tuli t\u00f6ihin Ylelle vuonna 2013. Juha metso\/AOP<\/p>\n<p class=\"paragraph\">Ylen toimittaja <strong>Maxim Fedorov<\/strong> pyyt\u00e4\u00e4 anteeksi someseuraajiltaan Facebook-julkaisussaan.<\/p>\n<p class=\"paragraph\">Fedorov kertoo saaneensa lukuisia kaveripyynt\u00f6j\u00e4 Facebookissa, mutta ei ole pystynyt hyv\u00e4ksym\u00e4\u00e4n niit\u00e4.<\/p>\n<p class=\"paragraph\">\u2013 En voi hyv\u00e4ksy\u00e4 niit\u00e4, koska Facebookin asettama raja tuli vastaan eik\u00e4 mik\u00e4\u00e4n konsti auttanut siihen, toimittaja selitt\u00e4\u00e4 p\u00e4ivityksess\u00e4\u00e4n.<\/p>\n<p class=\"paragraph\">\u2013 Mutta ei huolta! Kaikki postaukseni t\u00e4ss\u00e4 ovat julkisia, joten ette j\u00e4\u00e4 mist\u00e4\u00e4n paitsi, vaikka seuraatte minua ilman sen syvemp\u00e4\u00e4 kaveruussuhdetta, h\u00e4n lis\u00e4\u00e4.<\/p>\n<p class=\"paragraph\">Fedorov kehottaakin ihmisi\u00e4 seuraamaan h\u00e4nt\u00e4 Instagramissa, jota h\u00e4n k\u00e4ytt\u00e4\u00e4 muutenkin paljon aktiivisemmin.<\/p>\n<p class=\"paragraph\">\u2013 Ja nyt lasketaan, kuinka moni laittaa kommenttikentt\u00e4\u00e4n, ett\u00e4 ei ole Instaa, ei jaksa roikkua siell\u00e4 tai \u201dminulle riitt\u00e4\u00e4 yksi some\u201d, toimittaja kirjoittaa vitsikk\u00e4\u00e4sti.<\/p>\n<p class=\"paragraph\">Mik\u00e4li julkaisu ei n\u00e4y, voit katsoa sen <a href=\"https:\/\/www.facebook.com\/maxim.fedorov.460410\/posts\/pfbid023k646iMfwG8ddc6TTfavhXK39LusbbBjspr1ciNNGNvLQAjDWXUc6BCJ3tXGMEhil\" target=\"_blank\" rel=\"noopener nofollow\">t\u00e4\u00e4lt\u00e4<\/a>.<\/p>\n<p class=\"paragraph\">Moni onkin kirjoittanut Fedorovin p\u00e4ivityksen kommenttikentt\u00e4\u00e4n, ett\u00e4 heill\u00e4 ei ole Instagram-tili\u00e4, jonka kautta seurata h\u00e4nt\u00e4.<\/p>\n<p class=\"paragraph\">Fedorovilla on Facebookissa noin 12 000 seuraajaa ja <a href=\"https:\/\/www.instagram.com\/finpereulok\/\" target=\"_blank\" rel=\"noopener nofollow\">Instagramissa<\/a> yli 10 300. Toimittaja julkaisee omien sanojensa mukaan Instagramissa muun muassa huumorisis\u00e4lt\u00f6\u00e4 sek\u00e4 kertoo lukemistaan kirjoista.<\/p>\n<p class=\"paragraph\">Pietarissa syntynyt ja kasvanut Fedorov aloitti uransa Ylell\u00e4 vuonna 2013, jolloin mediatalossa aloitettiin ven\u00e4j\u00e4nkieliset uutiset. Fedorov siirtyi Ylen toimittajaksi Ukrainan Kiovaan toukokuussa 2022 Ven\u00e4j\u00e4n hy\u00f6kk\u00e4yksen my\u00f6t\u00e4.<\/p>\n<p><script async src=\"\/\/www.instagram.com\/embed.js\"><\/script><\/p>\n","protected":false},"excerpt":{"rendered":"Ylen toimittaja Maxim Fedorov kertoo kohdanneensa ongelman Facebookissa. Maxim Fedorov tuli t\u00f6ihin Ylelle vuonna 2013. Juha metso\/AOP Ylen&hellip;\n","protected":false},"author":2,"featured_media":25226,"comment_status":"","ping_status":"","sticky":false,"template":"","format":"standard","meta":{"footnotes":""},"categories":[14],"tags":[35,22,23,26,27,33,31,30,17,148,147,1511,24,25,28,29,1616,15,18,21,979,32,19,20,56,16,59,60,61],"class_list":{"0":"post-25225","1":"post","2":"type-post","3":"status-publish","4":"format-standard","5":"has-post-thumbnail","7":"category-ulkomaat","8":"tag-24h","9":"tag-breaking-news","10":"tag-breakingnews","11":"tag-featured-news","12":"tag-featurednews","13":"tag-fi","14":"tag-finland","15":"tag-finnish","16":"tag-headlines","17":"tag-internet","18":"tag-internet-palvelut","19":"tag-joukkoviestinta","20":"tag-latest-news","21":"tag-latestnews","22":"tag-main-news","23":"tag-mainnews","24":"tag-media-viestinta","25":"tag-news","26":"tag-otsikot","27":"tag-paauutiset","28":"tag-sahkoinen-media","29":"tag-suomi","30":"tag-top-stories","31":"tag-topstories","32":"tag-ulkomaat","33":"tag-uutiset","34":"tag-world","35":"tag-world-news","36":"tag-worldnews"},"share_on_mastodon":{"url":"","error":""},"_links":{"self":[{"href":"https:\/\/www.europesays.com\/fi\/wp-json\/wp\/v2\/posts\/25225","targetHints":{"allow":["GET"]}}],"collection":[{"href":"https:\/\/www.europesays.com\/fi\/wp-json\/wp\/v2\/posts"}],"about":[{"href":"https:\/\/www.europesays.com\/fi\/wp-json\/wp\/v2\/types\/post"}],"author":[{"embeddable":true,"href":"https:\/\/www.europesays.com\/fi\/wp-json\/wp\/v2\/users\/2"}],"replies":[{"embeddable":true,"href":"https:\/\/www.europesays.com\/fi\/wp-json\/wp\/v2\/comments?post=25225"}],"version-history":[{"count":0,"href":"https:\/\/www.europesays.com\/fi\/wp-json\/wp\/v2\/posts\/25225\/revisions"}],"wp:featuredmedia":[{"embeddable":true,"href":"https:\/\/www.europesays.com\/fi\/wp-json\/wp\/v2\/media\/25226"}],"wp:attachment":[{"href":"https:\/\/www.europesays.com\/fi\/wp-json\/wp\/v2\/media?parent=25225"}],"wp:term":[{"taxonomy":"category","embeddable":true,"href":"https:\/\/www.europesays.com\/fi\/wp-json\/wp\/v2\/categories?post=25225"},{"taxonomy":"post_tag","embeddable":true,"href":"https:\/\/www.europesays.com\/fi\/wp-json\/wp\/v2\/tags?post=25225"}],"curies":[{"name":"wp","href":"https:\/\/api.w.org\/{rel}","templated":true}]}}