{"id":252291,"date":"2026-05-19T15:17:13","date_gmt":"2026-05-19T15:17:13","guid":{"rendered":"https:\/\/www.europesays.com\/fi\/252291\/"},"modified":"2026-05-19T15:17:13","modified_gmt":"2026-05-19T15:17:13","slug":"suomi-aikoo-osallistua-hormuzinsalmen-turvaamiseen-politiikka","status":"publish","type":"post","link":"https:\/\/www.europesays.com\/fi\/252291\/","title":{"rendered":"Suomi aikoo osallistua Hormuzinsalmen turvaamiseen | Politiikka"},"content":{"rendered":"<p class=\"aw-1gybjub aw-5vja16 kEtdKx kmuxyA yle__article__paragraph\">Suomi on ollut mukana sotilaallisessa suunnittelussa, jonka tavoitteena on tehd\u00e4 salmesta taas turvallinen liikenteelle.<\/p>\n<p><img decoding=\"async\" alt=\"Laivoja seisoo merell\u00e4 Hormuzinsalmella. Taustalla vuori.\" src=\"https:\/\/www.europesays.com\/fi\/wp-content\/uploads\/2026\/05\/1779174383.jpeg\" class=\"aw-1l9m598 hKVVvP\"\/><\/p>\n<p>Avaa kuvien katselu<\/p>\n<p>Kauppalaivoja oli ankkuroituna Omanin rannikolla Hormuzinsalmessa 18.5. Kuva: AFP<\/p>\n<p class=\"aw-1gybjub aw-1p7kakr kEtdKx cEmitX yle__article__paragraph\">Suomi suunnittelee osallistuvansa Hormuzinsalmen liikenteen turvaamiseen. Alueelle on tarkoitus menn\u00e4 vasta, kun siell\u00e4 ei en\u00e4\u00e4 sodita.<\/p>\n<p class=\"aw-1gybjub aw-1p7kakr kEtdKx cEmitX yle__article__paragraph\">Suomi on ollut mukana kymmenien maiden ryhm\u00e4n poliittisessa keskustelussa siit\u00e4, miten ja miss\u00e4 vaiheessa salmi saataisiin auki.<\/p>\n<p class=\"aw-1gybjub aw-1p7kakr kEtdKx cEmitX yle__article__paragraph\">Suomi on osallistunut my\u00f6s sotilaalliseen suunnitteluun, sanoo ulkoministeri\u00f6n poliittisen osaston p\u00e4\u00e4llikk\u00f6 <strong class=\"aw-ak79eh KyCXm yle__article__strong\">Petri Hakkarainen<\/strong>.<\/p>\n<p class=\"aw-1gybjub aw-1p7kakr kEtdKx cEmitX yle__article__paragraph\">Poliittista p\u00e4\u00e4t\u00f6st\u00e4 osallistumisen muodosta ei ole viel\u00e4 tehty.<\/p>\n<p class=\"aw-1gybjub aw-1p7kakr kEtdKx cEmitX yle__article__paragraph\">\u2013 Mutta kyll\u00e4 Suomi t\u00e4h\u00e4n varmasti jollain tavalla osallistuu, Hakkarainen sanoo.<\/p>\n<p class=\"aw-1gybjub aw-1p7kakr kEtdKx cEmitX yle__article__paragraph\">Ketk\u00e4 asiasta p\u00e4\u00e4tt\u00e4v\u00e4t ja mill\u00e4 tasolla, riippuu Suomen sotilaallisen osallistumisen tavasta.<\/p>\n<p class=\"aw-1gybjub aw-1p7kakr kEtdKx cEmitX yle__article__paragraph\">Hakkaraisen mukaan mukana olevat maat ovat kertoneet, miten ne ajattelevat voivansa osallistua operaatioon. P\u00e4\u00e4t\u00f6ksi\u00e4 maat eiv\u00e4t viel\u00e4 ole tehneet.<\/p>\n<p class=\"aw-1gybjub aw-1p7kakr kEtdKx cEmitX yle__article__paragraph\">Salmen kautta kulkee normaalisti viidesosa maailman \u00f6ljyst\u00e4. Yhdysvaltojen ja Israelin hy\u00f6kk\u00e4ys Iraniin ja Iranin vastatoimet ovat aiheuttaneet talouden ep\u00e4varmuutta ja nostavat energian hintaa.<\/p>\n<p class=\"aw-1gybjub aw-1p7kakr kEtdKx cEmitX yle__article__paragraph\">\u2013 Salmen avaaminen on meid\u00e4n oma intressimme.<\/p>\n<p class=\"aw-1gybjub aw-1p7kakr kEtdKx cEmitX yle__article__paragraph\">Samalla Suomi haluaa osoittaa, ett\u00e4 se on mukana maajoukossa, joka haluaa salmen auki, ja haluaa kantaa vastuuta, Hakkarainen kertoo.<\/p>\n<p class=\"aw-1gybjub aw-1p7kakr kEtdKx cEmitX yle__article__paragraph\">Britannia ja Ranskan ovat johtaneet suunnittelua. Suunnittelu t\u00e4ht\u00e4\u00e4 tilanteeseen, jossa Persianlahden ymp\u00e4rist\u00f6ss\u00e4 ei ole en\u00e4\u00e4 sotatoimia. Meress\u00e4 on mahdollisesti my\u00f6s miinoja.<\/p>\n<p class=\"aw-1gybjub aw-1p7kakr kEtdKx cEmitX yle__article__paragraph\">Yhdysvaltojen presidentti <strong class=\"aw-ak79eh KyCXm yle__article__strong\">Donald Trump<\/strong> on arvostellut Eurooppaa siit\u00e4, ett\u00e4 eurooppalaiset eiv\u00e4t ole auttaneet Yhdysvaltoja Iranissa. H\u00e4n on my\u00f6s sanonut Naton olevan hy\u00f6dyt\u00f6n.<\/p>\n<p class=\"aw-1gybjub aw-1p7kakr kEtdKx cEmitX yle__article__paragraph\">Moni Euroopan maa, my\u00f6s Suomi, vastasi tuolloin Yhdysvalloille, ettei Iranin sota ole meid\u00e4n sotamme. Espanja ja Italia ovat kielt\u00e4neet Yhdysvalloilta lentotukikohtiensa k\u00e4yt\u00f6n Iranin sodassa.<\/p>\n","protected":false},"excerpt":{"rendered":"Suomi on ollut mukana sotilaallisessa suunnittelussa, jonka tavoitteena on tehd\u00e4 salmesta taas turvallinen liikenteelle. Avaa kuvien katselu Kauppalaivoja&hellip;\n","protected":false},"author":2,"featured_media":252292,"comment_status":"","ping_status":"","sticky":false,"template":"","format":"standard","meta":{"footnotes":"","_share_on_mastodon":"0"},"categories":[14],"tags":[22,23,26,27,33,31,30,17,3648,70,24,25,28,29,15,18,21,637,9052,32,19,20,546,56,16,59,60,61,619],"class_list":["post-252291","post","type-post","status-publish","format-standard","has-post-thumbnail","category-ulkomaat","tag-breaking-news","tag-breakingnews","tag-featured-news","tag-featurednews","tag-fi","tag-finland","tag-finnish","tag-headlines","tag-iran","tag-kansainvalinen-politiikka","tag-latest-news","tag-latestnews","tag-main-news","tag-mainnews","tag-news","tag-otsikot","tag-paauutiset","tag-politiikka","tag-puolustus","tag-suomi","tag-top-stories","tag-topstories","tag-turvallisuus","tag-ulkomaat","tag-uutiset","tag-world","tag-world-news","tag-worldnews","tag-yhdysvallat"],"share_on_mastodon":{"url":"https:\/\/pubeurope.com\/@fi\/116601909875080722","error":""},"_links":{"self":[{"href":"https:\/\/www.europesays.com\/fi\/wp-json\/wp\/v2\/posts\/252291","targetHints":{"allow":["GET"]}}],"collection":[{"href":"https:\/\/www.europesays.com\/fi\/wp-json\/wp\/v2\/posts"}],"about":[{"href":"https:\/\/www.europesays.com\/fi\/wp-json\/wp\/v2\/types\/post"}],"author":[{"embeddable":true,"href":"https:\/\/www.europesays.com\/fi\/wp-json\/wp\/v2\/users\/2"}],"replies":[{"embeddable":true,"href":"https:\/\/www.europesays.com\/fi\/wp-json\/wp\/v2\/comments?post=252291"}],"version-history":[{"count":0,"href":"https:\/\/www.europesays.com\/fi\/wp-json\/wp\/v2\/posts\/252291\/revisions"}],"wp:featuredmedia":[{"embeddable":true,"href":"https:\/\/www.europesays.com\/fi\/wp-json\/wp\/v2\/media\/252292"}],"wp:attachment":[{"href":"https:\/\/www.europesays.com\/fi\/wp-json\/wp\/v2\/media?parent=252291"}],"wp:term":[{"taxonomy":"category","embeddable":true,"href":"https:\/\/www.europesays.com\/fi\/wp-json\/wp\/v2\/categories?post=252291"},{"taxonomy":"post_tag","embeddable":true,"href":"https:\/\/www.europesays.com\/fi\/wp-json\/wp\/v2\/tags?post=252291"}],"curies":[{"name":"wp","href":"https:\/\/api.w.org\/{rel}","templated":true}]}}