{"id":252336,"date":"2026-05-19T16:24:10","date_gmt":"2026-05-19T16:24:10","guid":{"rendered":"https:\/\/www.europesays.com\/fi\/252336\/"},"modified":"2026-05-19T16:24:10","modified_gmt":"2026-05-19T16:24:10","slug":"porvoolainen-luo-omalla-tavallaan-jarmo-vellosen-veistosten-kuuluukin-kadota-paikalliset","status":"publish","type":"post","link":"https:\/\/www.europesays.com\/fi\/252336\/","title":{"rendered":"Porvoolainen luo omalla tavallaan \u2013\u2009Jarmo Vellosen veistosten kuuluukin kadota | Paikalliset"},"content":{"rendered":"<p>Taiteilijatalon kaupunkiin tuoma ei k\u00e4sit\u00e4 gallerian lopettamisuhkaa.<\/p>\n<p>Porvoolainen kuvanveist\u00e4j\u00e4 <strong>Jarmo Vellonen<\/strong>, 68, on kuuden viime vuoden aikana toteuttanut yli sata veistosta, joita ei en\u00e4\u00e4 ole. Vellosen metodina on ollut ty\u00f6skennell\u00e4 mets\u00e4st\u00e4 kaivetulla luonnonsavella ja toteuttaa teos el\u00e4v\u00e4n puun runkoon.<\/p>\n","protected":false},"excerpt":{"rendered":"Taiteilijatalon kaupunkiin tuoma ei k\u00e4sit\u00e4 gallerian lopettamisuhkaa. Porvoolainen kuvanveist\u00e4j\u00e4 Jarmo Vellonen, 68, on kuuden viime vuoden aikana toteuttanut&hellip;\n","protected":false},"author":2,"featured_media":252337,"comment_status":"","ping_status":"","sticky":false,"template":"","format":"standard","meta":{"footnotes":"","_share_on_mastodon":"0"},"categories":[135],"tags":[389,387,388,390,137,33,31,30,104,4984,620,4503,32,394,485,393,391,392,398,109,4029],"class_list":["post-252336","post","type-post","status-publish","format-standard","has-post-thumbnail","category-taiteet-ja-suunnittelu","tag-arts","tag-arts-and-design","tag-artsanddesign","tag-design","tag-entertainment","tag-fi","tag-finland","tag-finnish","tag-helsinki","tag-keittiot","tag-porvoo","tag-porvoolaisten-monet-kasvot","tag-suomi","tag-suunnittelu","tag-taide-yleista","tag-taiteet","tag-taiteet-ja-suunnittelu","tag-taiteetsuunnittelu","tag-taiteilija","tag-viihde","tag-viro"],"share_on_mastodon":{"url":"https:\/\/pubeurope.com\/@fi\/116602173062212505","error":""},"_links":{"self":[{"href":"https:\/\/www.europesays.com\/fi\/wp-json\/wp\/v2\/posts\/252336","targetHints":{"allow":["GET"]}}],"collection":[{"href":"https:\/\/www.europesays.com\/fi\/wp-json\/wp\/v2\/posts"}],"about":[{"href":"https:\/\/www.europesays.com\/fi\/wp-json\/wp\/v2\/types\/post"}],"author":[{"embeddable":true,"href":"https:\/\/www.europesays.com\/fi\/wp-json\/wp\/v2\/users\/2"}],"replies":[{"embeddable":true,"href":"https:\/\/www.europesays.com\/fi\/wp-json\/wp\/v2\/comments?post=252336"}],"version-history":[{"count":0,"href":"https:\/\/www.europesays.com\/fi\/wp-json\/wp\/v2\/posts\/252336\/revisions"}],"wp:featuredmedia":[{"embeddable":true,"href":"https:\/\/www.europesays.com\/fi\/wp-json\/wp\/v2\/media\/252337"}],"wp:attachment":[{"href":"https:\/\/www.europesays.com\/fi\/wp-json\/wp\/v2\/media?parent=252336"}],"wp:term":[{"taxonomy":"category","embeddable":true,"href":"https:\/\/www.europesays.com\/fi\/wp-json\/wp\/v2\/categories?post=252336"},{"taxonomy":"post_tag","embeddable":true,"href":"https:\/\/www.europesays.com\/fi\/wp-json\/wp\/v2\/tags?post=252336"}],"curies":[{"name":"wp","href":"https:\/\/api.w.org\/{rel}","templated":true}]}}