{"id":252451,"date":"2026-05-19T19:15:13","date_gmt":"2026-05-19T19:15:13","guid":{"rendered":"https:\/\/www.europesays.com\/fi\/252451\/"},"modified":"2026-05-19T19:15:13","modified_gmt":"2026-05-19T19:15:13","slug":"kannattaa-tehda-itsensa-tiettavaksi-neuvoo-kokenut-suurpetoyhdyshenkilo-karhukohtaamisista-keski-suomi","status":"publish","type":"post","link":"https:\/\/www.europesays.com\/fi\/252451\/","title":{"rendered":"\u201dKannattaa tehd\u00e4 itsens\u00e4 tiett\u00e4v\u00e4ksi\u201d, neuvoo kokenut suurpeto\u00adyhdyshenkil\u00f6 karhu\u00adkohtaamisista | Keski-Suomi"},"content":{"rendered":"<p class=\"aw-1gybjub aw-5vja16 kEtdKx kmuxyA yle__article__paragraph\">Jyv\u00e4skyl\u00e4ss\u00e4 ja Muuramessa liikkunut karhu lopetettiin tiistaina. Selvitimme, miksi karhut hakeutuvat nyt l\u00e4helle ihmisasutusta.<\/p>\n<p><img decoding=\"async\" alt=\"Karhu on kiven p\u00e4\u00e4ll\u00e4 mets\u00e4ss\u00e4.\" src=\"https:\/\/www.europesays.com\/fi\/wp-content\/uploads\/2026\/05\/1778068222.jpeg\" class=\"aw-1l9m598 hKVVvP\"\/><\/p>\n<p>Avaa kuvien katselu<\/p>\n<p>Kuvan karhu on kuvattu viime kes\u00e4n\u00e4 Kannonkoskella. Kuva: Tuomas Kinnunen<\/p>\n<p class=\"aw-1gybjub aw-1p7kakr kEtdKx cEmitX yle__article__paragraph\">Karhuhavainnot ovat viime p\u00e4ivin\u00e4 huolestuttaneet ihmisi\u00e4 Jyv\u00e4skyl\u00e4ss\u00e4 ja Muuramessa.<\/p>\n<p class=\"aw-1gybjub aw-1p7kakr kEtdKx cEmitX yle__article__paragraph\">Asuinalueiden l\u00e4hist\u00f6ll\u00e4 tehtyjen havaintojen poikkeukselliseen m\u00e4\u00e4r\u00e4\u00e4n l\u00f6ytyy kuitenkin selitys: karhujen pentueet onnistuivat viime vuonna hyvin.<\/p>\n<p class=\"aw-1gybjub aw-1p7kakr kEtdKx cEmitX yle__article__paragraph\">Suurpetoyhdyshenkil\u00f6 <strong class=\"aw-ak79eh KyCXm yle__article__strong\">Samuli Raappanan<\/strong> mukaan kyse voi olla ihmisi\u00e4 uteliaasti l\u00e4hestyvist\u00e4 pennuista, jotka ovat joutuneet erilleen emoista.<\/p>\n<p><img decoding=\"async\" alt=\"Korpilahden-Muuramen alueen suurpetoyhdyshenkil\u00f6 Samuli Raappana kotimaisemassaan.\" src=\"https:\/\/www.europesays.com\/fi\/wp-content\/uploads\/2026\/05\/1779178228.jpeg\" loading=\"lazy\" class=\"aw-1l9m598 hKVVvP\"\/><\/p>\n<p>Avaa kuvien katselu<\/p>\n<p>Samuli Raappana asuu Jyv\u00e4skyl\u00e4ss\u00e4 seudulla, jossa karhut ovat viime vuosina liikkuneet.  Kuva: Timo Hyt\u00f6nen \/ Yle<\/p>\n<p class=\"aw-1gybjub aw-1p7kakr kEtdKx cEmitX yle__article__paragraph\">Niit\u00e4 kutsutaan erauspennuiksi.<\/p>\n<p class=\"aw-1gybjub aw-1p7kakr kEtdKx cEmitX yle__article__paragraph\">\u2013 Ne toilailevat my\u00f6s ihmisasutuksen l\u00e4heisyydess\u00e4, koska eiv\u00e4t viel\u00e4 oikein ymm\u00e4rr\u00e4, mit\u00e4 ihmiset ovat.<\/p>\n<p class=\"aw-1gybjub aw-1p7kakr kEtdKx cEmitX yle__article__paragraph\">Karhuemot saavat vuoden aikana 1\u20134 pentua, joista suurimmat nelj\u00e4n pennun pentueet ovat kuitenkin harvinaisia.<\/p>\n<p class=\"aw-1gybjub aw-1p7kakr kEtdKx cEmitX yle__article__paragraph\">Viime vuosina kolmen pennun pentueet ovat Raappanan mukaan yleistyneet.<\/p>\n<p>Jyv\u00e4skyl\u00e4ss\u00e4 liikkunut karhu lopetettiin<\/p>\n<p class=\"aw-1gybjub aw-1p7kakr kEtdKx cEmitX yle__article__paragraph\">T\u00e4ll\u00e4 viikolla Jyv\u00e4skyl\u00e4ss\u00e4 ja sen l\u00e4hist\u00f6ll\u00e4 on tehty useita karhuhavaintoja.<\/p>\n<p class=\"aw-1gybjub aw-1p7kakr kEtdKx cEmitX yle__article__paragraph\">Maanantaina <a class=\"aw-iao6s4 iHOxEa yle__article__link\" href=\"https:\/\/yle.fi\/a\/74-20226644\" role=\"link\" rel=\"nofollow noopener\" target=\"_blank\">poliisi teki karkotusp\u00e4\u00e4t\u00f6ksen<\/a> Muuramessa ihmisten l\u00e4heisyydess\u00e4 liikkuneesta karhusta. Leikarin p\u00e4iv\u00e4kodissa <a class=\"aw-iao6s4 iHOxEa yle__article__link\" href=\"https:\/\/yle.fi\/a\/74-20226529\" role=\"link\" rel=\"nofollow noopener\" target=\"_blank\">sulkeuduttiin sis\u00e4tiloihin karhun takia<\/a>.<\/p>\n<p class=\"aw-1gybjub aw-1p7kakr kEtdKx cEmitX yle__article__paragraph\">Tiistaina sama karhu seikkaili poliisin antamien tietojen mukaan Jyv\u00e4skyl\u00e4ss\u00e4 Keljonkankaalla.<\/p>\n<p class=\"aw-1gybjub aw-1p7kakr kEtdKx cEmitX yle__article__paragraph\">Karhua yritettiin karkottaa asuinalueiden l\u00e4heisyydest\u00e4, mutta tuloksetta. <a class=\"aw-iao6s4 iHOxEa yle__article__link\" href=\"https:\/\/yle.fi\/a\/74-20226869\" role=\"link\" rel=\"nofollow noopener\" target=\"_blank\">Karhu lopetettiin tiistaina<\/a> poliisin m\u00e4\u00e4r\u00e4yksest\u00e4.<\/p>\n<p class=\"aw-1gybjub aw-1p7kakr kEtdKx cEmitX yle__article__paragraph\">Raappana korostaa, ett\u00e4 normaalitilanteessa karhun kohtaaminen luonnossa tai omalla kotipihalla on hyvin harvinaista.<\/p>\n<p class=\"aw-1gybjub aw-1p7kakr kEtdKx cEmitX yle__article__paragraph\">Nyt kohtaamisen mahdollisuutta on kasvattanut viime vuonna syntyneiden karhunpentujen suuri m\u00e4\u00e4r\u00e4.<\/p>\n<p class=\"aw-1gybjub aw-1p7kakr kEtdKx cEmitX yle__article__paragraph\"><strong class=\"aw-ak79eh KyCXm yle__article__strong\">Viime kev\u00e4\u00e4n\u00e4 Yl\u00e4-Muuratj\u00e4rvell\u00e4 seikkaili emon ja kolmen pennun pesue. Samuli Raappana onnistui kuvaamaan karhuperheen.<\/strong><\/p>\n<p>Video: Samuli Raappana, Timo Hyt\u00f6nen \/ Yle<\/p>\n<p class=\"aw-1gybjub aw-1p7kakr kEtdKx cEmitX yle__article__paragraph\">Vaikka pennut olisivat sin\u00e4ns\u00e4 vain uteliaita, niihin kannattaa suhtautua kunnioituksella.<\/p>\n<p class=\"aw-1gybjub aw-1p7kakr kEtdKx cEmitX yle__article__paragraph\">\u2013 Kannattaa pit\u00e4\u00e4 hieman \u00e4\u00e4nt\u00e4 ja tehd\u00e4 itsens\u00e4 karhuille tiett\u00e4v\u00e4ksi. Yleens\u00e4 ne silloin poistuvat, Raappana toteaa.<\/p>\n<p class=\"aw-1gybjub aw-1p7kakr kEtdKx cEmitX yle__article__paragraph\">Jos karhut k\u00e4ytt\u00e4ytyv\u00e4t pelottomasti ja l\u00e4hestyv\u00e4t ihmist\u00e4, niist\u00e4 kannattaa ilmoittaa ensin h\u00e4t\u00e4keskukseen ja sitten suurpetoyhdyshenkil\u00f6lle.<\/p>\n<p class=\"aw-1gybjub aw-1p7kakr kEtdKx cEmitX yle__article__paragraph\">Havainnoista on Raappanan mukaan hyv\u00e4 aina ilmoittaa suurpetoyhdyshenkil\u00f6ille. Luonnonvarakeskus kokoaa heid\u00e4n tietojaan <a class=\"aw-iao6s4 iHOxEa yle__article__link\" href=\"https:\/\/www.luke.fi\/fi\/luonnonvaratieto\/tiedetta-ja-tietoa\/suurpetohavainnot\/suurpetohavainnot\" role=\"link\" rel=\"nofollow noopener\" target=\"_blank\">Tassu-tietokantaan<\/a>.<\/p>\n","protected":false},"excerpt":{"rendered":"Jyv\u00e4skyl\u00e4ss\u00e4 ja Muuramessa liikkunut karhu lopetettiin tiistaina. Selvitimme, miksi karhut hakeutuvat nyt l\u00e4helle ihmisasutusta. Avaa kuvien katselu Kuvan&hellip;\n","protected":false},"author":2,"featured_media":252452,"comment_status":"","ping_status":"","sticky":false,"template":"","format":"standard","meta":{"footnotes":"","_share_on_mastodon":"0"},"categories":[117],"tags":[404,33,31,30,425,4104,474,940,71,72,2748,476,14768,34396,118,32,13084,119,477],"class_list":["post-252451","post","type-post","status-publish","format-standard","has-post-thumbnail","category-luonto","tag-elaimet","tag-fi","tag-finland","tag-finnish","tag-jyvaskyla","tag-karhut","tag-keski-suomi","tag-korpilahti","tag-kotimaa","tag-luonto","tag-muurame","tag-nature","tag-pennut","tag-poikaset","tag-science","tag-suomi","tag-suurpedot","tag-tiede","tag-wildlife"],"share_on_mastodon":{"url":"https:\/\/pubeurope.com\/@fi\/116602845746520204","error":""},"_links":{"self":[{"href":"https:\/\/www.europesays.com\/fi\/wp-json\/wp\/v2\/posts\/252451","targetHints":{"allow":["GET"]}}],"collection":[{"href":"https:\/\/www.europesays.com\/fi\/wp-json\/wp\/v2\/posts"}],"about":[{"href":"https:\/\/www.europesays.com\/fi\/wp-json\/wp\/v2\/types\/post"}],"author":[{"embeddable":true,"href":"https:\/\/www.europesays.com\/fi\/wp-json\/wp\/v2\/users\/2"}],"replies":[{"embeddable":true,"href":"https:\/\/www.europesays.com\/fi\/wp-json\/wp\/v2\/comments?post=252451"}],"version-history":[{"count":0,"href":"https:\/\/www.europesays.com\/fi\/wp-json\/wp\/v2\/posts\/252451\/revisions"}],"wp:featuredmedia":[{"embeddable":true,"href":"https:\/\/www.europesays.com\/fi\/wp-json\/wp\/v2\/media\/252452"}],"wp:attachment":[{"href":"https:\/\/www.europesays.com\/fi\/wp-json\/wp\/v2\/media?parent=252451"}],"wp:term":[{"taxonomy":"category","embeddable":true,"href":"https:\/\/www.europesays.com\/fi\/wp-json\/wp\/v2\/categories?post=252451"},{"taxonomy":"post_tag","embeddable":true,"href":"https:\/\/www.europesays.com\/fi\/wp-json\/wp\/v2\/tags?post=252451"}],"curies":[{"name":"wp","href":"https:\/\/api.w.org\/{rel}","templated":true}]}}