{"id":252667,"date":"2026-05-20T00:26:11","date_gmt":"2026-05-20T00:26:11","guid":{"rendered":"https:\/\/www.europesays.com\/fi\/252667\/"},"modified":"2026-05-20T00:26:11","modified_gmt":"2026-05-20T00:26:11","slug":"mestarivalmentaja-jussi-savolainen-mietti-viisi-vuotta-sitten-jos-nyt-pikkuhiljaa-voisi-lopetella-rautakaupassa","status":"publish","type":"post","link":"https:\/\/www.europesays.com\/fi\/252667\/","title":{"rendered":"Mestarivalmentaja Jussi Savolainen mietti viisi vuotta sitten: \u201dJos nyt pikkuhiljaa voisi lopetella rautakaupassa\u201d"},"content":{"rendered":"<p>Yksi Vilppaan mahdollisen mestaruuden mielenkiintoisimmista seurattavista oli ehdottomasti p\u00e4\u00e4valmentaja <b>Jussi Savolainen<\/b>.<\/p>\n<p>39-vuotiaan Savolaisen Vilpas-ura alkoi syksyll\u00e4 1993 eli 33 vuotta sitten. Ja nyt 33. kaudellaan h\u00e4n johdatti seuran unohtumattomaan Suomen mestaruuteen kaiken keskipisteen\u00e4.<\/p>\n<p>\u2013 Onneksi en ollut keskipisteen\u00e4, vaan pelaajat, Savolainen tarkensi.<\/p>\n<p>\u2013 Salohalli ollut aina toinen koti. M\u00e4 tunnen t\u00e4st\u00e4 kaupungista kaikki ja kaikki tuntee mut\u2026 Ei siin\u00e4, siisti meininki!<\/p>\n<p>Savolainen ei ainakaan julkisesti herkistynyt vaan oli enemm\u00e4n p\u00f6ll\u00e4mystynyt. Eik\u00e4 ihme, kuka olisi aidosti uskonut viel\u00e4 viisi vuotta sitten Vilppaan ensimm\u00e4isen mestaruuden j\u00e4lkeen, ett\u00e4 Vilppaan seuraava mestarivalmentaja on muuten Savolainen?<\/p>\n<p>\u2013\u2009Itse asiassa se taisi olla 2019 kun lopettelin pelaamista, niin menin HKVT:lle (huippukoripallovalmentajatutkinto). Siell\u00e4 kysyttiin, ett\u00e4 miss\u00e4 n\u00e4et itsesi viiden vuoden p\u00e4\u00e4st\u00e4. Koutsasin silloin Vilppaan A-junnuja, josta siirryin PeU-Basketiin. Ei mulla tainnut ihan lukea vastauksessa, ett\u00e4 viiden vuoden p\u00e4\u00e4st\u00e4 olisin Korisliigan p\u00e4\u00e4valmentaja. No, Pantteri taisi menn\u00e4 vuodella yli.<\/p>\n<p>\u2013\u2009Taisin kirjoittaa siihen, ett\u00e4 jos pikkuhiljaa voisi lopetella rautakaupassa ja menn\u00e4 siit\u00e4 eteenp\u00e4in.<\/p>\n<p>Joka tapauksessa Savolaisen tarina kulttipelaajasta junnuvalmentajaksi, liigajoukkueen apuvalmentajaksi, p\u00e4\u00e4valmentajaksi ja Suomen mestariksi oli kaikkien todenn\u00e4k\u00f6isyyksien vastainen.<\/p>\n<p>\u2013 Hienoa, ett\u00e4 saan ylip\u00e4\u00e4t\u00e4\u00e4n olla osa t\u00e4t\u00e4. Ett\u00e4 minuun luotettiin, sill\u00e4 moni muu seura sit\u00e4 ei olisi luottanut.<\/p>\n<p>\u2013 On hienoa, miten me olemme <b>Teemun<\/b> (<b>Rannikon<\/b>) kanssa kasvettu samaa matkaa. Se on hienoa, ett\u00e4 se sai nyt palkinnon.<\/p>\n<p>\u2013 Ei mulla sen kummallisempaa sanottavaa siit\u00e4 ole, Jussi Savolainen kohautti harteitaan, kysyi lupaa poistua, kaappasi Pantterin ja h\u00e4ipyi juhlimaan.<\/p>\n<p><a href=\"https:\/\/www.europesays.com\/fi\/wp-content\/uploads\/2026\/05\/Teemu-Rannikko.jpg\"><img fetchpriority=\"high\" decoding=\"async\" class=\"size-full wp-image-1042858\" src=\"https:\/\/www.europesays.com\/fi\/wp-content\/uploads\/2026\/05\/Teemu-Rannikko.jpg\" alt=\"\" width=\"1020\" height=\"680\"  \/><\/a>Teemu Rannikko on ollut mukana kummassakin Vilppaan mestaruudessa: 2021 kapteenina ja 2026 valmentajana. SSS\/Anna Korpiaho<\/p>\n","protected":false},"excerpt":{"rendered":"Yksi Vilppaan mahdollisen mestaruuden mielenkiintoisimmista seurattavista oli ehdottomasti p\u00e4\u00e4valmentaja Jussi Savolainen. 39-vuotiaan Savolaisen Vilpas-ura alkoi syksyll\u00e4 1993 eli&hellip;\n","protected":false},"author":2,"featured_media":252668,"comment_status":"","ping_status":"","sticky":false,"template":"","format":"standard","meta":{"footnotes":"","_share_on_mastodon":"0"},"categories":[12],"tags":[22,23,26,27,33,31,30,17,4500,24,25,28,29,15,18,21,32,19,20,16,14820],"class_list":["post-252667","post","type-post","status-publish","format-standard","has-post-thumbnail","category-suomi","tag-breaking-news","tag-breakingnews","tag-featured-news","tag-featurednews","tag-fi","tag-finland","tag-finnish","tag-headlines","tag-korisliiga","tag-latest-news","tag-latestnews","tag-main-news","tag-mainnews","tag-news","tag-otsikot","tag-paauutiset","tag-suomi","tag-top-stories","tag-topstories","tag-uutiset","tag-vilpas"],"share_on_mastodon":{"url":"https:\/\/pubeurope.com\/@fi\/116604068679753710","error":""},"_links":{"self":[{"href":"https:\/\/www.europesays.com\/fi\/wp-json\/wp\/v2\/posts\/252667","targetHints":{"allow":["GET"]}}],"collection":[{"href":"https:\/\/www.europesays.com\/fi\/wp-json\/wp\/v2\/posts"}],"about":[{"href":"https:\/\/www.europesays.com\/fi\/wp-json\/wp\/v2\/types\/post"}],"author":[{"embeddable":true,"href":"https:\/\/www.europesays.com\/fi\/wp-json\/wp\/v2\/users\/2"}],"replies":[{"embeddable":true,"href":"https:\/\/www.europesays.com\/fi\/wp-json\/wp\/v2\/comments?post=252667"}],"version-history":[{"count":0,"href":"https:\/\/www.europesays.com\/fi\/wp-json\/wp\/v2\/posts\/252667\/revisions"}],"wp:featuredmedia":[{"embeddable":true,"href":"https:\/\/www.europesays.com\/fi\/wp-json\/wp\/v2\/media\/252668"}],"wp:attachment":[{"href":"https:\/\/www.europesays.com\/fi\/wp-json\/wp\/v2\/media?parent=252667"}],"wp:term":[{"taxonomy":"category","embeddable":true,"href":"https:\/\/www.europesays.com\/fi\/wp-json\/wp\/v2\/categories?post=252667"},{"taxonomy":"post_tag","embeddable":true,"href":"https:\/\/www.europesays.com\/fi\/wp-json\/wp\/v2\/tags?post=252667"}],"curies":[{"name":"wp","href":"https:\/\/api.w.org\/{rel}","templated":true}]}}