{"id":252688,"date":"2026-05-20T01:14:18","date_gmt":"2026-05-20T01:14:18","guid":{"rendered":"https:\/\/www.europesays.com\/fi\/252688\/"},"modified":"2026-05-20T01:14:18","modified_gmt":"2026-05-20T01:14:18","slug":"pioneerien-karismaa-ja-suomalaisten-voittokulkua-steelfestin-paatospaivan-osumat","status":"publish","type":"post","link":"https:\/\/www.europesays.com\/fi\/252688\/","title":{"rendered":"Pioneerien karismaa ja suomalaisten voittokulkua &#8211; Steelfestin p\u00e4\u00e4t\u00f6sp\u00e4iv\u00e4n osumat"},"content":{"rendered":"<p><strong>Eppu Normaali<\/strong> lauloi aikoinaan \u2013 ja viel\u00e4 vihoviimeisen kerran t\u00e4n\u00e4kin kes\u00e4n\u00e4 \u2013 \u201don vuosi \u201985, kauan on aikaa siis\u201d. Kappale julkaistiin 1986, eik\u00e4 edellisvuodesta ollut viel\u00e4 silloin kuitenkaan ihan hirve\u00e4n kauan. Mutta nyt ko. vuodesta, hemmetti soikoon, on vier\u00e4ht\u00e4nyt jokunenkin kuunkierto.<\/p>\n<p>Otetaan siit\u00e4 aasinsilta Budapestiin. Kun <strong>Tormentorin<\/strong> ensiryk\u00e4isyt kuultiin kommunististen takapihojen varjoissa, elettiin nimenomaan vuotta 1985 \u2013 eik\u00e4 silloin termi\u00e4 \u201d\u00e4\u00e4rimetalli\u201d taidettu tuntea oikein miss\u00e4\u00e4n. Mutta niin vain <strong>Attila Csihar<\/strong> ja kumppanit perustivat erikoislaatuisen yhtyeen melko monen todenn\u00e4k\u00f6isyyslaskelman vastaisesti ja alkoivat m\u00f6yk\u00e4t\u00e4 oikein kunnolla. Niin, arvatkaapa seuraavaksi kahdesti, her\u00e4ttiv\u00e4tk\u00f6 helvetillist\u00e4 melua tuottaneet pitk\u00e4tukkaiset nahkatakkihahmot huomiota rautaesiripun takana? Kyll\u00e4 her\u00e4ttiv\u00e4t, eik\u00e4 se huomio ollut kovinkaan positiivista. Tormentorin alkumarssi kesti lopulta kuutisen vuotta, mutta sitten pillit meniv\u00e4t pussiin \u2013 eiv\u00e4t onneksi kuitenkaan lopullisesti. Viimeisin aktiivikausi on nyt kest\u00e4nyt vuodesta 2017.<\/p>\n<p>Ja miksi t\u00e4llainen kurssi historian h\u00e4m\u00e4riin? Esimerkiksi siksi, ett\u00e4 t\u00e4m\u00e4 mahtava metallipioneeri \u2013 nyky\u00e4\u00e4n -legenda \u2013 esiintyi Steelfest 2026:n p\u00e4\u00e4t\u00f6sb\u00e4ndin\u00e4, lauantain juuri vaihduttua sunnuntaiksi. Omat odotukseni keikan suhteen olivat luvalla sanoen hieman maltilliset \u2013 jaksavatko sed\u00e4t viel\u00e4 heilua? \u2013 mutta Tormentor ei onneksi moisesta piitannut tuon taiva\u2026 helvetillist\u00e4.<\/p>\n<p>Kun pitk\u00e4t introt olivat viimein takana ja ilke\u00e4riffinen Tormentor I paukahti k\u00e4yntiin, kaikki ep\u00e4ilykset h\u00e4ipyiv\u00e4t saman tien. Nelikon soitto oli kovassa tikiss\u00e4 ja \u00e4rh\u00e4kk\u00e4 livesoundi hy\u00f6kk\u00e4si armottomasti p\u00e4\u00e4lle. Totta kai metallin saralla on tehty temppu jos toinenkin Tormentorin ollessa pois parrasvaloista, mutta b\u00e4ndin moottorit eiv\u00e4t ole silti menett\u00e4neet pioneerimaista tehoaan \u2013 t\u00e4m\u00e4 tuli harvinaisen selv\u00e4ksi jo k\u00e4ttelyss\u00e4.<\/p>\n<p>Ja sitten siell\u00e4 oli tietenkin Attila Csihar. Solisti on toki tehnyt viel\u00e4 tunnetumman el\u00e4m\u00e4nty\u00f6ns\u00e4 er\u00e4\u00e4n norjalaisyhtyeen riveiss\u00e4, mutta kun Csiharin \u201dalkukoti\u201d Tormentor taas kerran vei tapahtumapaikan t\u00e4ytt\u00e4neet metallifanit ihan konkreettisesti death\/black metalin vaarallisille alkul\u00e4hteille, palautui mieleen yksi oleellinen juttu: visuaalisesti vuosi vuodelta yh\u00e4 n\u00e4ytt\u00e4v\u00e4mpi Csihar on mahdollisesti kaikkien aikojen vakuuttavin ja karismaattisin extreme metal -keulakuva. Ainakin k\u00e4rkikolmikossa mies on ihan pomminvarmasti. Huikeaa toimitusta yh\u00e4 edelleen \u2013 eik\u00e4 loppua n\u00e4y. Olipahan perkeleen hieno ja toki my\u00f6s historiallinen p\u00e4\u00e4t\u00f6s Steelfestille.<\/p>\n<p><img loading=\"lazy\" height=\"436\" width=\"648\" class=\"wp-image-114942 sp-no-webp perfmatters-lazy\" alt=\"\" decoding=\"async\" data-id=\"114942\" src=\"https:\/\/www.europesays.com\/fi\/wp-content\/uploads\/2026\/05\/torm-1-648x436.jpg\"  data-\/> Tormentor. Kuva: Timo Isoaho<\/p>\n<p><img loading=\"lazy\" height=\"442\" width=\"648\" class=\"wp-image-114944 sp-no-webp perfmatters-lazy\" alt=\"\" decoding=\"async\" data-id=\"114944\" src=\"https:\/\/www.europesays.com\/fi\/wp-content\/uploads\/2026\/05\/torm-2-648x442.jpg\"  data-\/> Tormentor. Kuva: Timo Isoaho<\/p>\n<p><img loading=\"lazy\" height=\"486\" width=\"648\" class=\"wp-image-114943 sp-no-webp perfmatters-lazy\" alt=\"\" decoding=\"async\" data-id=\"114943\" src=\"https:\/\/www.europesays.com\/fi\/wp-content\/uploads\/2026\/05\/torm-4-648x486.jpg\"  data-\/> Tormentor. Kuva: Timo Isoaho<\/p>\n<p><img loading=\"lazy\" height=\"425\" width=\"648\" class=\"wp-image-114945 sp-no-webp perfmatters-lazy\" alt=\"\" decoding=\"async\" data-id=\"114945\" src=\"https:\/\/www.europesays.com\/fi\/wp-content\/uploads\/2026\/05\/torm-8-648x425.jpg\"  data-\/> Tormentor. Kuva: Timo Isoaho<\/p>\n<p>P\u00e4\u00e4t\u00f6sp\u00e4iv\u00e4n muista osumista vastasivat pitk\u00e4lti suomalaiset.<\/p>\n<p>Ennakkotunnelmat kuuden j\u00e4lkeen lauteille nousseen kuulap\u00e4\u00e4ryhm\u00e4 <strong>Torture Killerin<\/strong> suhteen olivat korkealla, ja b\u00e4ndi vastasi huutoon suvereenisti. P\u00e4\u00e4osin keskitempoinen, paikoin hyvinkin tarttuviin riffeihin nojautuva death metal jyr\u00e4si eteenp\u00e4in vastustamattomasti, eik\u00e4 edes auringonpaiste sulattanut j\u00e4\u00e4t\u00e4v\u00e4n tiukkaa kuolonmarssia.<\/p>\n<p>Torture Killer on my\u00f6s malliesimerkki siit\u00e4, ettei sen kummempia kikkoja lopulta tarvita: kun biisit ja soitto ovat kohdallaan, p\u00e4\u00e4t nytkyv\u00e4t niin lavalla kuin yleis\u00f6ss\u00e4kin koko keikan ajan.<\/p>\n<p><img loading=\"lazy\" height=\"440\" width=\"648\" class=\"wp-image-114946 sp-no-webp perfmatters-lazy\" alt=\"\" decoding=\"async\" data-id=\"114946\" src=\"https:\/\/www.europesays.com\/fi\/wp-content\/uploads\/2026\/05\/tk-1-648x440.jpg\"  data-\/> Torture Killer. Kuva: Timo Isoaho<\/p>\n<p><img loading=\"lazy\" height=\"381\" width=\"648\" class=\"wp-image-114948 sp-no-webp perfmatters-lazy\" alt=\"\" decoding=\"async\" data-id=\"114948\" src=\"https:\/\/www.europesays.com\/fi\/wp-content\/uploads\/2026\/05\/tk-2-648x381.jpg\"  data-\/> Torture Killer. Kuva: Timo Isoaho<\/p>\n<p><img loading=\"lazy\" height=\"509\" width=\"648\" class=\"wp-image-114947 sp-no-webp perfmatters-lazy\" alt=\"\" decoding=\"async\" data-id=\"114947\" src=\"https:\/\/www.europesays.com\/fi\/wp-content\/uploads\/2026\/05\/tk-3-648x509.jpg\"  data-\/> Torture Killer. Kuva: Timo Isoaho<\/p>\n<p>Hieman my\u00f6hemmin sis\u00e4lavalla murskannut <strong>Shape of Despair<\/strong> oli funeral doominsa kanssa Steelfestin outolintu, mutta eritt\u00e4in tervetullut sellainen.<\/p>\n<p>Kun jo aiemminkin mainittu blast beat kuljettaa suunnilleen jokaista tapahtuman b\u00e4ndi\u00e4, kevytt\u00e4 puudutusta ei voi lopulta v\u00e4ltt\u00e4\u00e4 \u2013 paitsi menem\u00e4ll\u00e4 katsomaan Shape of Despairia. Lyhyen laskutoimituksen j\u00e4lkeen voinee sanoa, ett\u00e4 jylh\u00e4n 45-minuuttisen keikan aikana kuultiin yht\u00e4 monta virveliniskua kuin keskiverron black metal -ryhm\u00e4n avausbiisin A-osassa.<\/p>\n<p>Musertavasti p\u00e4\u00e4llek\u00e4ynyt soitto ja kahden t\u00e4ysin erilaisen laulajan \u2013 <strong>Henri Koivula<\/strong> ja <strong>Natalie Koskinen<\/strong> \u2013 toimitus loivat ilmapiirin, joka oli v\u00e4kevyydess\u00e4\u00e4n taas kerran ihan omaa luokkaansa. Eik\u00e4 muuten unohdeta Shape of Despairin valoja: biisej\u00e4 v\u00e4kev\u00e4sti tukeneet spotit olivat isossa osassa tunnelmanluontia.<\/p>\n<p><img loading=\"lazy\" height=\"332\" width=\"648\" class=\"wp-image-114949 sp-no-webp perfmatters-lazy\" alt=\"\" decoding=\"async\" data-id=\"114949\" src=\"https:\/\/www.europesays.com\/fi\/wp-content\/uploads\/2026\/05\/sof-3-648x332.jpg\"  data-\/> Shape of Despair. Kuva: Timo Isoaho<\/p>\n<p><img loading=\"lazy\" height=\"427\" width=\"648\" class=\"wp-image-114950 sp-no-webp perfmatters-lazy\" alt=\"\" decoding=\"async\" data-id=\"114950\" src=\"https:\/\/www.europesays.com\/fi\/wp-content\/uploads\/2026\/05\/sof-4-648x427.jpg\"  data-\/> Shape of Despair. Kuva: Timo Isoaho<\/p>\n<p><img loading=\"lazy\" height=\"454\" width=\"648\" class=\"wp-image-114951 sp-no-webp perfmatters-lazy\" alt=\"\" decoding=\"async\" data-id=\"114951\" src=\"https:\/\/www.europesays.com\/fi\/wp-content\/uploads\/2026\/05\/sof-5-648x454.jpg\"  data-\/> Shape of Despair. Kuva: Timo Isoaho<\/p>\n<p>Oliko meill\u00e4 puhetta blast beatista? Sit\u00e4 oli taas tarjolla seuraavaksi, kun ulkolavalle karautti majesteettinen <strong>Warmoon Lord<\/strong>. Ei silti kannata k\u00e4sitt\u00e4\u00e4 v\u00e4\u00e4rin: vaikka \u201dSotakuun\u201d tempovalinta on usein malllia rivakka, kuusimiehinen orkesteri ei ole mik\u00e4\u00e4n yhden tempun\u2026 lordi. Vaihtelua, tarttuvuutta, v\u00e4kevyytt\u00e4 ja suvereniteetti\u00e4 on tarjolla koko rahalla.<\/p>\n<p>Warmoon Lord ei v\u00e4ltt\u00e4m\u00e4tt\u00e4 keksi mustaa py\u00f6r\u00e4\u00e4 uudelleen \u2013 sit\u00e4 ei muuten tee kovin moni muukaan n\u00e4in\u00e4 p\u00e4ivin\u00e4! \u2013 mutta <strong>Lord Vr\u0103jitorin<\/strong> kipparoima porukka tekee kaiken niin vaikuttavalla pieteetill\u00e4, taidolla ja syd\u00e4mell\u00e4, ett\u00e4 silinteri nousee p\u00e4\u00e4st\u00e4 v\u00e4kisinkin. Helvetin kova keikka!<\/p>\n<p>Teksti ja kuvat: Timo Isoaho<\/p>\n<p>Lue my\u00f6s: <a href=\"https:\/\/www.inferno.fi\/live\/epapyhia-pakanallisia-tulia-ja-vuonojen-kokoisia-riffeja-kolme-poimintaa-steelfestin-perjantailta\/\" title=\"Ep\u00e4pyhi\u00e4 pakanallisia tulia ja vuonojen kokoisia riffej\u00e4 \u2013 kolme poimintaa Steelfestin perjantailta\" class=\"underline-custom !font-montserrat !font-bold !underline-offset-4 !decoration-4 !decoration-red-600 !text-md\" rel=\"nofollow noopener\" target=\"_blank\">Ep\u00e4pyhi\u00e4 pakanallisia tulia ja vuonojen kokoisia riffej\u00e4 \u2013 kolme poimintaa Steelfestin perjantailta<\/a><\/p>\n<p>Lue my\u00f6s: <a href=\"https:\/\/www.inferno.fi\/live\/varhaisia-taistelulauluja-ja-90-luvun-henkea-kolme-nostoa-steelfestin-avauspaivasta\/\" title=\"Varhaisia taistelulauluja ja 90-luvun henke\u00e4 \u2013 kolme nostoa Steelfestin avausp\u00e4iv\u00e4st\u00e4\" class=\"underline-custom !font-montserrat !font-bold !underline-offset-4 !decoration-4 !decoration-red-600 !text-md\" rel=\"nofollow noopener\" target=\"_blank\">Varhaisia taistelulauluja ja 90-luvun henke\u00e4 \u2013 kolme nostoa Steelfestin avausp\u00e4iv\u00e4st\u00e4<\/a><\/p>\n<p><img loading=\"lazy\" height=\"300\" width=\"648\" class=\"wp-image-114954 sp-no-webp perfmatters-lazy\" alt=\"\" decoding=\"async\" data-id=\"114954\" src=\"https:\/\/www.europesays.com\/fi\/wp-content\/uploads\/2026\/05\/wml-1-648x300.jpg\"  data-\/> Warmoon Lord. Kuva: Timo Isoaho<\/p>\n<p><img loading=\"lazy\" height=\"451\" width=\"648\" class=\"wp-image-114952 sp-no-webp perfmatters-lazy\" alt=\"\" decoding=\"async\" data-id=\"114952\" src=\"https:\/\/www.europesays.com\/fi\/wp-content\/uploads\/2026\/05\/wml-2-648x451.jpg\"  data-\/> Warmoon Lord. Kuva: Timo Isoaho<\/p>\n<p><img loading=\"lazy\" height=\"357\" width=\"648\" class=\"wp-image-114955 sp-no-webp perfmatters-lazy\" alt=\"\" decoding=\"async\" data-id=\"114955\" src=\"https:\/\/www.europesays.com\/fi\/wp-content\/uploads\/2026\/05\/wml-3-648x357.jpg\"  data-\/> Warmoon Lord. Kuva: Timo Isoaho<\/p>\n<p><img loading=\"lazy\" height=\"419\" width=\"648\" class=\"wp-image-114953 sp-no-webp perfmatters-lazy\" alt=\"\" decoding=\"async\" data-id=\"114953\" src=\"https:\/\/www.europesays.com\/fi\/wp-content\/uploads\/2026\/05\/wml-4-648x419.jpg\"  data-\/> Warmoon Lord. Kuva: Timo Isoaho<\/p>\n","protected":false},"excerpt":{"rendered":"Eppu Normaali lauloi aikoinaan \u2013 ja viel\u00e4 vihoviimeisen kerran t\u00e4n\u00e4kin kes\u00e4n\u00e4 \u2013 \u201don vuosi \u201985, kauan on aikaa&hellip;\n","protected":false},"author":2,"featured_media":252689,"comment_status":"","ping_status":"","sticky":false,"template":"","format":"standard","meta":{"footnotes":"","_share_on_mastodon":"0"},"categories":[132],"tags":[137,9039,970,33,31,30,972,2867,195,47,11204,32,109],"class_list":["post-252688","post","type-post","status-publish","format-standard","has-post-thumbnail","category-musiikki","tag-entertainment","tag-festarikesa-2026","tag-festivaalit","tag-fi","tag-finland","tag-finnish","tag-kuvagalleria","tag-livearvio","tag-music","tag-musiikki","tag-steelfest","tag-suomi","tag-viihde"],"share_on_mastodon":{"url":"https:\/\/pubeurope.com\/@fi\/116604257764509023","error":""},"_links":{"self":[{"href":"https:\/\/www.europesays.com\/fi\/wp-json\/wp\/v2\/posts\/252688","targetHints":{"allow":["GET"]}}],"collection":[{"href":"https:\/\/www.europesays.com\/fi\/wp-json\/wp\/v2\/posts"}],"about":[{"href":"https:\/\/www.europesays.com\/fi\/wp-json\/wp\/v2\/types\/post"}],"author":[{"embeddable":true,"href":"https:\/\/www.europesays.com\/fi\/wp-json\/wp\/v2\/users\/2"}],"replies":[{"embeddable":true,"href":"https:\/\/www.europesays.com\/fi\/wp-json\/wp\/v2\/comments?post=252688"}],"version-history":[{"count":0,"href":"https:\/\/www.europesays.com\/fi\/wp-json\/wp\/v2\/posts\/252688\/revisions"}],"wp:featuredmedia":[{"embeddable":true,"href":"https:\/\/www.europesays.com\/fi\/wp-json\/wp\/v2\/media\/252689"}],"wp:attachment":[{"href":"https:\/\/www.europesays.com\/fi\/wp-json\/wp\/v2\/media?parent=252688"}],"wp:term":[{"taxonomy":"category","embeddable":true,"href":"https:\/\/www.europesays.com\/fi\/wp-json\/wp\/v2\/categories?post=252688"},{"taxonomy":"post_tag","embeddable":true,"href":"https:\/\/www.europesays.com\/fi\/wp-json\/wp\/v2\/tags?post=252688"}],"curies":[{"name":"wp","href":"https:\/\/api.w.org\/{rel}","templated":true}]}}