{"id":252730,"date":"2026-05-20T02:16:15","date_gmt":"2026-05-20T02:16:15","guid":{"rendered":"https:\/\/www.europesays.com\/fi\/252730\/"},"modified":"2026-05-20T02:16:15","modified_gmt":"2026-05-20T02:16:15","slug":"vilppaan-seurahistorian-paras-investointi-18-vuotias-ihmepoika-jatti-taydelliset-jaahyvaiset-salohallin-ennatysyleisolle","status":"publish","type":"post","link":"https:\/\/www.europesays.com\/fi\/252730\/","title":{"rendered":"&#8221;Vilppaan seurahistorian paras investointi&#8221; \u2013 18-vuotias ihmepoika j\u00e4tti t\u00e4ydelliset j\u00e4\u00e4hyv\u00e4iset Salohallin enn\u00e4tysyleis\u00f6lle"},"content":{"rendered":"<p>T\u00e4m\u00e4n t\u00e4ydellisemm\u00e4ksi tiistai ei voi menn\u00e4.<\/p>\n<p>Vilpas otti seurahistorian toisen Suomen mestaruuden ja ensimm\u00e4isen maksavan yleis\u00f6n edess\u00e4. Ja millainen yleis\u00f6 se oli: k\u00e4sitt\u00e4m\u00e4tt\u00f6m\u00e4t 2 922 katsojaa!<\/p>\n<p>Tunti ja vartti ennen ottelua jono Salohalliin oli jo noin 200 metri\u00e4. Sitkeimm\u00e4t olivat paikalla kolme tuntia ennen ottelun alkua. L\u00e4hesk\u00e4\u00e4n kaikki halukkaat eiv\u00e4t p\u00e4\u00e4sseet halliin.<\/p>\n<p>Vilppaan kannattajat aloittivat laulun jo tuntia ennen ottelua. Tunnelma oli \u00e4\u00e4nen, v\u00e4kim\u00e4\u00e4r\u00e4n ja hallin kosteuden kannalta juuri sellainen kuin pit\u00e4\u00e4kin olla alusta loppuun.<\/p>\n<p>Mutta yleis\u00f6\u00e4kin vakuuttavampi oli kotijoukkue Vilpas, joka ratkaisi mestaruuden pelaamalla kauden parhaan ottelunsa ja ottamalla veret seisauttavan 100\u201369-voiton.<\/p>\n<p>T\u00e4ydellisen illan t\u00e4ydellinen kruunu oli uransa todenn\u00e4k\u00f6isesti viimeisen ottelun Suomessa pelanneen <strong>Samu<\/strong> <strong>Adlerin<\/strong> suoritus. Juuri kun luuli, ettei t\u00e4m\u00e4 tuore ylioppilas voi en\u00e4\u00e4 yll\u00e4tt\u00e4\u00e4 ket\u00e4\u00e4n, Adler muuttaa superlatiivit samulatiiveiksi, heitt\u00e4\u00e4 32 pistett\u00e4 ja pokkaa Suomen mestaruuden lis\u00e4ksi finaalien arvokkaimman pelaajan palkinnon.<\/p>\n<p>Edellinen suomalaispelaaja, joka on valittu finaalien MVP:ksi on <strong>Bojan Sarcevic<\/strong> kaudella 2017\u20132018. Adlerin ja Sarcevicin lis\u00e4ksi viimeisen 15 vuoden aikana vain yksi muu suomalaispelaaja on saanut saman kunnian. Ja h\u00e4n oli tiistaina yht\u00e4 mykistynyt kuin me kaikki muutkin.<\/p>\n<p>\u2013 T\u00e4llaisen paikkaan t\u00e4llainen peli. Se kyky ja uskallus ottaa niit\u00e4 heittoja. Yksik\u00e4\u00e4n pelaaja t\u00e4ss\u00e4 sarjassa, eik\u00e4 monessa muussakaan Euroopan sarjassa pysty ottamaan sit\u00e4 pois. Se l\u00e4htee korkealta\u2026 Sit\u00e4 on tosi vaikea kuvailla\u2026 Samu p\u00e4\u00e4tti, ett\u00e4 t\u00e4n\u00e4\u00e4n emme h\u00e4vi\u00e4, kev\u00e4\u00e4n 2015 ja 2017 finaalien MVP <strong>Teemu<\/strong> <strong>Rannikko<\/strong> kertoi selv\u00e4sti herkistyneen\u00e4.<\/p>\n<p>\u2013 Sanoin yhden pelin j\u00e4lkeen Rannikolle, ett\u00e4 meill\u00e4 voi olla ensi kaudella ik\u00e4v\u00e4 Samua. H\u00e4n oli meid\u00e4n joukkueelle, seuralle ja koko kaupungille etuoikeus. N\u00e4it\u00e4 kausi on joskus on kiva muistella. Uskomaton kaveri, Vilppaan kapteeni <strong>Mikko<\/strong> <strong>Koivisto<\/strong> kehui.<\/p>\n<p>Adler pelasi finaalisarjan huikealla 19,7 pisteen keskiarvolla.<\/p>\n<p>My\u00f6s Vilppaan ty\u00f6nsankari Eero Innamaa k\u00e4\u00e4nsi puheen suoraan Adleriin.<\/p>\n<p>\u2013 Kun siirryin Vilppaaseen, tiesin, ett\u00e4 t\u00e4\u00e4ll\u00e4 on aina mahdollisuus mestaruuteen. Mutta siin\u00e4 vaiheessa en tiennyt, ett\u00e4 Samu Adler tulee Saloon. Samu on varmaan Vilppaan seurahistorian paras investointi, Innamaa myh\u00e4ili.<\/p>\n<p>\u2013 Kato rahamies osaa sen sanoa, investointi itse eli Adler virnisti Innamaalle.<\/p>\n<p>\u2013 Samu ei tule koskaan en\u00e4\u00e4 pelaamaan Korisliigassa. N\u00e4m\u00e4 kaksi vuotta h\u00e4nen kanssaan\u2026 Olihan n\u00e4yt\u00f6s, Innamaa huudahti.<\/p>\n<p>Adler suhtautui superiltaansa kuin se olisi ihan mik\u00e4 tahansa tiistai.<\/p>\n<p>\u2013\u2009Ihan jees. Olen aina sanonut, ett\u00e4 se miten aloittaa vaan miten p\u00e4\u00e4tt\u00e4\u00e4. Annoin kaikkeni, ei se ainakaan siit\u00e4 j\u00e4\u00e4nyt kiinni. N\u00e4m\u00e4 olivat hienot kaksi vuotta, Adler kiitti.<\/p>\n<p>Kokeillaan viel\u00e4 yht\u00e4 ja viimeist\u00e4 inhimillist\u00e4 hetke\u00e4: saitko nukuttua viime y\u00f6n\u00e4?<\/p>\n<p>\u2013 Itse asiassa sain!<\/p>\n<p><a href=\"https:\/\/www.europesays.com\/fi\/wp-content\/uploads\/2026\/05\/11803689.jpg\"><img fetchpriority=\"high\" decoding=\"async\" class=\"size-full wp-image-1042838\" src=\"https:\/\/www.europesays.com\/fi\/wp-content\/uploads\/2026\/05\/11803689.jpg\" alt=\"Ze'Rik Onyema teki ratkaisufinaalissa Vilppaan ep\u00e4virallisen donkkienn\u00e4tyksen. SSS\/ANNA KORPIAHO\" width=\"1000\" height=\"667\"  \/><\/a>Ze\u2019Rik Onyema teki ratkaisufinaalissa Vilppaan ep\u00e4virallisen donkkienn\u00e4tyksen. SSS\/ANNA KORPIAHO<\/p>\n<p>Vaikka Adler varasti l\u00e4hes kaiken huomion, Vilppaan voitto oli koko joukkueen, erityisesti joukkuepuolustuksen voitto. Eero Innamaa ja <strong>Sebastian Lindberg<\/strong> olivat kuin kerran puhkiraavitut paiseet Katajan iholla.<\/p>\n<p>\u2013 Oli se kai hyv\u00e4 matsi t\u00e4h\u00e4n paikkaan. Vai oliko? Vaikea arvioida, Innamaa pohti mestaruuslippa vinossa.<\/p>\n<p>\u2013 Oli se.<\/p>\n<p>\u2013 No hyv\u00e4 sitte!<\/p>\n<p>Ja kun Kataja j\u00e4i rapsuttelemaan paiseita, p\u00f6lli kahdeksank\u00e4tinen hindulaisjumala<strong> Jalen Brooks<\/strong> oranssin kuulan ja toimitti sen koriin. Ja yleis\u00f6, se oli niin sanotusti p\u00e4hkin\u00f6in\u00e4.<\/p>\n<p>Mutta suurimman energian yleis\u00f6\u00f6n toi silti Adlerin lis\u00e4ksi paljon parjattu sentteri <strong>Ze\u2019Rik Onyema<\/strong>. H\u00e4n oli parhaimmillaan silloin kuin piti: Onyema teki 18 pistett\u00e4 pelkill\u00e4 donkeilla eli h\u00e4n donkkasi yhdeks\u00e4n kertaa, joka on ep\u00e4virallinen seuraenn\u00e4tys. Kun ottaa huomioon viel\u00e4 jokaisen donkin tuoman energian yleis\u00f6\u00f6n, oli Onyeman donkeilla valtava merkitys.<\/p>\n<p>\u2013 Yhdeks\u00e4n? Wow. Mutta se on sit\u00e4 mit\u00e4 teen. Haluan donkata kaiken, himosaunoja Onyema hehkutti.<\/p>\n<p>Vaikka sit\u00e4 ei kukaan en\u00e4\u00e4 muista, niin Vilpas oli ratkaisufinaalin alussa ihan aidoissa ongelmissa. Kataja johti parhaimmillaan 11 pisteell\u00e4.<\/p>\n<p>\u2013 Siin\u00e4 oli samat merkit ilmassa kuin lauantaina Joensuussa. Kataja heitti kolme nelj\u00e4 viimeisen sekunnin kolmosta meid\u00e4n l\u00e4rviin, mutta jos katsoit meid\u00e4n j\u00e4tki\u00e4 siin\u00e4, niin ei niit\u00e4 kiinnostanut se.<\/p>\n<p>\u2013 Ei paljoa taktiikoista puhuttu puoliajalla, annettiin vaan menn\u00e4.<\/p>\n<p>Vilpas vei toisen puoliskon 49\u201323 ja mestaruusjuhlat saivat alkaa hyviss\u00e4 ajoin ennen summeria. Ja niist\u00e4 juhlista ja koko tiistai-illasta taisi tulla se Salon oma sukupolvikokemus.<\/p>\n<p><a href=\"https:\/\/www.europesays.com\/fi\/wp-content\/uploads\/2026\/05\/11803682.jpg\"><img loading=\"lazy\" decoding=\"async\" class=\"size-full wp-image-1042839\" src=\"https:\/\/www.europesays.com\/fi\/wp-content\/uploads\/2026\/05\/11803682.jpg\" alt=\"Huippukauden pelannut Jalen Brooks sai leikata sukkaa. SSS\/ANNA KORPIAHO\" width=\"1000\" height=\"667\"  \/><\/a>Huippukauden pelannut Jalen Brooks sai leikata sukkaa. SSS\/ANNA KORPIAHO<br \/>\nKorisliigan 7. finaali:\u00a0Vilpas\u2013Kataja 100\u201369 (20\u201329, 31\u201317, 23\u20139, 26\u201314)<\/p>\n<p>Vilpas on Suomen mestari otteluvoitoin 4\u20133.<br \/>Vilppaan pisteet\/levypallot: Ansley Almonor 8\/1, Teemu Suokas 9\/1, Mikko Koivisto 0\/0, Jalen Brooks 12\/9\/3 riistoa, Samu Adler 32\/8\/5 sy\u00f6tt\u00f6\u00e4, Sebastian Lindberg 5\/4, Luukas Vaara 4\/7, Ze\u2019Rik Onyema 18\/10, Eero Innamaa 0\/3, Jack Forrest 12\/4.<br \/>Kataja: De\u2019Vion Harmon 31\/0, Jared Kimbrough 4\/4, Jermaine Marshall 6\/0, Joonas Timonen 2\/0, Antti Kanervo 0\/3, Thomas Tumba 11\/2, Rahlir Hollis-Jefferson 3\/3, Henri Permanto 1\/1, Henri Kantonen 11\/8.<\/p>\n<p>Levypallot: 49\u201323<br \/>Sy\u00f6t\u00f6t: 16-9<br \/>Menetykset: 9\u201311<br \/>Heittoprosentit:<br \/>1p: 70\u201385<br \/>2p: 69\u201348<br \/>3p: 33\u201335<\/p>\n<p>Yleis\u00f6\u00e4: 2 922<\/p>\n<p>OHO!<\/p>\n<p>Vilpas pelasi t\u00e4ll\u00e4 kaudella yhteens\u00e4 51 ottelua. Per\u00e4ti 14 ottelua eli enemm\u00e4n kuin joka nelj\u00e4s p\u00e4\u00e4ttyi Vilppaan yli 20 pisteen voittoon.<\/p>\n<p>Seuraava ottelu: Korisliigakausi 2026\u20132027 alkaa 30. syyskuuta.<\/p>\n<p><a href=\"https:\/\/www.europesays.com\/fi\/wp-content\/uploads\/2026\/05\/DeVion-Harmon.jpg\"><img loading=\"lazy\" decoding=\"async\" class=\"size-full wp-image-1042856\" src=\"https:\/\/www.europesays.com\/fi\/wp-content\/uploads\/2026\/05\/DeVion-Harmon.jpg\" alt=\"\" width=\"1020\" height=\"680\"  \/><\/a>Katajan ylivoimainen ykk\u00f6shahmo oli tiistainakin DeVion Harmon, joka ei mahtanut yksin Vilppaan ylivoimalle mit\u00e4\u00e4n. SSS\/Anna Korpiaho<\/p>\n","protected":false},"excerpt":{"rendered":"T\u00e4m\u00e4n t\u00e4ydellisemm\u00e4ksi tiistai ei voi menn\u00e4. Vilpas otti seurahistorian toisen Suomen mestaruuden ja ensimm\u00e4isen maksavan yleis\u00f6n edess\u00e4. Ja&hellip;\n","protected":false},"author":2,"featured_media":252731,"comment_status":"","ping_status":"","sticky":false,"template":"","format":"standard","meta":{"footnotes":"","_share_on_mastodon":"0"},"categories":[5],"tags":[22,23,26,27,33,31,30,17,4500,24,25,28,29,15,18,21,32,19,20,16,14820],"class_list":["post-252730","post","type-post","status-publish","format-standard","has-post-thumbnail","category-otsikot","tag-breaking-news","tag-breakingnews","tag-featured-news","tag-featurednews","tag-fi","tag-finland","tag-finnish","tag-headlines","tag-korisliiga","tag-latest-news","tag-latestnews","tag-main-news","tag-mainnews","tag-news","tag-otsikot","tag-paauutiset","tag-suomi","tag-top-stories","tag-topstories","tag-uutiset","tag-vilpas"],"share_on_mastodon":{"url":"https:\/\/pubeurope.com\/@fi\/116604501411011428","error":""},"_links":{"self":[{"href":"https:\/\/www.europesays.com\/fi\/wp-json\/wp\/v2\/posts\/252730","targetHints":{"allow":["GET"]}}],"collection":[{"href":"https:\/\/www.europesays.com\/fi\/wp-json\/wp\/v2\/posts"}],"about":[{"href":"https:\/\/www.europesays.com\/fi\/wp-json\/wp\/v2\/types\/post"}],"author":[{"embeddable":true,"href":"https:\/\/www.europesays.com\/fi\/wp-json\/wp\/v2\/users\/2"}],"replies":[{"embeddable":true,"href":"https:\/\/www.europesays.com\/fi\/wp-json\/wp\/v2\/comments?post=252730"}],"version-history":[{"count":0,"href":"https:\/\/www.europesays.com\/fi\/wp-json\/wp\/v2\/posts\/252730\/revisions"}],"wp:featuredmedia":[{"embeddable":true,"href":"https:\/\/www.europesays.com\/fi\/wp-json\/wp\/v2\/media\/252731"}],"wp:attachment":[{"href":"https:\/\/www.europesays.com\/fi\/wp-json\/wp\/v2\/media?parent=252730"}],"wp:term":[{"taxonomy":"category","embeddable":true,"href":"https:\/\/www.europesays.com\/fi\/wp-json\/wp\/v2\/categories?post=252730"},{"taxonomy":"post_tag","embeddable":true,"href":"https:\/\/www.europesays.com\/fi\/wp-json\/wp\/v2\/tags?post=252730"}],"curies":[{"name":"wp","href":"https:\/\/api.w.org\/{rel}","templated":true}]}}