{"id":252890,"date":"2026-05-20T06:32:12","date_gmt":"2026-05-20T06:32:12","guid":{"rendered":"https:\/\/www.europesays.com\/fi\/252890\/"},"modified":"2026-05-20T06:32:12","modified_gmt":"2026-05-20T06:32:12","slug":"hjallis-harkimo-ja-jasmine-pajari-matkustivat-lemmenlomalle-katso-salakuvat","status":"publish","type":"post","link":"https:\/\/www.europesays.com\/fi\/252890\/","title":{"rendered":"Hjallis Harkimo ja Jasmine Pajari matkustivat lemmenlomalle &#8211; katso salakuvat!"},"content":{"rendered":"<p class=\"article-content article-content-width !bg-background\">Yritt\u00e4j\u00e4 <a alt=\"Haku\" class=\"text-primary-red font-extrabold\" href=\"https:\/\/www.seiska.fi\/haku?q=Jasmine Pajari\" rel=\"nofollow noopener\" target=\"_blank\">Jasmine Pajari<\/a> ja h\u00e4nen puolisonsa, liikemies-poliitikko <a alt=\"Haku\" class=\"text-primary-red font-extrabold\" href=\"https:\/\/www.seiska.fi\/haku?q=Hjallis Harkimo\" rel=\"nofollow noopener\" target=\"_blank\">Hjallis Harkimo<\/a>\u00a0j\u00e4ttiv\u00e4t Suomen j\u00e4lleen taakseen. Silm\u00e4\u00e4tekevien A-luokkaan kuuluva pariskunta bongattiin perjantaina (15.5.) lennolla Helsingist\u00e4 Saksaan.<\/p>\n<p class=\"article-content article-content-width !bg-background\"><a alt=\"Haku\" class=\"text-primary-red font-extrabold\" href=\"https:\/\/www.seiska.fi\/haku?q=\u00a0Video: Seiskan Matkavahti-jaksossa Hjallis ja Jasmine!\" rel=\"nofollow noopener\" target=\"_blank\">\u00a0Video: Seiskan Matkavahti-jaksossa Hjallis ja Jasmine!<\/a><\/p>\n<p class=\"article-content article-content-width !bg-background\">Tarkemmin sanottuna pari matkasi Hampuriin.<\/p>\n<p class=\"article-content article-content-width !bg-background\"> \u2013 Heill\u00e4 oli lennon aikana rento tunnelma, Seiskalle kerrotaan.<\/p>\n<p class=\"article-content article-content-width !bg-background\">Tarkkasilm\u00e4isen lukijamme mukaan matkalla oli my\u00f6s romantiikkaa.<\/p>\n<p class=\"article-content article-content-width !bg-background\"> \u2013 Vitsit lenteliv\u00e4t, ja Jasmine pusutteli Hjallista pari kertaa poskelle matkan aikana.<\/p>\n<p>Her\u00e4ttiv\u00e4t huomiota<\/p>\n<p class=\"article-content article-content-width !bg-background\">Vaikka pari yritti lukijamme mukaan pit\u00e4\u00e4 matalaa profiilia, he eiv\u00e4t siin\u00e4 onnistuneet. Viimeisten joukossa koneeseen astelleet Hjallis ja Jasmine k\u00e4\u00e4nsiv\u00e4t muiden sinivalkoisin siivin Keski-Eurooppaan lent\u00e4neiden p\u00e4it\u00e4.<\/p>\n<p>                <img decoding=\"async\" src=\"https:\/\/www.europesays.com\/fi\/wp-content\/uploads\/2026\/05\/2154164.webp\" width=\"576\" height=\"639\" title=\"Hjallis pl\u00e4r\u00e4si puhelintaan terminaalin ulosk\u00e4ynnill\u00e4.\" alt=\"Hjallis Harkimo lentokent\u00e4ll\u00e4.\" loading=\"lazy\" \/>            <\/p>\n<p>\n            Hjallis pl\u00e4r\u00e4si puhelintaan terminaalin ulosk\u00e4ynnill\u00e4.<br \/>\n            Lukijan kuva \/ Seiska\n        <\/p>\n<p class=\"article-content article-content-width !bg-background\">Pariskunta tunnetaan innokkaina matkailijoina. Jokin aika sitten he piipahtivat minilomalla Tallinnassa, ja vuodenvaihteessa pari vietti useamman viikon l\u00e4mp\u00f6lomalla.<\/p>\n<p class=\"article-content article-content-width !bg-background\">T\u00e4ll\u00e4 kertaa reissun motiivina oli kulttuurinn\u00e4lk\u00e4.<\/p>\n<p>                <img decoding=\"async\" src=\"https:\/\/www.europesays.com\/fi\/wp-content\/uploads\/2026\/05\/2154176.webp\" width=\"576\" height=\"639\" title=\"Tyylik\u00e4s pariskunta asteli lentokent\u00e4ll\u00e4 tummiin pukeutuneina.\" alt=\"Jasmine Pajari ja Hjallis Harkimo Hampurin lentokent\u00e4ll\u00e4\" loading=\"lazy\" \/>            <\/p>\n<p>\n            Tyylik\u00e4s pariskunta asteli lentokent\u00e4ll\u00e4 tummiin pukeutuneina.<br \/>\n            Lukijan kuva \/ Seiska\n        <\/p>\n<p>&#8221;Matkustin Hampuriin vain&#8230;&#8221;<\/p>\n<p class=\"article-content article-content-width !bg-background\">Jasmine jakoi perjantaina (15.5.) <a href=\"https:\/\/www.instagram.com\/jasminepajari\/\" aria-label=\"Jasmine Pajarin Instagram\" target=\"_blank\" rel=\"nofollow noopener\">Instagram-tilins\u00e4<\/a> tarinat-osiossa videon, joka paljastaa matkan syyn.<\/p>\n<p class=\"article-content article-content-width !bg-background\"> \u2013 Matkustin Hampuriin asti vain n\u00e4hd\u00e4kseni <a alt=\"Haku\" class=\"text-primary-red font-extrabold\" href=\"https:\/\/www.seiska.fi\/haku?q=Sarah Brightmanin\" rel=\"nofollow noopener\" target=\"_blank\">Sarah Brightmanin<\/a> kolmen kappaleen verran ja voin sanoa, ett\u00e4 oli w\u00f6rtti, Jasmine kirjoitti videon yhteyteen.<\/p>\n<p class=\"article-content article-content-width !bg-background\">Toisin sanoen illan t\u00e4hti oli vaivan arvoinen.<\/p>\n<p class=\"article-content article-content-width !bg-background\">Brightman esiintyi saksalaisen elektronista musiikkia esitt\u00e4v\u00e4n <a alt=\"Haku\" class=\"text-primary-red font-extrabold\" href=\"https:\/\/www.seiska.fi\/haku?q=Schillerin\" rel=\"nofollow noopener\" target=\"_blank\">Schillerin<\/a> keikalla vierailevana t\u00e4hten\u00e4.<\/p>\n<p><script async src=\"\/\/www.instagram.com\/embed.js\"><\/script><\/p>\n","protected":false},"excerpt":{"rendered":"Yritt\u00e4j\u00e4 Jasmine Pajari ja h\u00e4nen puolisonsa, liikemies-poliitikko Hjallis Harkimo\u00a0j\u00e4ttiv\u00e4t Suomen j\u00e4lleen taakseen. Silm\u00e4\u00e4tekevien A-luokkaan kuuluva pariskunta bongattiin perjantaina&hellip;\n","protected":false},"author":2,"featured_media":252891,"comment_status":"","ping_status":"","sticky":false,"template":"","format":"standard","meta":{"footnotes":"","_share_on_mastodon":"0"},"categories":[130],"tags":[137,33,31,30,31415,2175,6403,4478,23476,16425,35105,35106,32,109],"class_list":["post-252890","post","type-post","status-publish","format-standard","has-post-thumbnail","category-viihde","tag-entertainment","tag-fi","tag-finland","tag-finnish","tag-hampuri","tag-hjallis-harkimo","tag-jasmine-pajari","tag-kaak","tag-lemmenloma","tag-salakuvat","tag-sarah-brightman","tag-schiller","tag-suomi","tag-viihde"],"share_on_mastodon":{"url":"https:\/\/pubeurope.com\/@fi\/116605508038834654","error":""},"_links":{"self":[{"href":"https:\/\/www.europesays.com\/fi\/wp-json\/wp\/v2\/posts\/252890","targetHints":{"allow":["GET"]}}],"collection":[{"href":"https:\/\/www.europesays.com\/fi\/wp-json\/wp\/v2\/posts"}],"about":[{"href":"https:\/\/www.europesays.com\/fi\/wp-json\/wp\/v2\/types\/post"}],"author":[{"embeddable":true,"href":"https:\/\/www.europesays.com\/fi\/wp-json\/wp\/v2\/users\/2"}],"replies":[{"embeddable":true,"href":"https:\/\/www.europesays.com\/fi\/wp-json\/wp\/v2\/comments?post=252890"}],"version-history":[{"count":0,"href":"https:\/\/www.europesays.com\/fi\/wp-json\/wp\/v2\/posts\/252890\/revisions"}],"wp:featuredmedia":[{"embeddable":true,"href":"https:\/\/www.europesays.com\/fi\/wp-json\/wp\/v2\/media\/252891"}],"wp:attachment":[{"href":"https:\/\/www.europesays.com\/fi\/wp-json\/wp\/v2\/media?parent=252890"}],"wp:term":[{"taxonomy":"category","embeddable":true,"href":"https:\/\/www.europesays.com\/fi\/wp-json\/wp\/v2\/categories?post=252890"},{"taxonomy":"post_tag","embeddable":true,"href":"https:\/\/www.europesays.com\/fi\/wp-json\/wp\/v2\/tags?post=252890"}],"curies":[{"name":"wp","href":"https:\/\/api.w.org\/{rel}","templated":true}]}}