{"id":252961,"date":"2026-05-20T08:19:13","date_gmt":"2026-05-20T08:19:13","guid":{"rendered":"https:\/\/www.europesays.com\/fi\/252961\/"},"modified":"2026-05-20T08:19:13","modified_gmt":"2026-05-20T08:19:13","slug":"veden-virtaamisen-saately-on-laillista-isohaarassa-totesi-lupaviranomainen-luonnonsuojelijat-valittavat-paatoksesta-lappi","status":"publish","type":"post","link":"https:\/\/www.europesays.com\/fi\/252961\/","title":{"rendered":"Veden virtaamisen s\u00e4\u00e4tely on laillista Isohaarassa, totesi lupa\u00adviranomainen \u2013 luonnon\u00adsuojelijat valittavat p\u00e4\u00e4t\u00f6ksest\u00e4 | Lappi"},"content":{"rendered":"<p class=\"aw-1gybjub aw-5vja16 kEtdKx kmuxyA yle__article__paragraph\">Kolme luontoj\u00e4rjest\u00f6\u00e4 teki hallintopakko\u00adhakemuksen Kemijoen Isohaaran voimalaitoksen lyhytaikais\u00ads\u00e4\u00e4nn\u00f6stelyn lopettamiseksi.<\/p>\n<p><img decoding=\"async\" alt=\"Isohaaran voimalaitos Keminmaassa\" src=\"https:\/\/www.europesays.com\/fi\/wp-content\/uploads\/2026\/05\/1623236767.jpeg\" class=\"aw-1l9m598 hKVVvP\"\/><\/p>\n<p>Avaa kuvien katselu<\/p>\n<p>Lupa- ja valvontavirasto k\u00e4sitteli Kemijoen alimman voimalaitoksen, Isohaaran lyhytaikaiss\u00e4\u00e4nn\u00f6stely\u00e4 koskevaa hallintopakkohakemusta ja p\u00e4\u00e4tti, ett\u00e4 toiminta on laillista. Kuva: Juuso Stoor \/ Yle <\/p>\n<ul class=\"aw-1jjocuh iJTSwP yle__article__list yle__article__list--ul\">\n<li class=\"aw-1j7gwms gNYKfi\">Lupa- ja valvontavirasto (LVV) pit\u00e4\u00e4 Isohaaran voimalan lyhytaikaiss\u00e4\u00e4nn\u00f6stely\u00e4 luvallisena ja hylk\u00e4si vaatimuksen sen lopettamisesta.<\/li>\n<li class=\"aw-1j7gwms gNYKfi\">Lyhytaikaiss\u00e4\u00e4nn\u00f6stelyss\u00e4 voimalat s\u00e4\u00e4t\u00e4v\u00e4t vesim\u00e4\u00e4r\u00e4\u00e4 tihe\u00e4\u00e4n tahtiin ja rajusti niin, ett\u00e4 virtaamia voidaan kasvattaa nopeasti moninkertaiseksi.<\/li>\n<li class=\"aw-1j7gwms gNYKfi\">Suomen Luonnonsuojeluliiton mielest\u00e4 lyhytaikaiss\u00e4\u00e4ntelylle ei ole lupaa ja se vahingoittaa jokiluontoa.<\/li>\n<li class=\"aw-1j7gwms gNYKfi\">Luonnonsuojeluliitto valittaa LVV:n p\u00e4\u00e4t\u00f6ksest\u00e4 hallinto-oikeuteen.<\/li>\n<\/ul>\n<p class=\"aw-1gybjub aw-1p7kakr kEtdKx cEmitX yle__article__paragraph\">Lupa- ja valvontaviraston mukaan lyhytaikaiss\u00e4\u00e4nn\u00f6stely sis\u00e4ltyy Isohaaran voimalaitoksen vesitalouslupiin eik\u00e4 se ole lain tai luvan vastaista. LVV hylk\u00e4si hallintopakkohakemuksen, joka tavoitteli lyhytaikaiss\u00e4\u00e4nn\u00f6stelyn lopettamista Keminmaassa toimivalla voimalalla.<\/p>\n<p class=\"aw-1gybjub aw-1p7kakr kEtdKx cEmitX yle__article__paragraph\">Hakemuksen olivat tehneet Suomen luonnonsuojeluliitto, SLL:n Lapin piiri ja Villilohi ry vedoten lyhytaikaiss\u00e4\u00e4nn\u00f6stelyn luvanvastaisuuteen.<\/p>\n<p class=\"aw-1gybjub aw-1p7kakr kEtdKx cEmitX yle__article__paragraph\">Lyhytaikaiss\u00e4\u00e4nn\u00f6stelyss\u00e4 voimalat s\u00e4\u00e4t\u00e4v\u00e4t vesim\u00e4\u00e4r\u00e4\u00e4 tihe\u00e4\u00e4n tahtiin ja rajusti niin, ett\u00e4 virtaamia voidaan kasvattaa nopeasti moninkertaiseksi.<\/p>\n<p class=\"aw-1gybjub aw-1p7kakr kEtdKx cEmitX yle__article__paragraph\">PVO-Vesivoima Oy on tyytyv\u00e4inen viraston p\u00e4\u00e4t\u00f6kseen.<\/p>\n<p class=\"aw-1gybjub aw-1p7kakr kEtdKx cEmitX yle__article__paragraph\">\u2013 Hallintopakkohakemuksessa v\u00e4itettiin, ett\u00e4 harrastamme luvatonta lyhytaikaiss\u00e4\u00e4nn\u00f6stely\u00e4. Olemme tyytyv\u00e4isi\u00e4, ett\u00e4 LVV totesi, ettei n\u00e4in ole, sanoo toimitusjohtaja <strong class=\"aw-ak79eh KyCXm yle__article__strong\">Jani Pulli<\/strong>.<\/p>\n<p>LVV: lyhytaikaiss\u00e4\u00e4nn\u00f6stely oli viranomaisen tiedossa luvituksen aikaan<\/p>\n<p class=\"aw-1gybjub aw-1p7kakr kEtdKx cEmitX yle__article__paragraph\">LVV perustelee ratkaisuaan sill\u00e4, ett\u00e4 PVO-Vesivoiman suunnittelema lyhytaikaiss\u00e4\u00e4nn\u00f6stely oli viranomaisten tiedossa, kun ne aikoinaan my\u00f6nsiv\u00e4t voimalan rakentamiseen tarvitut luvat.<\/p>\n<p class=\"aw-1gybjub aw-1p7kakr kEtdKx cEmitX yle__article__paragraph\">Perusteena on my\u00f6s se, ett\u00e4 vesioikeus ja korkein hallinto-oikeus ovat hyl\u00e4nneet vaatimukset lyhytaikaiss\u00e4\u00e4nn\u00f6stely\u00e4 koskevista lupam\u00e4\u00e4r\u00e4yksist\u00e4 ja s\u00e4\u00e4nn\u00f6stelymaksuista vuosina 1964\u20131992.<\/p>\n<p class=\"aw-1gybjub aw-1p7kakr kEtdKx cEmitX yle__article__paragraph\">Vesioikeus on tuolloin todennut, ett\u00e4 vedenpinnan korkeusvaihtelut kuuluvat normaaliin vuorokausis\u00e4\u00e4nn\u00f6stelyyn eik\u00e4 voimala aiheuta \u201dhuomattavia vahingollisia muutoksia luonnonolosuhteissa\u201d. Virtaamaa koskevissa lupam\u00e4\u00e4r\u00e4yksiss\u00e4 puhutaan vuorokauden keskiarvosta, ei vaihteluista.<\/p>\n<p class=\"aw-1gybjub aw-1p7kakr kEtdKx cEmitX yle__article__paragraph\">PVO perustelee lyhytaikaiss\u00e4\u00e4ntelyn tarvetta muun muassa s\u00e4\u00e4st\u00e4 riippuvaisen tuuli- ja aurinkovoiman kasvulla. Yhti\u00f6n mukaan s\u00e4hk\u00f6j\u00e4rjestelm\u00e4 voi joutua vaikeuksiin, jos sit\u00e4 ei tueta s\u00e4\u00e4delt\u00e4v\u00e4ll\u00e4 tuotannolla tai kulutuksella kuten vesivoimalla silloin, kun s\u00e4hk\u00f6n kysynt\u00e4 on korkealla, mutta ei tuule.<\/p>\n<p>Luonnonsuojeluliitto valittaa hallinto-oikeuteen<\/p>\n<p class=\"aw-1gybjub aw-1p7kakr kEtdKx cEmitX yle__article__paragraph\">Suomen Luonnonsuojeluliitto on pettynyt LVV:n p\u00e4\u00e4t\u00f6kseen, joka yhdistyksen mukaan perustuu yhti\u00f6n tekem\u00e4\u00e4n vastaesitykseen. Luonnonsuojeluliiton ymp\u00e4rist\u00f6oikeuden asiantuntija Hannes Koljonen kertoo, ett\u00e4 yhdistys tulkitsee Isohaaran vesitalouslupaa eri tavalla kuin PVO ja nyt my\u00f6s Lupa- ja valvontavirasto.<\/p>\n<p class=\"aw-1gybjub aw-1p7kakr kEtdKx cEmitX yle__article__paragraph\">\u2013 Me katsomme, ett\u00e4 lyhytaikaiss\u00e4\u00e4nn\u00f6stelyyn ei ole ikin\u00e4 haettu lupaa, Koljonen perustelee.<\/p>\n<p class=\"aw-1gybjub aw-1p7kakr kEtdKx cEmitX yle__article__paragraph\">Koljosen mukaan Luonnonsuojeluliitto aikoo valittaa LVV:n p\u00e4\u00e4t\u00f6ksest\u00e4 hallinto-oikeuteen. Vesivoimayhti\u00f6 kertoo seuraavansa asian etenemist\u00e4.<\/p>\n<p class=\"aw-1gybjub aw-1p7kakr kEtdKx cEmitX yle__article__paragraph\">\u2013 Toivomme tietenkin, ett\u00e4 asia olisi loppuunk\u00e4sitelty ja voisimme keskitty\u00e4 jatkossa s\u00e4hk\u00f6n tuottamiseen, Pulli sanoo.<\/p>\n<p><img decoding=\"async\" alt=\"Kemijoen patoallas Isohaaran voimalaitoksen yl\u00e4puolella.\" src=\"https:\/\/www.europesays.com\/fi\/wp-content\/uploads\/2026\/05\/1569581908.jpeg\" loading=\"lazy\" class=\"aw-1l9m598 hKVVvP\"\/><\/p>\n<p>Avaa kuvien katselu<\/p>\n<p>Luontoj\u00e4rjest\u00f6jen mukaan lyhytaikaiss\u00e4\u00e4nn\u00f6stely vaikuttaa voimakkaasti voimalaitoksen yl\u00e4puolisen vesist\u00f6\u00f6n. Kuva: Antti Heikinmatti \/ Yle<\/p>\n<p class=\"aw-1gybjub aw-1p7kakr kEtdKx cEmitX yle__article__paragraph\">Hallintopakkohakemustaan Suomen Luonnonsuojeluliitto ja sen Lapin piiriyhdistys sek\u00e4 Villilohi oy perustelivat sill\u00e4, ett\u00e4 Isohaaran voimalaitoksen lyhytaikaiss\u00e4\u00e4nn\u00f6stely laskee ja nostaa voimalaitoksen yl\u00e4puolisen Kemijoen pintaa jatkuvasti ja voimakkaasti.<\/p>\n<p class=\"aw-1gybjub aw-1p7kakr kEtdKx cEmitX yle__article__paragraph\">Virtauksen ja vedenpinnan vaihtelu aiheuttavat yhdistysten mukaan merkitt\u00e4v\u00e4\u00e4 haittaa jokiluonnolle ja joen virkistysk\u00e4yt\u00f6lle.<\/p>\n<p>Taustalla KHO:n ennakkop\u00e4\u00e4t\u00f6s<\/p>\n<p class=\"aw-1gybjub aw-1p7kakr kEtdKx cEmitX yle__article__paragraph\">Luonnonsuojeluliitto perustaa kantansa esimerkiksi korkeimman hallinto-oikeuden parin kymmenen vuoden takaiseen ennakkop\u00e4\u00e4t\u00f6kseen lyhytaikaiss\u00e4\u00e4nn\u00f6stelyst\u00e4.<\/p>\n<p class=\"aw-1gybjub aw-1p7kakr kEtdKx cEmitX yle__article__paragraph\">Lyhytaikaiss\u00e4\u00e4nn\u00f6stelyn lainmukaisuutta on ratkottu KHO:ssa vuonna 2005, jolloin KHO totesi ennakkop\u00e4\u00e4t\u00f6ksess\u00e4\u00e4n, ett\u00e4 vesivoimaloilla pit\u00e4\u00e4 olla lyhytaikaiss\u00e4\u00e4nn\u00f6stelyyn nimenomainen lupa, jonka yhteydess\u00e4 haittavaikutukset on selvitetty perusteellisesti.<\/p>\n<p class=\"aw-1gybjub aw-1p7kakr kEtdKx cEmitX yle__article__paragraph\">T\u00e4ll\u00e4 perusteella aluehallintovirasto (nykyinen LVV) totesi vuonna 2025, ettei Fortumilla ole lupaa lyhytaikaiss\u00e4\u00e4t\u00f6\u00f6n Tainionkosken voimalalla, vaikka voimayhti\u00f6 niin tulkitsi. Avin mukaan voimalan lupap\u00e4\u00e4t\u00f6ksiss\u00e4 ei ollut k\u00e4sitelty nimenomaisesti lyhytaikaiss\u00e4\u00e4nn\u00f6stely\u00e4.<\/p>\n<p>Vuoden 2025 lopussa julkaistulla videolla kerrotaan lyhytaikaiss\u00e4\u00e4nn\u00f6stelyst\u00e4 ja siit\u00e4 millaisia vapauksia hallitus suunnittelee vesivoimaloille.<\/p>\n","protected":false},"excerpt":{"rendered":"Kolme luontoj\u00e4rjest\u00f6\u00e4 teki hallintopakko\u00adhakemuksen Kemijoen Isohaaran voimalaitoksen lyhytaikais\u00ads\u00e4\u00e4nn\u00f6stelyn lopettamiseksi. Avaa kuvien katselu Lupa- ja valvontavirasto k\u00e4sitteli Kemijoen alimman&hellip;\n","protected":false},"author":2,"featured_media":252962,"comment_status":"","ping_status":"","sticky":false,"template":"","format":"standard","meta":{"footnotes":"","_share_on_mastodon":"0"},"categories":[76],"tags":[79,77,2038,33,31,30,19580,24126,71,667,7772,32,78,9351,447],"class_list":["post-252961","post","type-post","status-publish","format-standard","has-post-thumbnail","category-talous","tag-business","tag-economy","tag-energia","tag-fi","tag-finland","tag-finnish","tag-kemijoki","tag-keminmaa","tag-kotimaa","tag-lappi","tag-suomen-luonnonsuojeluliitto","tag-suomi","tag-talous","tag-vesivoima","tag-ymparisto"],"share_on_mastodon":{"url":"https:\/\/pubeurope.com\/@fi\/116605929113180931","error":""},"_links":{"self":[{"href":"https:\/\/www.europesays.com\/fi\/wp-json\/wp\/v2\/posts\/252961","targetHints":{"allow":["GET"]}}],"collection":[{"href":"https:\/\/www.europesays.com\/fi\/wp-json\/wp\/v2\/posts"}],"about":[{"href":"https:\/\/www.europesays.com\/fi\/wp-json\/wp\/v2\/types\/post"}],"author":[{"embeddable":true,"href":"https:\/\/www.europesays.com\/fi\/wp-json\/wp\/v2\/users\/2"}],"replies":[{"embeddable":true,"href":"https:\/\/www.europesays.com\/fi\/wp-json\/wp\/v2\/comments?post=252961"}],"version-history":[{"count":0,"href":"https:\/\/www.europesays.com\/fi\/wp-json\/wp\/v2\/posts\/252961\/revisions"}],"wp:featuredmedia":[{"embeddable":true,"href":"https:\/\/www.europesays.com\/fi\/wp-json\/wp\/v2\/media\/252962"}],"wp:attachment":[{"href":"https:\/\/www.europesays.com\/fi\/wp-json\/wp\/v2\/media?parent=252961"}],"wp:term":[{"taxonomy":"category","embeddable":true,"href":"https:\/\/www.europesays.com\/fi\/wp-json\/wp\/v2\/categories?post=252961"},{"taxonomy":"post_tag","embeddable":true,"href":"https:\/\/www.europesays.com\/fi\/wp-json\/wp\/v2\/tags?post=252961"}],"curies":[{"name":"wp","href":"https:\/\/api.w.org\/{rel}","templated":true}]}}