{"id":253161,"date":"2026-05-20T12:40:13","date_gmt":"2026-05-20T12:40:13","guid":{"rendered":"https:\/\/www.europesays.com\/fi\/253161\/"},"modified":"2026-05-20T12:40:13","modified_gmt":"2026-05-20T12:40:13","slug":"israel-aanesti-maan-hallituksen-kaatavan-lakiesityksen-puolesta-uutisia-lyhyesti","status":"publish","type":"post","link":"https:\/\/www.europesays.com\/fi\/253161\/","title":{"rendered":"Israel \u00e4\u00e4nesti maan hallituksen kaatavan lakiesityksen puolesta | Uutisia lyhyesti"},"content":{"rendered":"<p class=\"aw-1gybjub aw-5vja16 kEtdKx kmuxyA yle__article__paragraph\">Lakiesitys hallituksen kaatamisesta osuu p\u00e4\u00e4ministeri Netanjahulle herkk\u00e4\u00e4n aikaan.<\/p>\n<p><img decoding=\"async\" alt=\"Benjamin Netanjahu istuu tuiman n\u00e4k\u00f6isen\u00e4.\" src=\"https:\/\/www.europesays.com\/fi\/wp-content\/uploads\/2026\/05\/1746369310.jpeg\" class=\"aw-1l9m598 hKVVvP\"\/><\/p>\n<p>Avaa kuvien katselu<\/p>\n<p>Israelin p\u00e4\u00e4ministeri Benjamin Netanjahu kuvattuna huhtikuussa 2025. Kuva: Abir Sultan \/ EPA<\/p>\n<p class=\"aw-1gybjub aw-1p7kakr kEtdKx cEmitX yle__article__paragraph\">Israelin parlamentti on p\u00e4\u00e4tt\u00e4nyt edist\u00e4\u00e4 lakiesityst\u00e4, joka kaataisi p\u00e4\u00e4ministeri <strong class=\"aw-ak79eh KyCXm yle__article__strong\">Benjamin Netanjahun<\/strong> johtaman hallituksen ennenaikaisesti. Asiasta kertoo muun muassa brittilehti <a class=\"aw-iao6s4 iHOxEa yle__article__link\" href=\"https:\/\/www.theguardian.com\/world\/live\/2026\/may\/20\/us-iran-israel-lebanon-gaza-trump-oil-hormuz-latest-news-updates?CMP=share_btn_url&amp;page=with%3Ablock-6a0d88d88f089b24e2be26eb#block-6a0d88d88f089b24e2be26eb\" role=\"link\" rel=\"nofollow noopener\" target=\"_blank\">The Guardian<\/a>.<\/p>\n<p class=\"aw-1gybjub aw-1p7kakr kEtdKx cEmitX yle__article__paragraph\">Parlamentin p\u00e4\u00e4t\u00f6s oli yksimielinen. Sen 120 j\u00e4senest\u00e4 110 \u00e4\u00e4nesti esityksen puolesta, kymmenen ihmisen j\u00e4tt\u00e4ess\u00e4 \u00e4\u00e4nest\u00e4m\u00e4tt\u00e4.<\/p>\n<p class=\"aw-1gybjub aw-1p7kakr kEtdKx cEmitX yle__article__paragraph\">Esitys etenee seuraavaksi erillisen komitean tarkasteltavaksi. Voimaan astuakseen esityksen t\u00e4ytyy l\u00e4p\u00e4ist\u00e4 viel\u00e4 kolme parlamentin kuulemista. Jos lakiesitys hyv\u00e4ksyt\u00e4\u00e4n, pit\u00e4\u00e4 Israelissa j\u00e4rjest\u00e4\u00e4 ennenaikaiset parlamenttivaalit 90 p\u00e4iv\u00e4n sis\u00e4ll\u00e4.<\/p>\n<p class=\"aw-1gybjub aw-1p7kakr kEtdKx cEmitX yle__article__paragraph\">P\u00e4\u00e4ministerin oman hallituksen edist\u00e4m\u00e4 lakiesitys hallituksen kaatamisesta osuu Netanjahulle herkk\u00e4\u00e4n aikaan.<\/p>\n<p class=\"aw-1gybjub aw-1p7kakr kEtdKx cEmitX yle__article__paragraph\">Israel on k\u00e4ynyt viime vuosina sotaa Hamasia vastaan Gazassa, Hizbollahia vastaan Libanonissa sek\u00e4 Iranin hallintoa vastaan.<\/p>\n<p class=\"aw-1gybjub aw-1p7kakr kEtdKx cEmitX yle__article__paragraph\">76-vuotias p\u00e4\u00e4ministeri on k\u00e4rsinyt viime vuosina <a class=\"aw-iao6s4 iHOxEa yle__article__link\" href=\"https:\/\/yle.fi\/a\/74-20133927\" role=\"link\" rel=\"nofollow noopener\" target=\"_blank\">my\u00f6s terveysongelmista<\/a>.<\/p>\n<p class=\"aw-1gybjub aw-1p7kakr kEtdKx cEmitX yle__article__paragraph\">Netanjahua odottaa lis\u00e4ksi vuodesta 2020 vireill\u00e4 ollut <a class=\"aw-iao6s4 iHOxEa yle__article__link\" href=\"https:\/\/yle.fi\/a\/74-20190865\" role=\"link\" rel=\"nofollow noopener\" target=\"_blank\">korruptio-oikeudenk\u00e4ynti<\/a>. Armahdusoikeuden omaava presidentti <strong class=\"aw-ak79eh KyCXm yle__article__strong\">Isaac Herzog<\/strong> on yritt\u00e4nyt sovitella asiaa Israelin oikeuslaitoksen kanssa. On mahdollista, ett\u00e4 Netanjahu vet\u00e4ytyy politiikasta osana sopimusta.<\/p>\n<p class=\"aw-1gybjub aw-1p7kakr kEtdKx cEmitX yle__article__paragraph\">Edell\u00e4 mainitut asiat saattavat kaikki vaikuttaa mahdollisten vaalien tulokseen.<\/p>\n<p class=\"aw-1gybjub aw-1p7kakr kEtdKx cEmitX yle__article__paragraph\">Benjamin Netanjahu on Israelin historian pitk\u00e4aikaisin p\u00e4\u00e4ministeri. H\u00e4n on hoitanut p\u00e4\u00e4ministerin virkaa Israelissa kolmessa jaksossa vuosina 1996\u20131999, 2009\u20132021 sek\u00e4 j\u00e4lleen loppuvuodesta 2022 alkaen.<\/p>\n","protected":false},"excerpt":{"rendered":"Lakiesitys hallituksen kaatamisesta osuu p\u00e4\u00e4ministeri Netanjahulle herkk\u00e4\u00e4n aikaan. Avaa kuvien katselu Israelin p\u00e4\u00e4ministeri Benjamin Netanjahu kuvattuna huhtikuussa 2025.&hellip;\n","protected":false},"author":2,"featured_media":253162,"comment_status":"","ping_status":"","sticky":false,"template":"","format":"standard","meta":{"footnotes":"","_share_on_mastodon":"0"},"categories":[14],"tags":[3068,22,23,26,27,33,31,30,17,993,3069,15473,992,24,25,28,29,15,18,21,32,19,20,56,16,59,60,61],"class_list":["post-253161","post","type-post","status-publish","format-standard","has-post-thumbnail","category-ulkomaat","tag-benjamin-netanjahu","tag-breaking-news","tag-breakingnews","tag-featured-news","tag-featurednews","tag-fi","tag-finland","tag-finnish","tag-headlines","tag-israel","tag-israelin-politiikka","tag-knesset","tag-lahi-ita","tag-latest-news","tag-latestnews","tag-main-news","tag-mainnews","tag-news","tag-otsikot","tag-paauutiset","tag-suomi","tag-top-stories","tag-topstories","tag-ulkomaat","tag-uutiset","tag-world","tag-world-news","tag-worldnews"],"share_on_mastodon":{"url":"https:\/\/pubeurope.com\/@fi\/116606955012794037","error":""},"_links":{"self":[{"href":"https:\/\/www.europesays.com\/fi\/wp-json\/wp\/v2\/posts\/253161","targetHints":{"allow":["GET"]}}],"collection":[{"href":"https:\/\/www.europesays.com\/fi\/wp-json\/wp\/v2\/posts"}],"about":[{"href":"https:\/\/www.europesays.com\/fi\/wp-json\/wp\/v2\/types\/post"}],"author":[{"embeddable":true,"href":"https:\/\/www.europesays.com\/fi\/wp-json\/wp\/v2\/users\/2"}],"replies":[{"embeddable":true,"href":"https:\/\/www.europesays.com\/fi\/wp-json\/wp\/v2\/comments?post=253161"}],"version-history":[{"count":0,"href":"https:\/\/www.europesays.com\/fi\/wp-json\/wp\/v2\/posts\/253161\/revisions"}],"wp:featuredmedia":[{"embeddable":true,"href":"https:\/\/www.europesays.com\/fi\/wp-json\/wp\/v2\/media\/253162"}],"wp:attachment":[{"href":"https:\/\/www.europesays.com\/fi\/wp-json\/wp\/v2\/media?parent=253161"}],"wp:term":[{"taxonomy":"category","embeddable":true,"href":"https:\/\/www.europesays.com\/fi\/wp-json\/wp\/v2\/categories?post=253161"},{"taxonomy":"post_tag","embeddable":true,"href":"https:\/\/www.europesays.com\/fi\/wp-json\/wp\/v2\/tags?post=253161"}],"curies":[{"name":"wp","href":"https:\/\/api.w.org\/{rel}","templated":true}]}}