{"id":253197,"date":"2026-05-20T13:27:11","date_gmt":"2026-05-20T13:27:11","guid":{"rendered":"https:\/\/www.europesays.com\/fi\/253197\/"},"modified":"2026-05-20T13:27:11","modified_gmt":"2026-05-20T13:27:11","slug":"kupsin-viime-paivien-kohupelaaja-puuttuu-illan-kokoonpanosta-urheilu","status":"publish","type":"post","link":"https:\/\/www.europesays.com\/fi\/253197\/","title":{"rendered":"KuPSin viime p\u00e4ivien kohupelaaja puuttuu illan kokoonpanosta | Urheilu"},"content":{"rendered":"<p>Kapteeni <strong>Petteri Pennanen <\/strong>tekee odotetusti paluun Kuopion Palloseuran kokoonpanoon keskiviikon ottelussa.<\/p>\n<p>KuPS kohtaa Pietarsaaren Jaron Keskuskent\u00e4ll\u00e4 kello 19 alkavassa Veikkausliigan kohtaamisessa.<\/p>\n<p>Pennanen oli sivussa joukkueen kokoonpanosta viime lauantaina IFK Mariehamn-vieraspelist\u00e4. KuPSin keskikent\u00e4n konkaripelaaja kertoi aiemmin viime viikolla \u00e4itins\u00e4 menehtyneen sy\u00f6p\u00e4\u00e4n.<\/p>\n<p>Sarjan viime p\u00e4ivien puhutuin pelaaja: <strong>Jaime Moreno<\/strong>, joka ei viime lauantaina l\u00f6yt\u00e4nyt Maarianhaminassa ajoissa oikealle kannelle, jolta laivalta poistutaan maihin, puuttuu KuPSin kokoonpanosta.<\/p>\n<p>Pelikiellosta kotijoukkueen avaukseen palaa <strong>Bob Nii Armah<\/strong>.<\/p>\n<p>Alkukaudesta kaikki KuPSin pelit avauskent\u00e4llisess\u00e4 aloittanut <strong>Valentin Gasc <\/strong>on vaihtopelaajien joukossa.<\/p>\n<p>Sarjataulukossa kolmantena oleva KuPS ei ole pystynyt raapimaan voittoa nelj\u00e4\u00e4n viime otteluunsa Veikkausliigassa.<\/p>\n<p>Jaro ja KuPS ovat kohdanneet jo kerran t\u00e4n\u00e4 kev\u00e4\u00e4n\u00e4. Huhtikuun peli Pietarsaaressa p\u00e4\u00e4ttyi 1\u20131.<\/p>\n<p class=\"diks-storyline__additional-information\">KuPSin aloituskokoonpano: Johannes Kreidl, Clinton Antwi, Arttu L\u00f6tj\u00f6nen, Brahima Magassa, Saku Savolainen, Petteri Pennanen, Niilo Kujasalo, Otto Ruoppi, Saku Heiskanen, Bob Nii Armah, Gustav Engvall.<\/p>\n<p>\t\t\t\t\t<img class=\"diks-card__image\" src=\"https:\/\/www.europesays.com\/fi\/wp-content\/uploads\/2026\/05\/11432837.jpg\"   loading=\"lazy\" decoding=\"sync\" alt=\"\"\/><\/p>\n","protected":false},"excerpt":{"rendered":"Kapteeni Petteri Pennanen tekee odotetusti paluun Kuopion Palloseuran kokoonpanoon keskiviikon ottelussa. KuPS kohtaa Pietarsaaren Jaron Keskuskent\u00e4ll\u00e4 kello 19&hellip;\n","protected":false},"author":2,"featured_media":253198,"comment_status":"","ping_status":"","sticky":false,"template":"","format":"standard","meta":{"footnotes":"","_share_on_mastodon":"0"},"categories":[158],"tags":[33,31,30,43,1132,3221,4141,41,7918,159,32,160],"class_list":["post-253197","post","type-post","status-publish","format-standard","has-post-thumbnail","category-urheilu","tag-fi","tag-finland","tag-finnish","tag-jalkapallo","tag-kuopio","tag-kuopion-palloseura-kups","tag-kups","tag-liikunta-ja-urheilu","tag-pietarsaaren-seutukunta","tag-sports","tag-suomi","tag-urheilu"],"share_on_mastodon":{"url":"https:\/\/pubeurope.com\/@fi\/116607139786328946","error":""},"_links":{"self":[{"href":"https:\/\/www.europesays.com\/fi\/wp-json\/wp\/v2\/posts\/253197","targetHints":{"allow":["GET"]}}],"collection":[{"href":"https:\/\/www.europesays.com\/fi\/wp-json\/wp\/v2\/posts"}],"about":[{"href":"https:\/\/www.europesays.com\/fi\/wp-json\/wp\/v2\/types\/post"}],"author":[{"embeddable":true,"href":"https:\/\/www.europesays.com\/fi\/wp-json\/wp\/v2\/users\/2"}],"replies":[{"embeddable":true,"href":"https:\/\/www.europesays.com\/fi\/wp-json\/wp\/v2\/comments?post=253197"}],"version-history":[{"count":0,"href":"https:\/\/www.europesays.com\/fi\/wp-json\/wp\/v2\/posts\/253197\/revisions"}],"wp:featuredmedia":[{"embeddable":true,"href":"https:\/\/www.europesays.com\/fi\/wp-json\/wp\/v2\/media\/253198"}],"wp:attachment":[{"href":"https:\/\/www.europesays.com\/fi\/wp-json\/wp\/v2\/media?parent=253197"}],"wp:term":[{"taxonomy":"category","embeddable":true,"href":"https:\/\/www.europesays.com\/fi\/wp-json\/wp\/v2\/categories?post=253197"},{"taxonomy":"post_tag","embeddable":true,"href":"https:\/\/www.europesays.com\/fi\/wp-json\/wp\/v2\/tags?post=253197"}],"curies":[{"name":"wp","href":"https:\/\/api.w.org\/{rel}","templated":true}]}}