{"id":253276,"date":"2026-05-20T15:17:11","date_gmt":"2026-05-20T15:17:11","guid":{"rendered":"https:\/\/www.europesays.com\/fi\/253276\/"},"modified":"2026-05-20T15:17:11","modified_gmt":"2026-05-20T15:17:11","slug":"kesko-laajentaa-kaukaan-supermarkettia-35-miljoonalla-eurolla-kilpaileva-ketju-pyrkii-yha-naapuriin-etela-karjala","status":"publish","type":"post","link":"https:\/\/www.europesays.com\/fi\/253276\/","title":{"rendered":"Kesko laajentaa Kaukaan supermarkettia 3,5 miljoonalla eurolla \u2013 kilpaileva ketju pyrkii yh\u00e4 naapuriin | Etel\u00e4-Karjala"},"content":{"rendered":"<p class=\"aw-1gybjub aw-5vja16 kEtdKx kmuxyA yle__article__paragraph\">Lappeenrannan kaupunki my\u00f6nsi laajennukselle rakentamisluvan t\u00e4ll\u00e4 viikolla.<\/p>\n<p><img decoding=\"async\" alt=\"Itsepalvelukassa K-marketissa Kampissa.\" src=\"https:\/\/www.europesays.com\/fi\/wp-content\/uploads\/2026\/05\/1659262600.jpeg\" class=\"aw-1l9m598 hKVVvP\"\/><\/p>\n<p>Avaa kuvien katselu<\/p>\n<p>Laajennuksen my\u00f6t\u00e4 K-Supermarket Lehmukseen tulee esimerkiksi uusia itsepalvelukassoja. Kuvituskuva. Kuva: Henrietta Hassinen \/ Yle<\/p>\n<p class=\"aw-1gybjub aw-1p7kakr kEtdKx cEmitX yle__article__paragraph\">Kesko laajentaa Lappeenrannan Kaukaan K-supermarket Lehmusta 3,5 miljoonalla eurolla.<\/p>\n<p class=\"aw-1gybjub aw-1p7kakr kEtdKx cEmitX yle__article__paragraph\">Lappeenrannan kaupunki my\u00f6nsi rakentamisluvan laajennukselle t\u00e4ll\u00e4 viikolla. Rakentamisluvasta voi viel\u00e4 kuitenkin valittaa.<\/p>\n<p class=\"aw-1gybjub aw-1p7kakr kEtdKx cEmitX yle__article__paragraph\">Sijainti Lappeenrannan Kaukaan kaupunginosassa kiinnostaa my\u00f6s kilpailijaa.<\/p>\n<p class=\"aw-1gybjub aw-1p7kakr kEtdKx cEmitX yle__article__paragraph\">Etel\u00e4-Karjalan Osuuskauppa Eekoo on nimitt\u00e4in aikeissa rakentaa<a class=\"aw-iao6s4 iHOxEa yle__article__link\" href=\"https:\/\/yle.fi\/a\/74-20216040\" role=\"link\" rel=\"nofollow noopener\" target=\"_blank\"> naapuriin S-marketin.<\/a><\/p>\n<p class=\"aw-1gybjub aw-1p7kakr kEtdKx cEmitX yle__article__paragraph\">K-supermarket Lehmuksen kauppiaan <strong class=\"aw-ak79eh KyCXm yle__article__strong\">Mika Mustosen<\/strong> mukaan heid\u00e4n laajennussuunnitelmat eiv\u00e4t liity suoranaisesti kilpailijan mahdolliseen tuloon naapuriin.<\/p>\n<p class=\"aw-1gybjub aw-1p7kakr kEtdKx cEmitX yle__article__paragraph\">Laajennuksen suunnittelu alkoi jo vuonna 2021.<\/p>\n<p class=\"aw-1gybjub aw-1p7kakr kEtdKx cEmitX yle__article__paragraph\">\u2013 Pitk\u00e4n kauppiaskokemuksen pohjalta sanoisin, ett\u00e4 parempi kun vieress\u00e4 on kilpailija ja vertailukohta, etk\u00e4 ole yksin alueella, toteaa Mustonen.<\/p>\n<p><img decoding=\"async\" alt=\"Kaupan k\u00e4yt\u00e4v\u00e4, juomaosasto. \" src=\"https:\/\/www.europesays.com\/fi\/wp-content\/uploads\/2026\/05\/1752502330.jpeg\" loading=\"lazy\" class=\"aw-1l9m598 hKVVvP\"\/><\/p>\n<p>Avaa kuvien katselu<\/p>\n<p>Laajennuksen my\u00f6t\u00e4 esimerkiksi juomaosasto laajenee. Kuvituskuva.  Kuva: Matti Myller \/ YleTy\u00f6t on jo aloitettu<\/p>\n<p class=\"aw-1gybjub aw-1p7kakr kEtdKx cEmitX yle__article__paragraph\">Lehmuksen kauppias Mika Mustonen kertoo, ett\u00e4 rakennusty\u00f6t on aloitettu v\u00e4litt\u00f6m\u00e4sti luvan my\u00f6nt\u00e4misen j\u00e4lkeen.<\/p>\n<p class=\"aw-1gybjub aw-1p7kakr kEtdKx cEmitX yle__article__paragraph\">\u2013 T\u00e4ll\u00e4 viikolla on aloitettu jo puiden kaatamista ja ensimm\u00e4isi\u00e4 ty\u00f6maakokouksia on pidetty, toteaa Mustonen.<\/p>\n<p class=\"aw-1gybjub aw-1p7kakr kEtdKx cEmitX yle__article__paragraph\">Laajennus on tarkoitus saada valmiiksi vuoden loppuun menness\u00e4.<\/p>\n<p class=\"aw-1gybjub aw-1p7kakr kEtdKx cEmitX yle__article__paragraph\">Uudistuksen my\u00f6t\u00e4 kauppaan tulee esimerkiksi itsepalvelukassoja, laajempi juomaosasto ja uusi pullonpalautusalue.<\/p>\n<p class=\"aw-1gybjub aw-1p7kakr kEtdKx cEmitX yle__article__paragraph\">Lehmus on Etel\u00e4-Karjalan suurin K-supermarket liikevaihdolla mitattuna, kertoo Kesko tiedotteessaan.<\/p>\n<p><img decoding=\"async\" alt=\"UPM Kaukaan piiput Lappeenrannassa.\" src=\"https:\/\/www.europesays.com\/fi\/wp-content\/uploads\/2026\/05\/1759494944.jpeg\" loading=\"lazy\" class=\"aw-1l9m598 hKVVvP\"\/><\/p>\n<p>Avaa kuvien katselu<\/p>\n<p>Turvallisuus- ja kemikaaliviraston mukaan liian l\u00e4hell\u00e4 UPM:n Kaukaan tehdasta ei pit\u00e4isi rakentaa kauppoja. Arkistokuva.  Kuva: Antro Valo \/ YleTukes ei puoltanut S-ketjua<\/p>\n<p class=\"aw-1gybjub aw-1p7kakr kEtdKx cEmitX yle__article__paragraph\">S-ketjun tulossa K-market Lehmuksen kilpailijaksi Kaukaalle on viel\u00e4 mahdollisia mutkia matkassa.<\/p>\n<p class=\"aw-1gybjub aw-1p7kakr kEtdKx cEmitX yle__article__paragraph\">Turvallisuus- ja <a class=\"aw-iao6s4 iHOxEa yle__article__link\" href=\"https:\/\/yle.fi\/a\/74-20185986\" role=\"link\" rel=\"nofollow noopener\" target=\"_blank\">kemikaalivirasto Tukesin mielest\u00e4<\/a> S-market tulisi liian l\u00e4helle UPM:n Kaukaan tehdasta.<\/p>\n<p class=\"aw-1gybjub aw-1p7kakr kEtdKx cEmitX yle__article__paragraph\">T\u00e4m\u00e4n takia Turvallisuus- ja kemikaalivirasto Tukes ei puoltanut S-markettia varten laadittua kaavamuutosta.<\/p>\n<p class=\"aw-1gybjub aw-1p7kakr kEtdKx cEmitX yle__article__paragraph\">Tukesin pelkona on, ett\u00e4 onnettomuustilanteessa klooridioksidivuoto tehtaalla voisi aiheuttaa vaaratilanteen kaupan asiakkaille ja henkil\u00f6kunnalle.<\/p>\n<p class=\"aw-1gybjub aw-1p7kakr kEtdKx cEmitX yle__article__paragraph\">Lappeenrannan kaupunginvaltuusto hyv\u00e4ksyi kuitenkin kaavamuutoksen <a class=\"aw-iao6s4 iHOxEa yle__article__link\" href=\"https:\/\/yle.fi\/a\/74-20216040\" role=\"link\" rel=\"nofollow noopener\" target=\"_blank\">S-markettia varten helmikuussa. <\/a>Tukes on valittanut p\u00e4\u00e4t\u00f6ksest\u00e4 hallinto-oikeuteen.<\/p>\n<p class=\"aw-1gybjub aw-1p7kakr kEtdKx cEmitX yle__article__paragraph\">Eekoon tavoitteena on aloittaa S-marketin rakennusty\u00f6t Kaukaalla viel\u00e4 t\u00e4m\u00e4n vuoden aikana.<\/p>\n","protected":false},"excerpt":{"rendered":"Lappeenrannan kaupunki my\u00f6nsi laajennukselle rakentamisluvan t\u00e4ll\u00e4 viikolla. Avaa kuvien katselu Laajennuksen my\u00f6t\u00e4 K-Supermarket Lehmukseen tulee esimerkiksi uusia itsepalvelukassoja.&hellip;\n","protected":false},"author":2,"featured_media":253277,"comment_status":"","ping_status":"","sticky":false,"template":"","format":"standard","meta":{"footnotes":"","_share_on_mastodon":"0"},"categories":[76],"tags":[79,77,2786,1302,33,31,30,12301,29714,3777,1446,35126,32,78,3778],"class_list":["post-253276","post","type-post","status-publish","format-standard","has-post-thumbnail","category-talous","tag-business","tag-economy","tag-elinkeinoelama","tag-etela-karjala","tag-fi","tag-finland","tag-finnish","tag-k-ryhma","tag-k-supermarket","tag-kesko","tag-lappeenranta","tag-ruokakesko","tag-suomi","tag-talous","tag-vahittaiskauppa"],"share_on_mastodon":{"url":"https:\/\/pubeurope.com\/@fi\/116607572546265895","error":""},"_links":{"self":[{"href":"https:\/\/www.europesays.com\/fi\/wp-json\/wp\/v2\/posts\/253276","targetHints":{"allow":["GET"]}}],"collection":[{"href":"https:\/\/www.europesays.com\/fi\/wp-json\/wp\/v2\/posts"}],"about":[{"href":"https:\/\/www.europesays.com\/fi\/wp-json\/wp\/v2\/types\/post"}],"author":[{"embeddable":true,"href":"https:\/\/www.europesays.com\/fi\/wp-json\/wp\/v2\/users\/2"}],"replies":[{"embeddable":true,"href":"https:\/\/www.europesays.com\/fi\/wp-json\/wp\/v2\/comments?post=253276"}],"version-history":[{"count":0,"href":"https:\/\/www.europesays.com\/fi\/wp-json\/wp\/v2\/posts\/253276\/revisions"}],"wp:featuredmedia":[{"embeddable":true,"href":"https:\/\/www.europesays.com\/fi\/wp-json\/wp\/v2\/media\/253277"}],"wp:attachment":[{"href":"https:\/\/www.europesays.com\/fi\/wp-json\/wp\/v2\/media?parent=253276"}],"wp:term":[{"taxonomy":"category","embeddable":true,"href":"https:\/\/www.europesays.com\/fi\/wp-json\/wp\/v2\/categories?post=253276"},{"taxonomy":"post_tag","embeddable":true,"href":"https:\/\/www.europesays.com\/fi\/wp-json\/wp\/v2\/tags?post=253276"}],"curies":[{"name":"wp","href":"https:\/\/api.w.org\/{rel}","templated":true}]}}