{"id":253455,"date":"2026-05-20T19:38:13","date_gmt":"2026-05-20T19:38:13","guid":{"rendered":"https:\/\/www.europesays.com\/fi\/253455\/"},"modified":"2026-05-20T19:38:13","modified_gmt":"2026-05-20T19:38:13","slug":"tutkimus-loysi-erikoisen-yhteyden-d-vitamiinin-ja-kivun-valilta","status":"publish","type":"post","link":"https:\/\/www.europesays.com\/fi\/253455\/","title":{"rendered":"Tutkimus l\u00f6ysi erikoisen yhteyden d-vitamiinin ja kivun v\u00e4lilt\u00e4"},"content":{"rendered":"<p class=\"is-style-dropcap\">Naisilla, joilla on alhainen d-vitamiinitaso, saattaa olla edess\u00e4\u00e4n kivuliaampi toipuminen rintasy\u00f6p\u00e4leikkauksen j\u00e4lkeen, ja he voivat tarvita merkitt\u00e4v\u00e4sti enemm\u00e4n opioidil\u00e4\u00e4kityst\u00e4 sen j\u00e4lkeen, kertoo uusi egyptil\u00e4istutkimus.<\/p>\n<p>Havainnosta kertova tutkimusraportti <a href=\"https:\/\/rapm.bmj.com\/content\/early\/2026\/05\/04\/rapm-2025-107495\" rel=\"nofollow noopener\" target=\"_blank\">on julkaistu<\/a> Regional Anesthesia &amp; Pain Medicine -tiedejulkaisussa.<\/p>\n<p>Tulokset viittaavat siihen, ett\u00e4 rintasy\u00f6p\u00e4potilaat, joilla on d-vitamiinin puutos (alle 30 nanomoolia litrassa, nmol\/l), voisivat hy\u00f6ty\u00e4 d-vitamiinilisien k\u00e4yt\u00f6st\u00e4 ennen rinnan poistoleikkausta.<\/p>\n<p>Tutkijoiden mukaan kasvava n\u00e4ytt\u00f6 viittaa siihen, ett\u00e4 d-vitamiinilla on t\u00e4rke\u00e4 rooli siin\u00e4, miten elimist\u00f6 aistii ja s\u00e4\u00e4telee kipua.<\/p>\n<p>Tutkijat uskovat t\u00e4m\u00e4n liittyv\u00e4n vitamiinin tulehdusta ehk\u00e4iseviin ominaisuuksiin ja sen vaikutuksiin immuunij\u00e4rjestelm\u00e4ss\u00e4. D-vitamiinin puutosta esiintyy my\u00f6s usein rintasy\u00f6p\u00e4\u00e4 sairastavilla.<\/p>\n<p>Yhteyden selvitt\u00e4miseksi tutkijat toteuttivat havainnointitutkimuksen egyptil\u00e4issairaalassa syyskuun 2024 ja huhtikuun 2025 v\u00e4lill\u00e4.<\/p>\n<p>Tutkimukseen osallistui 184 rintasy\u00f6p\u00e4\u00e4 sairastavaa naista, jotka valmistautuivat yhden rinnan poistoleikkaukseen.<\/p>\n<p>Puolella osallistujista oli d-vitamiinin puutos (alle 30 nmol\/l), kun taas toisella puolikkaalla d-vitamiinitaso oli yli 30 nmol\/l. Ryhm\u00e4t olivat muuten samankaltaisia, ja keski-i\u00e4t olivat 44 ja 42 vuotta.<\/p>\n<p>Potilaita hoitavat l\u00e4\u00e4k\u00e4rit ja sairaanhoitajat eiv\u00e4t tienneet heid\u00e4n d-vitamiinitasoaan. Kaikki osallistujat saivat sairaalassa tavanomaista hoitoa ennen leikkausta, sen aikana ja sen j\u00e4lkeen.<\/p>\n<p>Leikkauksen aikana potilaille annettiin fentanyyli\u00e4 akuutin kivun hallintaan. Leikkauksen j\u00e4lkeen kaikki saivat suonensis\u00e4ist\u00e4 parasetamolia kahdeksan tunnin v\u00e4lein. <\/p>\n<p>Potilaat pystyiv\u00e4t my\u00f6s itse annostelemaan tramadolia, toista opioidikipul\u00e4\u00e4kett\u00e4, painamalla ohjauspainiketta.<\/p>\n<p>Kiputasot kirjattiin heti leikkauksen j\u00e4lkeen sek\u00e4 uudelleen 6, 12, 18 ja 24 tuntia my\u00f6hemmin. Tutkijat seurasivat my\u00f6s pahoinvointia, oksentelua, sedaatiotasoa ja sairaalahoidon kestoa.<\/p>\n<p>Potilailla, joilla oli d-vitamiinin puutos, oli kolme kertaa suurempi todenn\u00e4k\u00f6isyys kokea kohtalaista tai voimakasta kipua ensimm\u00e4isten 24 tunnin aikana leikkauksen j\u00e4lkeen verrattuna potilaisiin, joilla d-vitamiinitaso oli riitt\u00e4v\u00e4.<\/p>\n<p>Tutkijat huomauttavat, ett\u00e4 kummankaan ryhm\u00e4n potilaat eiv\u00e4t raportoineet voimakasta kipua, jonka arvo olisi ollut 7 tai enemm\u00e4n tavanomaisella 0\u201310 kipuasteikolla.<\/p>\n<p>Ero liittyi kokonaan suurempaan m\u00e4\u00e4r\u00e4\u00e4n potilaita, jotka kokivat kohtalaista kipua tasolla 4\u20136.<\/p>\n<p>D-vitamiinin puutoksesta k\u00e4rsinyt ryhm\u00e4 tarvitsi my\u00f6s enemm\u00e4n opioidil\u00e4\u00e4kityst\u00e4.<\/p>\n<p>Keskim\u00e4\u00e4rin n\u00e4m\u00e4 potilaat saivat leikkauksen aikana kahdeksan mikrogrammaa enemm\u00e4n fentanyyli\u00e4, mit\u00e4 tutkijat pitiv\u00e4t v\u00e4h\u00e4isen\u00e4 lis\u00e4yksen\u00e4.<\/p>\n<p>Leikkauksen j\u00e4lkeen ero kuitenkin kasvoi huomattavasti suuremmaksi. Potilaat, joilla oli alhainen d-vitamiinitaso, k\u00e4yttiv\u00e4t keskim\u00e4\u00e4rin 112 milligrammaa enemm\u00e4n tramadolia kuin potilaat, joilla d-vitamiinitaso oli riitt\u00e4v\u00e4.<\/p>\n<p>L\u00e4\u00e4kitys oli potilaan itse s\u00e4\u00e4telem\u00e4, ja annokset oli rajattu enint\u00e4\u00e4n 50 milligrammaan tunnissa.<\/p>\n<p>Opioidil\u00e4\u00e4kkeet voivat aiheuttaa haittavaikutuksia, kuten pahoinvointia, oksentelua, uneliaisuutta ja sekavuutta. Niihin liittyy my\u00f6s riippuvuuden riski.<\/p>\n<p>Tutkimuksessa havaittiin, ett\u00e4 leikkauksen j\u00e4lkeist\u00e4 pahoinvointia esiintyi useammin potilailla, joilla oli d-vitamiinin puutos.<\/p>\n<p>Oksentelua raportoitiin vain puutosryhm\u00e4ss\u00e4, vaikka tutkijoiden mukaan ero oli liian pieni ollakseen tilastollisesti merkitt\u00e4v\u00e4.<\/p>\n<p>Tutkijat <a href=\"https:\/\/www.sciencedaily.com\/releases\/2026\/05\/260519224308.htm\" rel=\"nofollow noopener\" target=\"_blank\">korostavat tiedotteessa<\/a>, ett\u00e4 tutkimuksessa oli rajoituksia.<\/p>\n<p>Koska tutkimus oli havainnointitutkimus ja se toteutettiin yhdess\u00e4 l\u00e4\u00e4ketieteellisess\u00e4 keskuksessa, se ei voi todistaa, ett\u00e4 alhainen d-vitamiinitaso olisi suoraan aiheuttanut kivun lis\u00e4\u00e4ntymisen.<\/p>\n<p>Tutkimusryhm\u00e4 ei my\u00f6sk\u00e4\u00e4n mitannut tulehdusmerkkiaineita, jotka voisivat selitt\u00e4\u00e4, miten d-vitamiini vaikuttaa kipuun.<\/p>\n<p>Lis\u00e4ksi tietoja ahdistuksesta, masennuksesta, sy\u00f6v\u00e4n vaiheesta, aiemmista hoidoista ja unih\u00e4iri\u00f6ist\u00e4 ennen leikkausta ei ker\u00e4tty.<\/p>\n<p>            Tilaa Tekniikan Maailman uutiskirjeet<\/p>\n<p class=\"has-text-align-center\" style=\"margin-bottom: 1.5rem\">\n            Tilaa TM-uutiskirje, niin pysyt ajan tasalla autoalan, teknologian ja tieteen uutisista! Saat ihmisen<br \/>\n            kokoaman TM-uutiskirjeen joka arkip\u00e4iv\u00e4.\n        <\/p>\n<p style=\"font-size: 12px; margin-bottom: 0.5rem; text-align: center\">\n        Uutiskirjeet sis\u00e4lt\u00e4v\u00e4t my\u00f6s mainontaa. Lis\u00e4tietoja henkil\u00f6tietojen k\u00e4sittelyst\u00e4 Otavamedia Oy:n<br \/>\n        <a href=\"https:\/\/otavamedia.fi\/tietosuoja\/\" rel=\"nofollow noopener\" target=\"_blank\">tietosuojaselosteesta.<\/a>\n    <\/p>\n","protected":false},"excerpt":{"rendered":"Naisilla, joilla on alhainen d-vitamiinitaso, saattaa olla edess\u00e4\u00e4n kivuliaampi toipuminen rintasy\u00f6p\u00e4leikkauksen j\u00e4lkeen, ja he voivat tarvita merkitt\u00e4v\u00e4sti enemm\u00e4n&hellip;\n","protected":false},"author":2,"featured_media":253456,"comment_status":"","ping_status":"","sticky":false,"template":"","format":"standard","meta":{"footnotes":"","_share_on_mastodon":"0"},"categories":[76],"tags":[79,15442,77,33,31,30,9198,1977,764,32,1469,78,167,10365],"class_list":["post-253455","post","type-post","status-publish","format-standard","has-post-thumbnail","category-talous","tag-business","tag-d-vitamiini","tag-economy","tag-fi","tag-finland","tag-finnish","tag-kipu","tag-laakkeet","tag-sairaudet","tag-suomi","tag-syopa","tag-talous","tag-terveys","tag-vitamiinit"],"share_on_mastodon":{"url":"https:\/\/pubeurope.com\/@fi\/116608598550018372","error":""},"_links":{"self":[{"href":"https:\/\/www.europesays.com\/fi\/wp-json\/wp\/v2\/posts\/253455","targetHints":{"allow":["GET"]}}],"collection":[{"href":"https:\/\/www.europesays.com\/fi\/wp-json\/wp\/v2\/posts"}],"about":[{"href":"https:\/\/www.europesays.com\/fi\/wp-json\/wp\/v2\/types\/post"}],"author":[{"embeddable":true,"href":"https:\/\/www.europesays.com\/fi\/wp-json\/wp\/v2\/users\/2"}],"replies":[{"embeddable":true,"href":"https:\/\/www.europesays.com\/fi\/wp-json\/wp\/v2\/comments?post=253455"}],"version-history":[{"count":0,"href":"https:\/\/www.europesays.com\/fi\/wp-json\/wp\/v2\/posts\/253455\/revisions"}],"wp:featuredmedia":[{"embeddable":true,"href":"https:\/\/www.europesays.com\/fi\/wp-json\/wp\/v2\/media\/253456"}],"wp:attachment":[{"href":"https:\/\/www.europesays.com\/fi\/wp-json\/wp\/v2\/media?parent=253455"}],"wp:term":[{"taxonomy":"category","embeddable":true,"href":"https:\/\/www.europesays.com\/fi\/wp-json\/wp\/v2\/categories?post=253455"},{"taxonomy":"post_tag","embeddable":true,"href":"https:\/\/www.europesays.com\/fi\/wp-json\/wp\/v2\/tags?post=253455"}],"curies":[{"name":"wp","href":"https:\/\/api.w.org\/{rel}","templated":true}]}}