{"id":253559,"date":"2026-05-20T22:06:10","date_gmt":"2026-05-20T22:06:10","guid":{"rendered":"https:\/\/www.europesays.com\/fi\/253559\/"},"modified":"2026-05-20T22:06:10","modified_gmt":"2026-05-20T22:06:10","slug":"love-island-suomi-jimi-ja-victor-hammentavat-katsojia-yhdennakoisyydellaan","status":"publish","type":"post","link":"https:\/\/www.europesays.com\/fi\/253559\/","title":{"rendered":"Love Island Suomi: Jimi ja Victor h\u00e4mment\u00e4v\u00e4t katsojia yhdenn\u00e4k\u00f6isyydell\u00e4\u00e4n"},"content":{"rendered":"<p>\n            Katsojat eiv\u00e4t ole tyytyv\u00e4isi\u00e4 uuden kauden toteutukseen.<br \/>\n            Ninni Varsila\n        <\/p>\n<p class=\"subtitle \">Jimin ja Victorin saapuminen on tuonut katsojille p\u00e4\u00e4nvaivaa.<\/p>\n<p class=\"article-content article-content-width !bg-background\">Katsojat ovat hieraisseet silmi\u00e4\u00e4n, sill\u00e4 Love Island Suomen uusimmat tulokkaat ovat h\u00e4mment\u00e4v\u00e4n samann\u00e4k\u00f6isi\u00e4.<\/p>\n<p class=\"font-weight-bold m-font-weight-bold article-content article-content-width !bg-background\">Katso video: Miten Love Island vaikutti itsetuntoon?<\/p>\n<p class=\"article-content article-content-width !bg-background\"><a href=\"https:\/\/www.instagram.com\/p\/DYgf1SPGiHZ\/?img_index=1\" target=\"_blank\" rel=\"nofollow noopener\">Love Island Suomen Instagram-tilille on julkaistu kuvakaruselli<\/a>, jossa villaan saapuneet  ja  seisovat pariensa kanssa. Seuraavan kuvan voi katsoa pyyhk\u00e4isem\u00e4ll\u00e4.<\/p>\n<p>Veljekset kuin ilvekset, vaiko sittenk\u00e4\u00e4n?<\/p>\n<p class=\"article-content article-content-width !bg-background\">Samaisen julkaisun kommenttiosiossa yhdenn\u00e4k\u00f6isyys on huomattu.<\/p>\n<p class=\"article-content article-content-width !bg-background\"> \u2013 \u00a0Sit\u00e4 mielt\u00e4, ett\u00e4 eik\u00f6 noi pojat oo muka veljeksi\u00e4? ihmettelee er\u00e4s.<\/p>\n<p class=\"article-content article-content-width !bg-background\"> \u2013\u00a0Miks noi miehet vois olla hyvin veljeksi\u00e4? <\/p>\n<p>        <a itemprop=\"url\" href=\"https:\/\/www.seiska.fi\/katso\/love-island-suomi-raivostutti-katsojat\/2153607\" rel=\"nofollow noopener\" target=\"_blank\"><\/p>\n<p>\nLove Island Suomi:\n<\/p>\n<p class=\"section-date\">\n        <strong class=\"article-section\" data-section=\"katso\"><br \/>\n            katso<br \/>\n        <\/strong><br \/>\n        16.5. 11:15\n    <\/p>\n<p>Love Island Suomi raivostutti katsojat!\n    <\/p>\n<p itemprop=\"description\" class=\"subtitle \">\n    Katsojat ovat pettyneit\u00e4 uuden kauden toteutukseen.\n<\/p>\n<p>        <\/a><\/p>\n<p class=\"article-content article-content-width !bg-background\">Anonyymiss\u00e4 viestipalvelu Jodelissa on k\u00e4yty\u00a0spekulaatioita miesten mahdollisesta sukulaissuhteesta,<\/p>\n<p class=\"article-content article-content-width !bg-background\"> \u2013 Onko Jimin ja Victor velji\u00e4? pohtii kommentoija.<\/p>\n<p class=\"article-content article-content-width !bg-background\"> \u2013\u00a0Ne n\u00e4ytt\u00e4\u00e4 mun mielest\u00e4 ihan kaksosilta, komppaa toinen.<\/p>\n<p class=\"article-content article-content-width !bg-background\"> \u2013 Jimi ja Victor on ihan samann\u00e4k\u00f6isi\u00e4.<\/p>\n<p>        <a itemprop=\"url\" href=\"https:\/\/www.seiska.fi\/kotimaa\/lis-meri-ilouutinen\/2154724\" rel=\"nofollow noopener\" target=\"_blank\"><\/p>\n<p>\nMissifinalisti Meri Turunen:\n<\/p>\n<p class=\"section-date\">\n        <strong class=\"article-section\" data-section=\"kotimaa\"><br \/>\n            kotimaa<br \/>\n        <\/strong><br \/>\n        18.5. 10:30\n    <\/p>\n<p>LIS-Meri: Ilouutinen!\n    <\/p>\n<p itemprop=\"description\" class=\"subtitle \">\n    Love Island Suomestakin tuttu Meri Turunen julkaisi n\u00e4ytt\u00e4v\u00e4t kuvat.\n<\/p>\n<p>        <\/a><\/p>\n<p class=\"article-content article-content-width !bg-background\"> \u2013 Niin, eik\u00f6 ne ole velji\u00e4?<\/p>\n<p class=\"article-content article-content-width !bg-background\"> \u2013 V\u00e4hint\u00e4\u00e4n jotain serkkuja, toteaa yksi.<\/p>\n<p class=\"article-content article-content-width !bg-background\">Osa Jodel-kansasta ajattelee kaksikon v\u00e4hint\u00e4\u00e4nkin tuntevan toisensa entuudestaan.<\/p>\n<p class=\"article-content article-content-width !bg-background\"> \u2013\u00a0Luulisi, ett\u00e4 on kun molemmat viel\u00e4 asuu Porvoossakin. J\u00e4nn\u00e4, ett\u00e4 ei tosiaan puhuttu tuosta mit\u00e4\u00e4n.<\/p>\n<p class=\"article-content article-content-width !bg-background\"> \u2013 Onko n\u00e4m\u00e4 nyt veljeksi\u00e4 vai kavereita, vai ei kumpiakaan?<\/p>\n<p class=\"article-content article-content-width !bg-background\">Toisten mielest\u00e4 yht\u00e4l\u00e4isyytt\u00e4 ei ole juurikaan.<\/p>\n<p class=\"article-content article-content-width !bg-background\"> \u2013 M\u00e4 en kyll\u00e4 tajuu t\u00e4t\u00e4, mun mielest\u00e4 ne ei n\u00e4yt\u00e4 niin samalta, sanoo er\u00e4s katsoja.<\/p>\n<p class=\"article-content article-content-width !bg-background\"> \u2013\u00a0Ei ole, on eri sukunimikin, toteaa toinen.<\/p>\n<p>        <a itemprop=\"url\" href=\"https:\/\/www.seiska.fi\/vain-seiskassa\/love-island-suomi-tahti-paljastus-vauva-arjesta\/2154586\" rel=\"nofollow noopener\" target=\"_blank\"><\/p>\n<p>\nLove Island Suomi -t\u00e4hti:\n<\/p>\n<p class=\"section-date\">\n        <strong class=\"article-section\" data-section=\"vain seiskassa\"><br \/>\n            vain seiskassa<br \/>\n        <\/strong><br \/>\n        18.5. 12:00\n    <\/p>\n<p>Love Island Suomi -t\u00e4hti: Paljastus vauva-arjesta\n    <\/p>\n<p itemprop=\"description\" class=\"subtitle \">\n    Love Islandista tuttu pariskunta sai esikoisensa viime kes\u00e4n\u00e4.\n<\/p>\n<p>        <\/a><\/p>\n<p class=\"article-content article-content-width !bg-background\">Love Island Suomi MTV Katsomossa ja arkisin kello 20.00 Sub-kanavalla.<\/p>\n<p><script async src=\"\/\/www.instagram.com\/embed.js\"><\/script><\/p>\n","protected":false},"excerpt":{"rendered":"Katsojat eiv\u00e4t ole tyytyv\u00e4isi\u00e4 uuden kauden toteutukseen. Ninni Varsila Jimin ja Victorin saapuminen on tuonut katsojille p\u00e4\u00e4nvaivaa. Katsojat&hellip;\n","protected":false},"author":2,"featured_media":253560,"comment_status":"","ping_status":"","sticky":false,"template":"","format":"standard","meta":{"footnotes":"","_share_on_mastodon":"0"},"categories":[133],"tags":[137,33,31,30,35151,1316,905,620,32,206,156,35152,35153,109],"class_list":["post-253559","post","type-post","status-publish","format-standard","has-post-thumbnail","category-televisiot","tag-entertainment","tag-fi","tag-finland","tag-finnish","tag-jimi","tag-love-island-suomi","tag-mtv3","tag-porvoo","tag-suomi","tag-televisiot","tag-tv","tag-veljekset","tag-victor","tag-viihde"],"share_on_mastodon":{"url":"https:\/\/pubeurope.com\/@fi\/116609180459378858","error":""},"_links":{"self":[{"href":"https:\/\/www.europesays.com\/fi\/wp-json\/wp\/v2\/posts\/253559","targetHints":{"allow":["GET"]}}],"collection":[{"href":"https:\/\/www.europesays.com\/fi\/wp-json\/wp\/v2\/posts"}],"about":[{"href":"https:\/\/www.europesays.com\/fi\/wp-json\/wp\/v2\/types\/post"}],"author":[{"embeddable":true,"href":"https:\/\/www.europesays.com\/fi\/wp-json\/wp\/v2\/users\/2"}],"replies":[{"embeddable":true,"href":"https:\/\/www.europesays.com\/fi\/wp-json\/wp\/v2\/comments?post=253559"}],"version-history":[{"count":0,"href":"https:\/\/www.europesays.com\/fi\/wp-json\/wp\/v2\/posts\/253559\/revisions"}],"wp:featuredmedia":[{"embeddable":true,"href":"https:\/\/www.europesays.com\/fi\/wp-json\/wp\/v2\/media\/253560"}],"wp:attachment":[{"href":"https:\/\/www.europesays.com\/fi\/wp-json\/wp\/v2\/media?parent=253559"}],"wp:term":[{"taxonomy":"category","embeddable":true,"href":"https:\/\/www.europesays.com\/fi\/wp-json\/wp\/v2\/categories?post=253559"},{"taxonomy":"post_tag","embeddable":true,"href":"https:\/\/www.europesays.com\/fi\/wp-json\/wp\/v2\/tags?post=253559"}],"curies":[{"name":"wp","href":"https:\/\/api.w.org\/{rel}","templated":true}]}}