{"id":25364,"date":"2025-09-04T11:00:08","date_gmt":"2025-09-04T11:00:08","guid":{"rendered":"https:\/\/www.europesays.com\/fi\/25364\/"},"modified":"2025-09-04T11:00:08","modified_gmt":"2025-09-04T11:00:08","slug":"tassa-on-a-studion-uusi-juontaja","status":"publish","type":"post","link":"https:\/\/www.europesays.com\/fi\/25364\/","title":{"rendered":"T\u00e4ss\u00e4 on A-studion uusi juontaja"},"content":{"rendered":"<p>Rosa Kettum\u00e4ki palaa tauon j\u00e4lkeen tv-ruutuihin. <\/p>\n<p><img decoding=\"async\" class=\"image image-show image-preview\" src=\"https:\/\/www.europesays.com\/fi\/wp-content\/uploads\/2025\/09\/49292ae9be24eb18927c2dc052453a448d2f544913e73d758f390a43f2e60436.jpg\" alt=\"\"\/><img decoding=\"async\" class=\"image image-show\" src=\"https:\/\/www.europesays.com\/fi\/wp-content\/uploads\/2025\/09\/1756983608_773_49292ae9be24eb18927c2dc052453a448d2f544913e73d758f390a43f2e60436.jpg\" alt=\"\"\/><\/p>\n<p>Rosa Kettum\u00e4ki palaa ensi viikolla tv-ruutuihin.  Yle<\/p>\n<p class=\"paragraph\">Ylen toimittaja-juontaja <a href=\"https:\/\/www.iltalehti.fi\/henkilot\/Rosa Kettum\u00e4ki\" class=\"article-link-person-page\" rel=\"nofollow noopener\" target=\"_blank\">Rosa Kettum\u00e4ki<\/a>, 33, aloittaa uudessa pestiss\u00e4.<\/p>\n<p class=\"paragraph\">Ensi viikon tiistaina koittaa Kettum\u00e4en ensimm\u00e4inen l\u00e4hetys A-studion juontajana. H\u00e4n kertoo asiasta Instagram-tilill\u00e4\u00e4n.<\/p>\n<p class=\"paragraph\">\u2013 Tutustumassa uuteen ty\u00f6nkuvaan, h\u00e4n kirjoittaa.<\/p>\n<p class=\"paragraph\">Julkaisuun Kettum\u00e4ki on lis\u00e4nnyt kuvan itsest\u00e4\u00e4n studiossa A-studion juontokortti k\u00e4dess\u00e4\u00e4n.<\/p>\n<p class=\"paragraph\">\u2013 Olen t\u00e4st\u00e4 valtavan innoissani ja otettu. Meit\u00e4 juontajia on yhteens\u00e4 nelj\u00e4, on etuoikeus p\u00e4\u00e4st\u00e4 my\u00f6s oppimaan kokeneemmilta kollegoilta, h\u00e4n tunnelmoi.<\/p>\n<p class=\"paragraph\">Jos julkaisu ei n\u00e4y, voit katsoa sen <a href=\"https:\/\/www.instagram.com\/p\/DOJctV7DOY8\/\" rel=\"noopener nofollow\" target=\"_blank\">t\u00e4st\u00e4 linkist\u00e4<\/a>.<\/p>\n<p class=\"paragraph\">Kettum\u00e4en seuraajat ovat ottaneet uutisen vastaan ilolla ja toivottaneet h\u00e4net tervetulleeksi takaisin tv-l\u00e4hetyksiin.<\/p>\n<p class=\"paragraph\">Kettum\u00e4ki on hiljattain palannut Suomeen. H\u00e4n oli vuoden opintovapaalla ja opiskeli datajournalismin maisteriopintoja New Yorkissa, Columbian yliopistossa.<\/p>\n<p class=\"paragraph\">Julkaisussaan Kettum\u00e4ki kertoo, kuinka on tehnyt t\u00f6it\u00e4 A-studion parissa jo aiemminkin. H\u00e4n on tehnyt ohjelman taustat\u00f6it\u00e4, k\u00e4sikirjoituksia ja ohjelmassa esitettyj\u00e4 videoita.<\/p>\n<p>Rosa Kettum\u00e4ki on esiintynyt aiemmin muun muassa Viimeinen sana -ohjelmassa.  Anne H\u00e4m\u00e4l\u00e4inen\/Yle<\/p>\n<p class=\"paragraph\">\u2013 Kun aloitin harrastamaan journalismia lukioik\u00e4isen\u00e4, tekemi\u00e4ni videojuttuja julkaistiin nimenomaan A-studiossa.<\/p>\n<p class=\"paragraph\">Muutaman kerran Kettum\u00e4ki on esiintynyt itsekin A-studiossa, mutta h\u00e4n kertoo, ett\u00e4 tuolloin kyseess\u00e4 ovat olleet sairaspaikkaustapaukset tai muut sijaistukset.<\/p>\n<p class=\"paragraph\">\u2013 Se ett\u00e4 seuraava vakituinen ty\u00f6nkuvani Yleisradiossa on juuri A-studion juontajan teht\u00e4v\u00e4, on suuri kunnia, jossa pyrin tekem\u00e4\u00e4n parasta mahdollista journalismia, h\u00e4n kirjoittaa.<\/p>\n<p class=\"paragraph\">A-studion juontajissa on tapahtunut t\u00e4n\u00e4 vuonna muutoksia. <a href=\"https:\/\/www.iltalehti.fi\/tv-ja-leffat\/1cff861d-b683-458d-bbca-813540ae313b\" rel=\"nofollow noopener\" target=\"_blank\">Kev\u00e4\u00e4ll\u00e4 uutisoitiin<\/a>, ett\u00e4 juontaja <a href=\"https:\/\/www.iltalehti.fi\/henkilot\/Petri Raivio\" class=\"article-link-person-page\" rel=\"nofollow noopener\" target=\"_blank\">Petri Raivio<\/a> j\u00e4tt\u00e4\u00e4 ajankohtaisohjelman.<\/p>\n<p class=\"paragraph\">\u2013 T\u00e4ss\u00e4 ei ole sen suurempaa dramatiikkaa. Olen vaihtamassa uutisten puolelle politiikan toimitukseen, Raivio kertoi tuolloin.<\/p>\n<p class=\"paragraph\">Kettum\u00e4ki muistetaan useiden Ylen ohjelmien juontajana. H\u00e4n on aiemmin esiintynyt muun muassa Viimeinen sana, Perjantai, Ylen aamu ja Verta, hike\u00e4 ja luksusta -ohjelmissa.<\/p>\n<p><script async src=\"\/\/www.instagram.com\/embed.js\"><\/script><\/p>\n","protected":false},"excerpt":{"rendered":"Rosa Kettum\u00e4ki palaa tauon j\u00e4lkeen tv-ruutuihin. Rosa Kettum\u00e4ki palaa ensi viikolla tv-ruutuihin. Yle Ylen toimittaja-juontaja Rosa Kettum\u00e4ki, 33,&hellip;\n","protected":false},"author":2,"featured_media":25365,"comment_status":"","ping_status":"","sticky":false,"template":"","format":"standard","meta":{"footnotes":""},"categories":[133],"tags":[35,137,33,31,30,615,96,757,32,206,140,139,156,109],"class_list":{"0":"post-25364","1":"post","2":"type-post","3":"status-publish","4":"format-standard","5":"has-post-thumbnail","7":"category-televisiot","8":"tag-24h","9":"tag-entertainment","10":"tag-fi","11":"tag-finland","12":"tag-finnish","13":"tag-koulut","14":"tag-koulutus","15":"tag-koulutus-ja-kasvatus","16":"tag-suomi","17":"tag-televisiot","18":"tag-tv-ja-elokuvat","19":"tag-tv-ohjelmat","20":"tag-tv","21":"tag-viihde"},"share_on_mastodon":{"url":"","error":""},"_links":{"self":[{"href":"https:\/\/www.europesays.com\/fi\/wp-json\/wp\/v2\/posts\/25364","targetHints":{"allow":["GET"]}}],"collection":[{"href":"https:\/\/www.europesays.com\/fi\/wp-json\/wp\/v2\/posts"}],"about":[{"href":"https:\/\/www.europesays.com\/fi\/wp-json\/wp\/v2\/types\/post"}],"author":[{"embeddable":true,"href":"https:\/\/www.europesays.com\/fi\/wp-json\/wp\/v2\/users\/2"}],"replies":[{"embeddable":true,"href":"https:\/\/www.europesays.com\/fi\/wp-json\/wp\/v2\/comments?post=25364"}],"version-history":[{"count":0,"href":"https:\/\/www.europesays.com\/fi\/wp-json\/wp\/v2\/posts\/25364\/revisions"}],"wp:featuredmedia":[{"embeddable":true,"href":"https:\/\/www.europesays.com\/fi\/wp-json\/wp\/v2\/media\/25365"}],"wp:attachment":[{"href":"https:\/\/www.europesays.com\/fi\/wp-json\/wp\/v2\/media?parent=25364"}],"wp:term":[{"taxonomy":"category","embeddable":true,"href":"https:\/\/www.europesays.com\/fi\/wp-json\/wp\/v2\/categories?post=25364"},{"taxonomy":"post_tag","embeddable":true,"href":"https:\/\/www.europesays.com\/fi\/wp-json\/wp\/v2\/tags?post=25364"}],"curies":[{"name":"wp","href":"https:\/\/api.w.org\/{rel}","templated":true}]}}