{"id":25380,"date":"2025-09-04T11:23:10","date_gmt":"2025-09-04T11:23:10","guid":{"rendered":"https:\/\/www.europesays.com\/fi\/25380\/"},"modified":"2025-09-04T11:23:10","modified_gmt":"2025-09-04T11:23:10","slug":"heikki-paasonen-laittoi-miljoona-asuntonsa-myyntiin-senkin-okyperhe","status":"publish","type":"post","link":"https:\/\/www.europesays.com\/fi\/25380\/","title":{"rendered":"Heikki Paasonen laittoi miljoona-asuntonsa myyntiin \u2013 \u201dSenkin \u00f6kyperhe\u201d"},"content":{"rendered":"<p><img decoding=\"async\" class=\"image image-show image-preview\" src=\"https:\/\/www.europesays.com\/fi\/wp-content\/uploads\/2025\/09\/faa8fe93573177630b2043954a4523f351acd33128a33f2a2ea2bbecdd2fe3e3.jpg\" alt=\"\"\/><img decoding=\"async\" class=\"image image-show\" src=\"https:\/\/www.europesays.com\/fi\/wp-content\/uploads\/2025\/09\/1756984990_691_faa8fe93573177630b2043954a4523f351acd33128a33f2a2ea2bbecdd2fe3e3.jpg\" alt=\"\"\/><\/p>\n<p>Juontaja Heikki Paasonen ei kommentoinut asuntoasiaa lltalehdelle.  Elle Laitila<\/p>\n<p class=\"paragraph\">Juontaja <a href=\"https:\/\/www.iltalehti.fi\/henkilot\/Heikki Paasonen\" class=\"article-link-person-page\" rel=\"nofollow noopener\" target=\"_blank\">Heikki Paasonen<\/a>, 42, on laittanut kotinsa myyntiin.<\/p>\n<p class=\"paragraph\">Helsingin Etu-T\u00f6\u00f6l\u00f6ss\u00e4 sijaitsevan asunnon myynti-ilmoitus l\u00f6ytyy <a href=\"https:\/\/www.etuovi.com\/kohde\/80433950?utm_source=iltalehti.fi&amp;utm_medium=almainternal&amp;utm_campaign=juttu-oma&amp;utm_content=kohdejuttu_viihde\" rel=\"noopener nofollow\" target=\"_blank\">Etuovi.com -sivustolta<\/a>. Iltalehti tavoitti Paasosen, joka ilmoitti, ett\u00e4 ei kommentoi asiaa.<\/p>\n<p class=\"paragraph\">142-neli\u00f6sen asunnon pyyntihinta on 1 330 000 euroa. Kauttaaltaan muutama vuosi sitten remontoitu asunto sijaitsee vuonna 1925 rakennetun tiilitalon viidenness\u00e4 kerroksessa.<\/p>\n<p class=\"paragraph\">Asunnossa on kolme makuuhuonetta, olohuone ja avokeitti\u00f6, kaksi kylpyhuonetta ja sauna. Paasosen vaimo, <strong>Marita Paasonen<\/strong>, hehkutti vastik\u00e4\u00e4n perheens\u00e4 kotia <a href=\"https:\/\/www.instagram.com\/p\/DODUaOWjLsf\/?img_index=1\" rel=\"noopener nofollow\" target=\"_blank\">Instagramissa<\/a>.<\/p>\n<p class=\"paragraph\">\u2013 Meill\u00e4 on kyll\u00e4 maailman upein koti, mutta harvoinpa se t\u00e4\u00e4ll\u00e4 somessa n\u00e4kyy.<\/p>\n<p>Heikki Paasosen perheen koti on ihastuttanut Instagramissa.  ETUOVI.COM\/RE\/MAX<\/p>\n<p>Paasonen on remontoinut asuntoa muutamia vuosia sitten.  ETUOVI.COM\/RE\/MAX<\/p>\n<p class=\"paragraph\">Julkaisu sis\u00e4lsi runsaasti kuvia perheen asunnosta ja sai Maritan seuraajat kehumaan kilpaa perheen kotia.<\/p>\n<p class=\"paragraph\">\u2013 Ihan mielet\u00f6n. Senkin \u00f6kyperhe, kirjoittaa muun muassa <a href=\"https:\/\/www.iltalehti.fi\/henkilot\/Ellen Jokikunnas\" class=\"article-link-person-page\" rel=\"nofollow noopener\" target=\"_blank\">Ellen Jokikunnas<\/a>.<\/p>\n<p class=\"paragraph\">\u2013 Teid\u00e4n koti on kyll\u00e4 niin ihana, kirjoitti <a href=\"https:\/\/www.iltalehti.fi\/henkilot\/Lotta Hintsa\" class=\"article-link-person-page\" rel=\"nofollow noopener\" target=\"_blank\">Lotta Hintsa<\/a>.<\/p>\n<p class=\"paragraph\">Heikki Paasonen p\u00e4ivitti kyseisen kodin remontoinnista aikoinaan Instagram-tilill\u00e4\u00e4n. Aiemman asunnon remonttikokemuksella juontaja <a href=\"https:\/\/www.instagram.com\/p\/CXlxRruNWWN\/?hl=fi\" rel=\"noopener nofollow\" target=\"_blank\">oli ilmeisesti lupaillut, ett\u00e4 ei remontoisi en\u00e4\u00e4 ikin\u00e4<\/a>.<\/p>\n<p>Kodin lastenhuoneessa on n\u00e4ytt\u00e4v\u00e4 tapetti.  ETUOVI.COM\/RE\/MAX<\/p>\n<p class=\"paragraph\"><a href=\"https:\/\/www.instagram.com\/p\/CbfOVqOtLGG\/?hl=fi\" rel=\"noopener nofollow\" target=\"_blank\">Maaliskuussa 2022<\/a> h\u00e4n kertoi, ett\u00e4 marraskuussa aloitettu projekti alkaa olemaan loppusuoralla.<\/p>\n<p class=\"paragraph\">\u2013 En tied\u00e4 mik\u00e4 minua vet\u00e4\u00e4 aina t\u00e4h\u00e4n k\u00e4mppien r\u00e4j\u00e4ytt\u00e4miseen, koska 95 prosenttia ajasta vaan ahdistaa. Ehk\u00e4 se sitten on aina t\u00e4m\u00e4 kiva loppusuora, joka saa unohtamaan kaiken muun. Voi tosin olla, ett\u00e4 naapureilla kest\u00e4\u00e4 unohtamisessa pidemp\u00e4\u00e4n, Paasonen pohti valmistuvan remontin kynnyksell\u00e4.<\/p>\n<p class=\"paragraph\"><a href=\"https:\/\/www.etuovi.com\/kohde\/80433950?utm_source=iltalehti.fi&amp;utm_medium=almainternal&amp;utm_campaign=juttu-oma&amp;utm_content=kohdejuttu_viihde\" rel=\"noopener nofollow\" target=\"_blank\">Kohteen kaikki kuvat Etuovi.comissa<\/a>. Iltalehti ja Etuovi.com kuuluvat samaan Alma Media- konserniin.<\/p>\n<p>Paasosten kodissa on my\u00f6s sauna.  ETUOVI.COM\/RE\/MAX<\/p>\n<p><script async src=\"\/\/www.instagram.com\/embed.js\"><\/script><\/p>\n","protected":false},"excerpt":{"rendered":"Juontaja Heikki Paasonen ei kommentoinut asuntoasiaa lltalehdelle. Elle Laitila Juontaja Heikki Paasonen, 42, on laittanut kotinsa myyntiin. Helsingin&hellip;\n","protected":false},"author":2,"featured_media":25381,"comment_status":"","ping_status":"","sticky":false,"template":"","format":"standard","meta":{"footnotes":""},"categories":[136],"tags":[35,36,542,407,137,33,31,30,408,543,32,2140,139,109],"class_list":{"0":"post-25380","1":"post","2":"type-post","3":"status-publish","4":"format-standard","5":"has-post-thumbnail","7":"category-julkkikset","8":"tag-24h","9":"tag-asuintalot-ja-asunnot","10":"tag-asuminen","11":"tag-celebrities","12":"tag-entertainment","13":"tag-fi","14":"tag-finland","15":"tag-finnish","16":"tag-julkkikset","17":"tag-koti-ja-asuminen","18":"tag-suomi","19":"tag-tosi-tv-ohjelmat","20":"tag-tv-ohjelmat","21":"tag-viihde"},"share_on_mastodon":{"url":"","error":""},"_links":{"self":[{"href":"https:\/\/www.europesays.com\/fi\/wp-json\/wp\/v2\/posts\/25380","targetHints":{"allow":["GET"]}}],"collection":[{"href":"https:\/\/www.europesays.com\/fi\/wp-json\/wp\/v2\/posts"}],"about":[{"href":"https:\/\/www.europesays.com\/fi\/wp-json\/wp\/v2\/types\/post"}],"author":[{"embeddable":true,"href":"https:\/\/www.europesays.com\/fi\/wp-json\/wp\/v2\/users\/2"}],"replies":[{"embeddable":true,"href":"https:\/\/www.europesays.com\/fi\/wp-json\/wp\/v2\/comments?post=25380"}],"version-history":[{"count":0,"href":"https:\/\/www.europesays.com\/fi\/wp-json\/wp\/v2\/posts\/25380\/revisions"}],"wp:featuredmedia":[{"embeddable":true,"href":"https:\/\/www.europesays.com\/fi\/wp-json\/wp\/v2\/media\/25381"}],"wp:attachment":[{"href":"https:\/\/www.europesays.com\/fi\/wp-json\/wp\/v2\/media?parent=25380"}],"wp:term":[{"taxonomy":"category","embeddable":true,"href":"https:\/\/www.europesays.com\/fi\/wp-json\/wp\/v2\/categories?post=25380"},{"taxonomy":"post_tag","embeddable":true,"href":"https:\/\/www.europesays.com\/fi\/wp-json\/wp\/v2\/tags?post=25380"}],"curies":[{"name":"wp","href":"https:\/\/api.w.org\/{rel}","templated":true}]}}