{"id":25390,"date":"2025-09-04T11:34:07","date_gmt":"2025-09-04T11:34:07","guid":{"rendered":"https:\/\/www.europesays.com\/fi\/25390\/"},"modified":"2025-09-04T11:34:07","modified_gmt":"2025-09-04T11:34:07","slug":"ruotsin-hallitus-aikoo-puolittaa-ruoan-arvonlisaveron-uutisia-lyhyesti","status":"publish","type":"post","link":"https:\/\/www.europesays.com\/fi\/25390\/","title":{"rendered":"Ruotsin hallitus aikoo puolittaa ruoan arvonlis\u00e4veron | Uutisia lyhyesti"},"content":{"rendered":"<p class=\"sc-jYczwO sc-ciCoXh frIBdZ cPdSqu yle__article__paragraph\">Ruotsin hallitus ja sit\u00e4 tukevat ruotsidemokraatit haluavat v\u00e4liaikaisesti puolittaa ruoan arvonlis\u00e4veron kuuteen prosenttiin. Alennuksen halutaan astuvan voimaan ensi huhtikuussa.<\/p>\n<p class=\"sc-jYczwO sc-ciCoXh frIBdZ cPdSqu yle__article__paragraph\">Elintarvikkeiden hintoja valvomaan asetettaisiin komissio pit\u00e4m\u00e4\u00e4n silm\u00e4ll\u00e4, ett\u00e4 kauppaj\u00e4tit viev\u00e4t veroalen hintoihin.<\/p>\n<p class=\"sc-jYczwO sc-ciCoXh frIBdZ cPdSqu yle__article__paragraph\">P\u00e4\u00e4ministeri <strong class=\"sc-eEHciv kkmMDs yle__article__strong\">Ulf Kristerssonin<\/strong> mukaan tavoite on kevent\u00e4\u00e4 kotitalouksien menotaakkaa. Keskivertoperhe voisi hallituksen laskujen mukaan s\u00e4\u00e4st\u00e4\u00e4 ruokamenoissaan 6 500 kruunua (590 euroa) vuodessa, jos veroale siirtyy t\u00e4ysim\u00e4\u00e4r\u00e4isesti hintoihin.<\/p>\n","protected":false},"excerpt":{"rendered":"Ruotsin hallitus ja sit\u00e4 tukevat ruotsidemokraatit haluavat v\u00e4liaikaisesti puolittaa ruoan arvonlis\u00e4veron kuuteen prosenttiin. Alennuksen halutaan astuvan voimaan ensi&hellip;\n","protected":false},"author":2,"featured_media":74,"comment_status":"","ping_status":"","sticky":false,"template":"","format":"standard","meta":{"footnotes":""},"categories":[76],"tags":[79,77,33,31,30,637,110,32,78,56],"class_list":{"0":"post-25390","1":"post","2":"type-post","3":"status-publish","4":"format-standard","5":"has-post-thumbnail","7":"category-talous","8":"tag-business","9":"tag-economy","10":"tag-fi","11":"tag-finland","12":"tag-finnish","13":"tag-politiikka","14":"tag-ruotsi","15":"tag-suomi","16":"tag-talous","17":"tag-ulkomaat"},"share_on_mastodon":{"url":"","error":""},"_links":{"self":[{"href":"https:\/\/www.europesays.com\/fi\/wp-json\/wp\/v2\/posts\/25390","targetHints":{"allow":["GET"]}}],"collection":[{"href":"https:\/\/www.europesays.com\/fi\/wp-json\/wp\/v2\/posts"}],"about":[{"href":"https:\/\/www.europesays.com\/fi\/wp-json\/wp\/v2\/types\/post"}],"author":[{"embeddable":true,"href":"https:\/\/www.europesays.com\/fi\/wp-json\/wp\/v2\/users\/2"}],"replies":[{"embeddable":true,"href":"https:\/\/www.europesays.com\/fi\/wp-json\/wp\/v2\/comments?post=25390"}],"version-history":[{"count":0,"href":"https:\/\/www.europesays.com\/fi\/wp-json\/wp\/v2\/posts\/25390\/revisions"}],"wp:featuredmedia":[{"embeddable":true,"href":"https:\/\/www.europesays.com\/fi\/wp-json\/wp\/v2\/media\/74"}],"wp:attachment":[{"href":"https:\/\/www.europesays.com\/fi\/wp-json\/wp\/v2\/media?parent=25390"}],"wp:term":[{"taxonomy":"category","embeddable":true,"href":"https:\/\/www.europesays.com\/fi\/wp-json\/wp\/v2\/categories?post=25390"},{"taxonomy":"post_tag","embeddable":true,"href":"https:\/\/www.europesays.com\/fi\/wp-json\/wp\/v2\/tags?post=25390"}],"curies":[{"name":"wp","href":"https:\/\/api.w.org\/{rel}","templated":true}]}}