{"id":253909,"date":"2026-05-21T06:50:17","date_gmt":"2026-05-21T06:50:17","guid":{"rendered":"https:\/\/www.europesays.com\/fi\/253909\/"},"modified":"2026-05-21T06:50:17","modified_gmt":"2026-05-21T06:50:17","slug":"aeternus-ja-beherit-johdattivat-steelfestin-syvemmalle-pimeyteen-toinen-festaripaiva-kuvina","status":"publish","type":"post","link":"https:\/\/www.europesays.com\/fi\/253909\/","title":{"rendered":"Aeternus ja Beherit johdattivat Steelfestin syvemm\u00e4lle pimeyteen \u2014 toinen festarip\u00e4iv\u00e4 kuvina"},"content":{"rendered":"<p>Kirjoittanut <strong>Niko Sihvonen<\/strong> &#8211; 20.5.2026<\/p>\n<p>Hyvink\u00e4\u00e4n <strong>Steelfest<\/strong> jatkui perjantaina synk\u00e4n ja intensiivisen tunnelman s\u00e4vytt\u00e4m\u00e4n\u00e4, kun festivaaliv\u00e4ki t\u00e4ytti Villatehtaan alueen jo alkuillasta. Illan odotetuimpiin esiintyjiin lukeutuivat norjalainen <strong>Aeternus <\/strong>sek\u00e4 harvoin esiintyv\u00e4 suomalainen <strong>Beherit<\/strong>, jonka keikka ker\u00e4si lavan eteen tiiviin yleis\u00f6meren. Perjantai syvensi Steelfestin tunnelmaa entisest\u00e4\u00e4n ja tarjosi yleis\u00f6lle raskaita riffej\u00e4, ritualistista tunnelmaa ja festivaalin tunnusomaista \u00e4\u00e4rimetallin pime\u00e4\u00e4 estetiikkaa.<\/p>\n<p>Severoth<\/p>\n<p><a href=\"https:\/\/kaaoszine.fi\/wp-content\/uploads\/2026\/05\/severoth-steelfest-2026-7-1300x867.jpg\" data-slb-active=\"1\" data-slb-asset=\"1960466888\" data-slb-internal=\"0\" data-slb-group=\"749411\" rel=\"nofollow noopener\" target=\"_blank\"><img decoding=\"async\"  alt=\"\" data-height=\"1000\" data-id=\"749418\" data-link=\"https:\/\/kaaoszine.fi\/?attachment_id=749418\" data-url=\"https:\/\/kaaoszine.fi\/wp-content\/uploads\/2026\/05\/severoth-steelfest-2026-7-1300x867.jpg\" data-width=\"1500\" src=\"https:\/\/www.europesays.com\/fi\/wp-content\/uploads\/2026\/05\/severoth-steelfest-2026-7-1300x867.jpg\" data-amp-layout=\"responsive\"\/><\/a><a href=\"https:\/\/kaaoszine.fi\/wp-content\/uploads\/2026\/05\/severoth-steelfest-2026-8-1300x867.jpg\" data-slb-active=\"1\" data-slb-asset=\"693458295\" data-slb-internal=\"0\" data-slb-group=\"749411\" rel=\"nofollow noopener\" target=\"_blank\"><img decoding=\"async\"  alt=\"\" data-height=\"1000\" data-id=\"749419\" data-link=\"https:\/\/kaaoszine.fi\/?attachment_id=749419\" data-url=\"https:\/\/kaaoszine.fi\/wp-content\/uploads\/2026\/05\/severoth-steelfest-2026-8-1300x867.jpg\" data-width=\"1500\" src=\"https:\/\/www.europesays.com\/fi\/wp-content\/uploads\/2026\/05\/severoth-steelfest-2026-8-1300x867.jpg\" data-amp-layout=\"responsive\"\/><\/a><\/p>\n<p>Concrete Winds<\/p>\n<p>Akhlys<\/p>\n<p>Mavorim<\/p>\n<p>Forteresse<\/p>\n<p>Aeternus<\/p>\n<p>Beherit<\/p>\n<p>Yleis\u00f6<\/p>\n<p><a href=\"https:\/\/kaaoszine.fi\/wp-content\/uploads\/2026\/05\/yleiso-steelfest-perjantai-2026-10-1300x867.jpg\" data-slb-active=\"1\" data-slb-asset=\"212727863\" data-slb-internal=\"0\" data-slb-group=\"749411\" rel=\"nofollow noopener\" target=\"_blank\"><img decoding=\"async\"  alt=\"\" data-height=\"1000\" data-id=\"749492\" data-link=\"https:\/\/kaaoszine.fi\/?attachment_id=749492\" data-url=\"https:\/\/kaaoszine.fi\/wp-content\/uploads\/2026\/05\/yleiso-steelfest-perjantai-2026-10-1300x867.jpg\" data-width=\"1500\" src=\"https:\/\/www.europesays.com\/fi\/wp-content\/uploads\/2026\/05\/yleiso-steelfest-perjantai-2026-10-1300x867.jpg\" data-amp-layout=\"responsive\"\/><\/a><a href=\"https:\/\/kaaoszine.fi\/wp-content\/uploads\/2026\/05\/yleiso-steelfest-perjantai-2026-11-1300x867.jpg\" data-slb-active=\"1\" data-slb-asset=\"187395925\" data-slb-internal=\"0\" data-slb-group=\"749411\" rel=\"nofollow noopener\" target=\"_blank\"><img decoding=\"async\"  alt=\"\" data-height=\"1000\" data-id=\"749493\" data-link=\"https:\/\/kaaoszine.fi\/?attachment_id=749493\" data-url=\"https:\/\/kaaoszine.fi\/wp-content\/uploads\/2026\/05\/yleiso-steelfest-perjantai-2026-11-1300x867.jpg\" data-width=\"1500\" src=\"https:\/\/www.europesays.com\/fi\/wp-content\/uploads\/2026\/05\/yleiso-steelfest-perjantai-2026-11-1300x867.jpg\" data-amp-layout=\"responsive\"\/><\/a><\/p>\n<p><strong>Kuvat<\/strong>:\u00a0<a href=\"https:\/\/www.instagram.com\/rocktografia\/\" target=\"_blank\" rel=\"noreferrer noopener nofollow\">Niko Sihvonen \/ Rocktografia<\/a><\/p>\n<p><a class=\"gofollow\" data-track=\"Mjk3NSw0OCwxLDYw\" href=\"https:\/\/allthingslive.fi\/event\/mental-cruelty\" rel=\"nofollow noopener\" target=\"_blank\"><img decoding=\"async\" src=\"https:\/\/www.europesays.com\/fi\/wp-content\/uploads\/2026\/05\/mental-cruelty-980-x-400.jpg\"\/><\/a><br \/>\nArtikkeli jatkuu mainoksen j\u00e4lkeen<br \/>\nMainos p\u00e4\u00e4ttyy<\/p>\n<p>        <script async src=\"\/\/www.instagram.com\/embed.js\"><\/script><\/p>\n","protected":false},"excerpt":{"rendered":"Kirjoittanut Niko Sihvonen &#8211; 20.5.2026 Hyvink\u00e4\u00e4n Steelfest jatkui perjantaina synk\u00e4n ja intensiivisen tunnelman s\u00e4vytt\u00e4m\u00e4n\u00e4, kun festivaaliv\u00e4ki t\u00e4ytti Villatehtaan&hellip;\n","protected":false},"author":2,"featured_media":253910,"comment_status":"","ping_status":"","sticky":false,"template":"","format":"standard","meta":{"footnotes":"","_share_on_mastodon":"0"},"categories":[132],"tags":[35179,35180,35181,21009,137,33,31,30,35182,35183,195,47,35184,11204,32,109],"class_list":["post-253909","post","type-post","status-publish","format-standard","has-post-thumbnail","category-musiikki","tag-aeternus","tag-akhlys","tag-beherit","tag-concrete-winds","tag-entertainment","tag-fi","tag-finland","tag-finnish","tag-forteresse","tag-mavorim","tag-music","tag-musiikki","tag-severoth","tag-steelfest","tag-suomi","tag-viihde"],"share_on_mastodon":{"url":"https:\/\/pubeurope.com\/@fi\/116611240915323711","error":""},"_links":{"self":[{"href":"https:\/\/www.europesays.com\/fi\/wp-json\/wp\/v2\/posts\/253909","targetHints":{"allow":["GET"]}}],"collection":[{"href":"https:\/\/www.europesays.com\/fi\/wp-json\/wp\/v2\/posts"}],"about":[{"href":"https:\/\/www.europesays.com\/fi\/wp-json\/wp\/v2\/types\/post"}],"author":[{"embeddable":true,"href":"https:\/\/www.europesays.com\/fi\/wp-json\/wp\/v2\/users\/2"}],"replies":[{"embeddable":true,"href":"https:\/\/www.europesays.com\/fi\/wp-json\/wp\/v2\/comments?post=253909"}],"version-history":[{"count":0,"href":"https:\/\/www.europesays.com\/fi\/wp-json\/wp\/v2\/posts\/253909\/revisions"}],"wp:featuredmedia":[{"embeddable":true,"href":"https:\/\/www.europesays.com\/fi\/wp-json\/wp\/v2\/media\/253910"}],"wp:attachment":[{"href":"https:\/\/www.europesays.com\/fi\/wp-json\/wp\/v2\/media?parent=253909"}],"wp:term":[{"taxonomy":"category","embeddable":true,"href":"https:\/\/www.europesays.com\/fi\/wp-json\/wp\/v2\/categories?post=253909"},{"taxonomy":"post_tag","embeddable":true,"href":"https:\/\/www.europesays.com\/fi\/wp-json\/wp\/v2\/tags?post=253909"}],"curies":[{"name":"wp","href":"https:\/\/api.w.org\/{rel}","templated":true}]}}