{"id":25393,"date":"2025-09-04T11:36:08","date_gmt":"2025-09-04T11:36:08","guid":{"rendered":"https:\/\/www.europesays.com\/fi\/25393\/"},"modified":"2025-09-04T11:36:08","modified_gmt":"2025-09-04T11:36:08","slug":"motoristeja-kaatuu-oljyisella-rampilla-tampereella-ei-auta-vaikka-tekisi-mita-pirkanmaa","status":"publish","type":"post","link":"https:\/\/www.europesays.com\/fi\/25393\/","title":{"rendered":"Motoristeja kaatuu \u00f6ljyisell\u00e4 rampilla Tampereella: \u201dEi auta, vaikka tekisi mit\u00e4\u201d | Pirkanmaa"},"content":{"rendered":"<p class=\"sc-jYczwO sc-dNFkOE frIBdZ edVjwg yle__article__paragraph\">Tien kunnossapidosta vastaava yhti\u00f6 kertoo reagoineensa ilmoituksiin \u00f6ljyst\u00e4 tiell\u00e4.<\/p>\n<p><img decoding=\"async\" alt=\"Kaatunut moottoripy\u00f6r\u00e4 Lakalaivan rampin vieress\u00e4.\" src=\"https:\/\/www.europesays.com\/fi\/wp-content\/uploads\/2025\/09\/39-151692968b84880b9cc7.jpeg\" class=\"sc-dntSTA iywpZY\"\/><\/p>\n<p>Avaa kuvien katselu<\/p>\n<p>Merve Caglayan p\u00e4\u00e4tyi ojaan kolmosmoottoritielt\u00e4 Vaasan suuntaan laskeutuvalla Lakalaivan rampilla. Kuvasta on peitetty ajoneuvon tunnistetietoja. Kuva: Merve CaglayanJuttu tiivistettyn\u00e4<\/p>\n<ul class=\"sc-dMmcxd iwejNa yle__article__list yle__article__list--ul\">\n<li class=\"sc-fGqoZs fsBJlY\">Tampereen Lakalaivan liittym\u00e4ss\u00e4 \u00f6ljy on aiheuttanut vaaratilanteita erityisesti motoristeille.<\/li>\n<li class=\"sc-fGqoZs fsBJlY\">Kaksi moottoripy\u00f6r\u00e4ilij\u00e4\u00e4 on kaatunut viime viikkoina liukkauden vuoksi.<\/li>\n<li class=\"sc-fGqoZs fsBJlY\">Kunnossapidosta vastaava yhti\u00f6 kertoo reagoineensa ilmoituksiin \u00f6ljyst\u00e4.<\/li>\n<li class=\"sc-fGqoZs fsBJlY\">Motoristi Merve Caglayan vaati tehokasta puhdistusta onnettomuuksien ehk\u00e4isemiseksi.<\/li>\n<\/ul>\n<p class=\"sc-jYczwO sc-ciCoXh frIBdZ cPdSqu yle__article__paragraph\">T\u00e4m\u00e4 on teko\u00e4lyn avulla tuotettu, toimittajan tarkistama tiivistelm\u00e4.<\/p>\n<p class=\"sc-jYczwO sc-ciCoXh frIBdZ cPdSqu yle__article__paragraph\">Tampereen Lakalaivan liittym\u00e4n rampille p\u00e4\u00e4tynyt \u00f6ljy on aiheuttanut useita vaaratilanteita ja onnettomuuksia erityisesti motoristeille.<\/p>\n<p class=\"sc-jYczwO sc-ciCoXh frIBdZ cPdSqu yle__article__paragraph\">Liukkaus on saanut ainakin kaksi moottoripy\u00f6r\u00e4ilij\u00e4\u00e4 kaatumaan viime viikkoina. Kunnossapidosta vastaava yhti\u00f6 kertoo kuitenkin reagoineensa asiaan.<\/p>\n<p class=\"sc-jYczwO sc-ciCoXh frIBdZ cPdSqu yle__article__paragraph\">Tamperelainen motoristi <strong class=\"sc-eEHciv kkmMDs yle__article__strong\">Merve Caglayan<\/strong> kaatui Lakalaivan liittym\u00e4n rampilla sunnuntaina 24. elokuuta.<\/p>\n<p class=\"sc-jYczwO sc-ciCoXh frIBdZ cPdSqu yle__article__paragraph\">\u2013 Olin ajamassa kotiin Helsingist\u00e4 moottoritiet\u00e4 pitkin ja k\u00e4\u00e4nnyin rampille, joka vie Vaasan suuntaan. Sateisen kelin vuoksi hidastin noin 40 kilometriin tunnissa, mutta puolessa v\u00e4liss\u00e4 ramppia takarengas l\u00e4hti alta. Sain py\u00f6r\u00e4n viel\u00e4 pidetty\u00e4 kurissa, mutta heti sen j\u00e4lkeen molemmat renkaat menettiv\u00e4t pidon, Caglayan kertoo.<\/p>\n<p><img decoding=\"async\" alt=\"Kaatunut moottoripy\u00f6r\u00e4 Lakalaivan rampin vieress\u00e4.\" src=\"https:\/\/www.europesays.com\/fi\/wp-content\/uploads\/2025\/09\/39-151693068b84881b7963.jpeg\" loading=\"lazy\" class=\"sc-dntSTA iywpZY\"\/><\/p>\n<p>Avaa kuvien katselu<\/p>\n<p>Caglayan p\u00e4\u00e4tyi py\u00f6r\u00e4ns\u00e4 kanssa ojaan, kulkusuunnassa vasemmalle puolelle tiet\u00e4. Py\u00f6r\u00e4 vaurioitui ja se jouduttiin hinaamaan huoltoon. Kuvasta on peitetty ajoneuvon tunnistetietoja. Kuva: Merve Caglayan<\/p>\n<p class=\"sc-jYczwO sc-ciCoXh frIBdZ cPdSqu yle__article__paragraph\">Caglayan itse selvisi ruhjeilla ja k\u00e4vi varmuuden vuoksi tarkistuttamassa vointinsa p\u00e4ivystyksess\u00e4.<\/p>\n<p class=\"sc-jYczwO sc-ciCoXh frIBdZ cPdSqu yle__article__paragraph\">\u2013 Taakseni oli pys\u00e4htynyt yst\u00e4v\u00e4llinen mieskuski, joka totesi, ett\u00e4 h\u00e4n ajaa nelivetomersua ja h\u00e4nell\u00e4kin meinasi l\u00e4hte\u00e4 renkaat alta. Huomasimme, ett\u00e4 koko rampin pituudelta oli \u00f6ljy\u00e4 keskell\u00e4 tiet\u00e4, Caglayan sanoo.<\/p>\n<p>Fintrafficin liikennekeskus kertoo \u00f6ljyvuodosta<\/p>\n<p class=\"sc-jYczwO sc-ciCoXh frIBdZ cPdSqu yle__article__paragraph\">Fintrafficin liikennekeskuksen tietojen mukaan maanantai-iltana oli valunut dieseli\u00e4 tai poltto\u00f6ljy\u00e4 pitk\u00e4n matkaa v\u00e4lill\u00e4 Ruskon keh\u00e4\u2013S\u00e4\u00e4ksj\u00e4rvi\u2013Lakalaivan risteysalue\u2013Pirkkalan ABC. Caglayan kaatui jo sunnuntai-iltana, eli on mahdollista, ett\u00e4 \u00f6ljy\u00e4 on ollut tiell\u00e4 jo aiemmin.<\/p>\n<p class=\"sc-jYczwO sc-ciCoXh frIBdZ cPdSqu yle__article__paragraph\">Pirkanmaan pelastuslaitokselta ei ole vahvistettu tietoja onnettomuuksista. Tien kunnossapidosta vastaava Pimaran toimitusjohtaja <strong class=\"sc-eEHciv kkmMDs yle__article__strong\">Vesa-Matti M\u00e4kinen<\/strong> kertoo s\u00e4hk\u00f6postitse, ett\u00e4 ilmoituksia tieverkolla havaituista \u00f6ljyist\u00e4 ollut viime aikoina useampia. M\u00e4kisen mukaan niihin on reagoitu v\u00e4litt\u00f6m\u00e4sti ilmoitusten tultua.<\/p>\n<p><img decoding=\"async\" alt=\"\u00d6ljy\u00e4 tiell\u00e4 Lakalaivan liittym\u00e4n rampilla Tampereella.\" src=\"https:\/\/www.europesays.com\/fi\/wp-content\/uploads\/2025\/09\/39-151693168b848cd6f20b.jpeg\" loading=\"lazy\" class=\"sc-dntSTA iywpZY\"\/><\/p>\n<p>Avaa kuvien katselu<\/p>\n<p>Kuva rampin tienpinnasta sunnuntaina 24. elokuuta. Kuva: Merve Caglayan<\/p>\n<p class=\"sc-jYczwO sc-ciCoXh frIBdZ cPdSqu yle__article__paragraph\">\u2013 Toimenpiteen\u00e4 on ollut \u00f6ljyn puhdistaminen tiest\u00e4 sek\u00e4 varoitusmerkkien asentaminen, M\u00e4kinen kirjoittaa.<\/p>\n<p class=\"sc-jYczwO sc-ciCoXh frIBdZ cPdSqu yle__article__paragraph\">Caglayan kertoo saaneensa tiet\u00e4\u00e4, ett\u00e4 samalla rampilla on kaatunut my\u00f6s ainakin toinen motoristi \u00f6ljyn vuoksi.<\/p>\n<p class=\"sc-jYczwO sc-ciCoXh frIBdZ cPdSqu yle__article__paragraph\">\u2013 Meill\u00e4 on somessa motoristien \u00e4kkil\u00e4ht\u00f6ryhm\u00e4, jossa on jaettu, ett\u00e4 siell\u00e4 yksi harrikka on mennyt ihan samasta kohtaa ulos rampilta \u00f6ljyn takia, h\u00e4n kertoo.<\/p>\n<p>Onko puhdistus onnistunut?<\/p>\n<p class=\"sc-jYczwO sc-ciCoXh frIBdZ cPdSqu yle__article__paragraph\">Merve Caglayanin mielest\u00e4 on ep\u00e4ilytt\u00e4v\u00e4\u00e4, jos useamman kuin kerran viikon sis\u00e4\u00e4n samasta paikasta on mennyt py\u00f6ri\u00e4 ojaan \u00f6ljyn takia, vaikka tie on puhdistettu.<\/p>\n<p class=\"sc-jYczwO sc-ciCoXh frIBdZ cPdSqu yle__article__paragraph\">\u2013 Kuinka monen pit\u00e4\u00e4 ajaa ulos tai pit\u00e4\u00e4k\u00f6 jollekin sattua jotain vakavaa, ennen kuin aletaan tekem\u00e4\u00e4n jotain t\u00e4m\u00e4n asian eteen? Loppupeleiss\u00e4 se ei ihan hirve\u00e4sti aikaa vaatisi, ett\u00e4 saataisiin se yksi ramppi siivottua kuntoon.<\/p>\n<p class=\"sc-jYczwO sc-ciCoXh frIBdZ cPdSqu yle__article__paragraph\">\u00d6ljyinen tienpinta on moottoripy\u00f6r\u00e4ilij\u00e4lle erityisen vaarallinen. Caglayan kuvailee \u00f6ljyn vaikutusta pitoon n\u00e4in:<\/p>\n<p class=\"sc-jYczwO sc-ciCoXh frIBdZ cPdSqu yle__article__paragraph\">\u2013 Sit\u00e4 ei oikein pysty vertaamaan m\u00e4r\u00e4ll\u00e4 sateisella tienpinnalla ajamiseen. Kun rengas yht\u00e4kki\u00e4 py\u00f6riikin t\u00e4ysin tyhj\u00e4\u00e4, ei auta vaikka tekisi mit\u00e4. Yht\u00e4kki\u00e4 ei tunne en\u00e4\u00e4 yht\u00e4\u00e4n mit\u00e4\u00e4n kaasun tai jarrun kautta.<\/p>\n","protected":false},"excerpt":{"rendered":"Tien kunnossapidosta vastaava yhti\u00f6 kertoo reagoineensa ilmoituksiin \u00f6ljyst\u00e4 tiell\u00e4. Avaa kuvien katselu Merve Caglayan p\u00e4\u00e4tyi ojaan kolmosmoottoritielt\u00e4 Vaasan&hellip;\n","protected":false},"author":2,"featured_media":25394,"comment_status":"","ping_status":"","sticky":false,"template":"","format":"standard","meta":{"footnotes":""},"categories":[12],"tags":[22,23,26,27,33,31,30,17,71,24,25,1161,28,29,6493,5820,15,837,18,21,553,32,551,128,19,20,16],"class_list":{"0":"post-25393","1":"post","2":"type-post","3":"status-publish","4":"format-standard","5":"has-post-thumbnail","7":"category-suomi","8":"tag-breaking-news","9":"tag-breakingnews","10":"tag-featured-news","11":"tag-featurednews","12":"tag-fi","13":"tag-finland","14":"tag-finnish","15":"tag-headlines","16":"tag-kotimaa","17":"tag-latest-news","18":"tag-latestnews","19":"tag-liikenne","20":"tag-main-news","21":"tag-mainnews","22":"tag-moottoripyorailijat","23":"tag-moottoripyoraily","24":"tag-news","25":"tag-onnettomuudet","26":"tag-otsikot","27":"tag-paauutiset","28":"tag-pirkanmaa","29":"tag-suomi","30":"tag-tampere","31":"tag-tieliikenne","32":"tag-top-stories","33":"tag-topstories","34":"tag-uutiset"},"share_on_mastodon":{"url":"","error":""},"_links":{"self":[{"href":"https:\/\/www.europesays.com\/fi\/wp-json\/wp\/v2\/posts\/25393","targetHints":{"allow":["GET"]}}],"collection":[{"href":"https:\/\/www.europesays.com\/fi\/wp-json\/wp\/v2\/posts"}],"about":[{"href":"https:\/\/www.europesays.com\/fi\/wp-json\/wp\/v2\/types\/post"}],"author":[{"embeddable":true,"href":"https:\/\/www.europesays.com\/fi\/wp-json\/wp\/v2\/users\/2"}],"replies":[{"embeddable":true,"href":"https:\/\/www.europesays.com\/fi\/wp-json\/wp\/v2\/comments?post=25393"}],"version-history":[{"count":0,"href":"https:\/\/www.europesays.com\/fi\/wp-json\/wp\/v2\/posts\/25393\/revisions"}],"wp:featuredmedia":[{"embeddable":true,"href":"https:\/\/www.europesays.com\/fi\/wp-json\/wp\/v2\/media\/25394"}],"wp:attachment":[{"href":"https:\/\/www.europesays.com\/fi\/wp-json\/wp\/v2\/media?parent=25393"}],"wp:term":[{"taxonomy":"category","embeddable":true,"href":"https:\/\/www.europesays.com\/fi\/wp-json\/wp\/v2\/categories?post=25393"},{"taxonomy":"post_tag","embeddable":true,"href":"https:\/\/www.europesays.com\/fi\/wp-json\/wp\/v2\/tags?post=25393"}],"curies":[{"name":"wp","href":"https:\/\/api.w.org\/{rel}","templated":true}]}}