{"id":25395,"date":"2025-09-04T11:37:10","date_gmt":"2025-09-04T11:37:10","guid":{"rendered":"https:\/\/www.europesays.com\/fi\/25395\/"},"modified":"2025-09-04T11:37:10","modified_gmt":"2025-09-04T11:37:10","slug":"junaliikenne-seis-leppavaarassa-miia-ollut-jo-tunnin-jumissa-a-junassa","status":"publish","type":"post","link":"https:\/\/www.europesays.com\/fi\/25395\/","title":{"rendered":"Junaliikenne seis Lepp\u00e4vaarassa \u2013 Miia ollut jo tunnin jumissa A-junassa"},"content":{"rendered":"<p>H\u00e4iri\u00f6t kest\u00e4v\u00e4t iltap\u00e4iv\u00e4\u00e4n asti.<\/p>\n<p><img decoding=\"async\" class=\"image image-show image-preview\" src=\"https:\/\/www.europesays.com\/fi\/wp-content\/uploads\/2025\/09\/5a70645ae5f2ad782cdbb1fa1fb984975d9b1dfaf1b7e6dd8a3e3e24e5865777.jpg\" alt=\"\"\/><img decoding=\"async\" class=\"image image-show\" src=\"https:\/\/www.europesays.com\/fi\/wp-content\/uploads\/2025\/09\/1756985828_586_5a70645ae5f2ad782cdbb1fa1fb984975d9b1dfaf1b7e6dd8a3e3e24e5865777.jpg\" alt=\"\"\/><\/p>\n<p>Keskeytys aiheuttaa my\u00f6h\u00e4stymisi\u00e4 ja peruutuksia junaliikenteeseen. Kuvituskuva. Janne Mikkil\u00e4 \/ VR<\/p>\n<p><a href=\"https:\/\/www.iltalehti.fi\/kirjoittajat\/Riika Tauriainen\" rel=\"nofollow noopener\" target=\"_blank\"><img decoding=\"async\" class=\"author-image-img\" alt=\"Tekij\u00e4n kuva\" src=\"https:\/\/www.europesays.com\/fi\/wp-content\/uploads\/2025\/08\/1ed13297849d59b8b2118306c3ce6a343d721919144478664713a572e800eec4.png\"\/><\/a><a href=\"https:\/\/www.iltalehti.fi\/kirjoittajat\/Siiri Siikarla\" rel=\"nofollow noopener\" target=\"_blank\"><img decoding=\"async\" class=\"author-image-img\" alt=\"Tekij\u00e4n kuva\" src=\"https:\/\/www.europesays.com\/fi\/wp-content\/uploads\/2025\/09\/c22bfcb2aad7d4fe4692e962761bfb8cca2fc0f521b519d227e8502e5f3a6d0c.png\"\/><\/a><\/p>\n<p>T\u00e4n\u00e4\u00e4n klo 14:15 (p\u00e4ivitetty klo 14:15)<\/p>\n<p class=\"paragraph\">Junaliikenne jouduttiin keskeytt\u00e4m\u00e4\u00e4n Espoon Lepp\u00e4vaarassa torstai-iltap\u00e4iv\u00e4n\u00e4 yhden maissa.<\/p>\n<p class=\"paragraph\">Finntrafficin tiedotteen mukaan keskeytys johtui henkil\u00f6n pelastusteht\u00e4v\u00e4st\u00e4 Lepp\u00e4vaaran aseman l\u00e4heisyydess\u00e4.<\/p>\n<p class=\"paragraph\">Pelastusteht\u00e4v\u00e4ll\u00e4 on sek\u00e4 poliisin ett\u00e4 pelastuslaitoksen yksik\u00f6it\u00e4. L\u00e4nsi-Uudenmaan poliisi tiedotti saaneensa noin kello 12.30 tiedon, ett\u00e4 henkil\u00f6 on kiivennyt rautateiden toimintaan liittyv\u00e4\u00e4n tolppaan Espoon Lepp\u00e4vaarassa.<\/p>\n<p class=\"paragraph\">Teht\u00e4v\u00e4ll\u00e4 olevat viranomaiset pyrkiv\u00e4t varmistamaan, ett\u00e4 henkil\u00f6 saadaan alas tolpasta turvallisesti. Junaliikenteen seisahtumista lukuun ottamatta teht\u00e4v\u00e4 ei vaikuta liikkumiseen alueella.<\/p>\n<p>Tunnin jo jumissa<\/p>\n<p class=\"paragraph\">Keskeytys aiheuttaa my\u00f6h\u00e4stymisi\u00e4 ja peruutuksia junaliikenteess\u00e4 v\u00e4leill\u00e4 Helsinki\u2013Lepp\u00e4vaara, Helsinki\u2013Kirkkonummi ja Helsinki\u2013Turku. Vaikutuksia on my\u00f6s Keh\u00e4radan juniin.<\/p>\n<p class=\"paragraph\"><strong>Ville Ker\u00e4nen<\/strong> oli menossa Helsingin keskustasta U-junaan, kun huomasi t\u00e4m\u00e4n olevan peruttu. Ker\u00e4nen kertoo hyp\u00e4nneens\u00e4 Lepp\u00e4vaaraan suuntaavan A-junan kyytiin, mutta juna pys\u00e4htyi keskustan ja Pasilan v\u00e4lille puoleksi tunniksi.<\/p>\n<p class=\"paragraph\">\u2013 Matkustajille kuulutettiin, ett\u00e4 M\u00e4kkyl\u00e4n asemalla on kiivetty tolppaan. K\u00e4yt\u00e4vill\u00e4 k\u00e4veli edestakaisin kondukt\u00f6\u00f6rej\u00e4 ja lopulta he sanoivat meille, ett\u00e4 juna k\u00e4\u00e4ntyy takaisin P\u00e4\u00e4rautatieasemalle, Ker\u00e4nen kertoo.<\/p>\n<p class=\"paragraph\"><strong>Miia<\/strong> oli aiemmin Helsingist\u00e4 Lepp\u00e4vaaraan l\u00e4hteneen A-junan kyydiss\u00e4.<\/p>\n<p class=\"paragraph\">Juna on ollut jo tunnin verran pys\u00e4hdyksiss\u00e4 Valimon ja Pit\u00e4j\u00e4nm\u00e4en asemien v\u00e4lill\u00e4.<\/p>\n<p class=\"paragraph\">\u2013 Puolisoni kertoo, ettei henkil\u00f6kuntaa ole n\u00e4kynyt tai kuulunut. Aluksi matkustajille kuulutettiin ratat\u00f6ist\u00e4, sitten viranomaisteht\u00e4v\u00e4st\u00e4, Tommi ihmettelee.<\/p>\n<p class=\"paragraph\">Miia kertoi, ett\u00e4 juna oli edelleen kello 14 aikaan pys\u00e4hdyksiss\u00e4, eiv\u00e4tk\u00e4 matkustajat p\u00e4\u00e4sseet ulos.<\/p>\n<p class=\"paragraph\">\u2013 Olen ollut yhteydess\u00e4 HSL:n, turvavalvomoon ja koputtanut henkil\u00f6kunnan oveen, eik\u00e4 kukaan vastaa mit\u00e4\u00e4n, Miia kommentoi.<\/p>\n<p class=\"paragraph\">T\u00e4m\u00e4n hetkisten tietojen mukaan h\u00e4iri\u00f6t kest\u00e4v\u00e4t iltap\u00e4iv\u00e4\u00e4n asti.<\/p>\n","protected":false},"excerpt":{"rendered":"H\u00e4iri\u00f6t kest\u00e4v\u00e4t iltap\u00e4iv\u00e4\u00e4n asti. Keskeytys aiheuttaa my\u00f6h\u00e4stymisi\u00e4 ja peruutuksia junaliikenteeseen. Kuvituskuva. Janne Mikkil\u00e4 \/ VR T\u00e4n\u00e4\u00e4n klo 14:15&hellip;\n","protected":false},"author":2,"featured_media":25396,"comment_status":"","ping_status":"","sticky":false,"template":"","format":"standard","meta":{"footnotes":""},"categories":[5],"tags":[35,22,23,26,27,33,31,30,17,2887,24,25,121,951,28,29,953,15,18,21,950,32,19,20,16],"class_list":{"0":"post-25395","1":"post","2":"type-post","3":"status-publish","4":"format-standard","5":"has-post-thumbnail","7":"category-otsikot","8":"tag-24h","9":"tag-breaking-news","10":"tag-breakingnews","11":"tag-featured-news","12":"tag-featurednews","13":"tag-fi","14":"tag-finland","15":"tag-finnish","16":"tag-headlines","17":"tag-julkinen-liikenne","18":"tag-latest-news","19":"tag-latestnews","20":"tag-liikenne-ja-kuljetus","21":"tag-maaliikenne-putkijohtokuljetus","22":"tag-main-news","23":"tag-mainnews","24":"tag-matkustajaliikenne","25":"tag-news","26":"tag-otsikot","27":"tag-paauutiset","28":"tag-raskas-liikenne","29":"tag-suomi","30":"tag-top-stories","31":"tag-topstories","32":"tag-uutiset"},"share_on_mastodon":{"url":"","error":""},"_links":{"self":[{"href":"https:\/\/www.europesays.com\/fi\/wp-json\/wp\/v2\/posts\/25395","targetHints":{"allow":["GET"]}}],"collection":[{"href":"https:\/\/www.europesays.com\/fi\/wp-json\/wp\/v2\/posts"}],"about":[{"href":"https:\/\/www.europesays.com\/fi\/wp-json\/wp\/v2\/types\/post"}],"author":[{"embeddable":true,"href":"https:\/\/www.europesays.com\/fi\/wp-json\/wp\/v2\/users\/2"}],"replies":[{"embeddable":true,"href":"https:\/\/www.europesays.com\/fi\/wp-json\/wp\/v2\/comments?post=25395"}],"version-history":[{"count":0,"href":"https:\/\/www.europesays.com\/fi\/wp-json\/wp\/v2\/posts\/25395\/revisions"}],"wp:featuredmedia":[{"embeddable":true,"href":"https:\/\/www.europesays.com\/fi\/wp-json\/wp\/v2\/media\/25396"}],"wp:attachment":[{"href":"https:\/\/www.europesays.com\/fi\/wp-json\/wp\/v2\/media?parent=25395"}],"wp:term":[{"taxonomy":"category","embeddable":true,"href":"https:\/\/www.europesays.com\/fi\/wp-json\/wp\/v2\/categories?post=25395"},{"taxonomy":"post_tag","embeddable":true,"href":"https:\/\/www.europesays.com\/fi\/wp-json\/wp\/v2\/tags?post=25395"}],"curies":[{"name":"wp","href":"https:\/\/api.w.org\/{rel}","templated":true}]}}