{"id":254314,"date":"2026-05-21T16:33:12","date_gmt":"2026-05-21T16:33:12","guid":{"rendered":"https:\/\/www.europesays.com\/fi\/254314\/"},"modified":"2026-05-21T16:33:12","modified_gmt":"2026-05-21T16:33:12","slug":"parikkalan-kunta-rikkoi-vuosien-ajan-itse-laatimaansa-sopimusta-etela-karjala","status":"publish","type":"post","link":"https:\/\/www.europesays.com\/fi\/254314\/","title":{"rendered":"Parikkalan kunta rikkoi vuosien ajan itse laatimaansa sopimusta | Etel\u00e4-Karjala"},"content":{"rendered":"<p class=\"aw-1gybjub aw-5vja16 kEtdKx kmuxyA yle__article__paragraph\">Parikkalan kunnanjohtajan luottokortin k\u00e4yt\u00f6n selvitys paljasti, ett\u00e4 kunnassa on toimittu johtaja\u00adsopimuksen vastaisesti. Nyt kunta haluaa muuttaa k\u00e4yt\u00e4nt\u00f6j\u00e4\u00e4n.<\/p>\n<p><img decoding=\"async\" alt=\"Parikkalan kunnanjohtajan kuitteja kossteena.\" src=\"https:\/\/www.europesays.com\/fi\/wp-content\/uploads\/2026\/05\/1779282817.jpeg\" class=\"aw-1l9m598 hKVVvP\"\/><\/p>\n<p>Avaa kuvien katselu<\/p>\n<p>Entisen kunnanjohtajan kunnan luottokortilla tehtyjen ostojen selvitt\u00e4minen k\u00e4ynnisti Parikkalassa keskustelun kunnan k\u00e4yt\u00e4nn\u00f6ist\u00e4. Kuvassa joitain vuonna 2025 tehtyj\u00e4 ostoja. Kuva: Riikka T\u00e4htinen \/ Yle<\/p>\n<ul class=\"aw-1jjocuh iJTSwP yle__article__list yle__article__list--ul\">\n<li class=\"aw-1j7gwms gNYKfi\">Parikkalan kunnanjohtajan luottokortin k\u00e4yt\u00f6n selvitys paljasti, ett\u00e4 kunnassa on vuosia toimittu johtajasopimuksen vastaisesti.<\/li>\n<li class=\"aw-1j7gwms gNYKfi\">Laskut hyv\u00e4ksyi vain hallintojohtaja, eiv\u00e4tk\u00e4 ne p\u00e4\u00e4tyneet kunnanhallituksen puheenjohtajan tarkastettavaksi.<\/li>\n<li class=\"aw-1j7gwms gNYKfi\">Kunta aikoo p\u00e4ivitt\u00e4\u00e4 nyt k\u00e4yt\u00e4nt\u00f6j\u00e4\u00e4n.<\/li>\n<\/ul>\n<p class=\"aw-1gybjub aw-1p7kakr kEtdKx cEmitX yle__article__paragraph\">Parikkalassa jouduttiin t\u00e4n\u00e4 kev\u00e4\u00e4n\u00e4 selvitt\u00e4m\u00e4\u00e4n kunnanjohtajan luottokortin k\u00e4ytt\u00f6\u00e4.<\/p>\n<p class=\"aw-1gybjub aw-1p7kakr kEtdKx cEmitX yle__article__paragraph\">Kunnassa huomattiin, ett\u00e4 kunnanjohtaja ei ollut toimittanut kaikkia kuitteja kunnan luottokortilla tekemist\u00e4\u00e4n ostoksista. Yhteens\u00e4 t\u00e4llaisia ostoja oli noin 300 euron arvosta.<\/p>\n<p class=\"aw-1gybjub aw-1p7kakr kEtdKx cEmitX yle__article__paragraph\">Asian k\u00e4sittely kunnassa alkoi, kun tilintarkastaja p\u00e4\u00e4tti ottaa selvitett\u00e4v\u00e4kseen kunnanjohtajan luottokorttiostot vuodelta 2025. Tilintarkastaja toi asian tarkastuslautakunnan tietoon, joka aloitti asiasta selvityksen.<\/p>\n<p class=\"aw-1gybjub aw-1p7kakr kEtdKx cEmitX yle__article__paragraph\">Selvityksen yhteydess\u00e4 k\u00e4vi ilmi, ett\u00e4 kunnassa ei ole vuosiin noudatettu johtajasopimuksen mukaista toimintatapaa.<\/p>\n<p>Vuosia jatkunut k\u00e4yt\u00e4nt\u00f6<\/p>\n<p class=\"aw-1gybjub aw-1p7kakr kEtdKx cEmitX yle__article__paragraph\">Tuolloisen kunnanjohtajan <strong class=\"aw-ak79eh KyCXm yle__article__strong\">Mervi P\u00e4\u00e4k\u00f6n<\/strong> johtajasopimuksen mukaan kunnan luottokortista aiheutuvat laskut ja kunnanjohtajan matkalaskut hyv\u00e4ksyy j\u00e4lkik\u00e4teen kunnanhallituksen puheenjohtaja.<\/p>\n<p><img decoding=\"async\" alt=\"Parikkalan kunnan johtajasopimuksesta tehty kuvalinen nosto.\" src=\"https:\/\/www.europesays.com\/fi\/wp-content\/uploads\/2026\/05\/1779282775.jpeg\" loading=\"lazy\" class=\"aw-1l9m598 hKVVvP\"\/><\/p>\n<p>Avaa kuvien katselu<\/p>\n<p> Ote Parikkalan kunnan ja Mervi P\u00e4\u00e4k\u00f6n v\u00e4lisest\u00e4 johtajasopimuksesta. Kuva: Riikka T\u00e4htinen \/ Yle<\/p>\n<p class=\"aw-1gybjub aw-1p7kakr kEtdKx cEmitX yle__article__paragraph\">Vuoden 2025 kes\u00e4kuuhun asti kunnanhallituksen puheenjohtajana oli <strong class=\"aw-ak79eh KyCXm yle__article__strong\">Sami Sinkkonen<\/strong> (kesk.). Sen j\u00e4lkeen teht\u00e4v\u00e4\u00e4 alkoi hoitaa <strong class=\"aw-ak79eh KyCXm yle__article__strong\">Jouni Kiviaho<\/strong> (Parikkala-ryhm\u00e4).<\/p>\n<p class=\"aw-1gybjub aw-1p7kakr kEtdKx cEmitX yle__article__paragraph\">Johtajasopimuksen kirjauksista huolimatta molemmat kertovat, ett\u00e4 eiv\u00e4t ole hyv\u00e4ksyneet P\u00e4\u00e4k\u00f6n luottokorttilaskuja.<\/p>\n<p class=\"aw-1gybjub aw-1p7kakr kEtdKx cEmitX yle__article__paragraph\">Sek\u00e4 Sinkkosen ett\u00e4 Kiviahon mukaan kunnan hallintojohtaja on hyv\u00e4ksynyt laskut. Molempien mukaan kyseess\u00e4 on vuosia kunnassa jatkunut k\u00e4yt\u00e4nt\u00f6.<\/p>\n<p class=\"aw-1gybjub aw-1p7kakr kEtdKx cEmitX yle__article__paragraph\">Sinkkonen ja Kiviaho hyv\u00e4ksyiv\u00e4t P\u00e4\u00e4k\u00f6n laskut huhtikuussa 2026 sen j\u00e4lkeen, kun kunnanhallitus oli p\u00e4\u00e4tt\u00e4nyt, <a class=\"aw-iao6s4 iHOxEa yle__article__link\" href=\"https:\/\/yle.fi\/a\/74-20220401\" role=\"link\" rel=\"nofollow noopener\" target=\"_blank\">ettei se tutki tarkemmin entisen kunnanjohtajan luottokorttiostoja<\/a>. Kaikki kunnanvaltuutetut eiv\u00e4t ole olleet tyytyv\u00e4isi\u00e4 kunnanhallituksen ratkaisuun.<\/p>\n<p class=\"aw-1gybjub aw-1p7kakr kEtdKx cEmitX yle__article__paragraph\">Kunnanvaltuutettu ja tarkastuslautakunnan puheenjohtaja <strong class=\"aw-ak79eh KyCXm yle__article__strong\">Maija Valkeap\u00e4\u00e4n<\/strong> (Parikkala-ryhm\u00e4) mukaan P\u00e4\u00e4kk\u00f6 ei ole viel\u00e4k\u00e4\u00e4n toimittanut kaikkia kuitteja.<\/p>\n<p class=\"aw-1gybjub aw-1p7kakr kEtdKx cEmitX yle__article__paragraph\">\u2013 Kukaan kunnassa ei viel\u00e4k\u00e4\u00e4n tied\u00e4, mit\u00e4 kunnan kortilla on ostettu, Valkeap\u00e4\u00e4 sanoo.<\/p>\n<p class=\"aw-1gybjub aw-1p7kakr kEtdKx cEmitX yle__article__paragraph\">Parikkalan hallintojohtaja <strong class=\"aw-ak79eh KyCXm yle__article__strong\">Mirja Tuunasen<\/strong> mukaan kunnan taloussihteeri tarkastaa ja tili\u00f6i kunnanjohtajan luottokorttilaskut, samaan tapaan kuin muut kunnan laskut.<\/p>\n<p class=\"aw-1gybjub aw-1p7kakr kEtdKx cEmitX yle__article__paragraph\">Tuunasen mukaan hallintojohtaja on jo pitemp\u00e4\u00e4n olleen k\u00e4yt\u00e4nn\u00f6n mukaan hyv\u00e4ksynyt kunnanjohtajan luottokorttilaskut, jotta ne saadaan maksuun.<\/p>\n<p class=\"aw-1gybjub aw-1p7kakr kEtdKx cEmitX yle__article__paragraph\">T\u00e4t\u00e4 kunnassa on perusteltu sill\u00e4, ett\u00e4 hallintojohtaja on kunnanjohtajan j\u00e4lkeen korkein viranhaltija kunnassa ja my\u00f6s kunnanjohtajan sijainen.<\/p>\n<p class=\"aw-1gybjub aw-1p7kakr kEtdKx cEmitX yle__article__paragraph\">Kunnan hallintos\u00e4\u00e4nn\u00f6ss\u00e4 kunnanjohtajan esimieheksi on m\u00e4\u00e4ritelty kunnanhallituksen puheenjohtaja.<\/p>\n<p><img decoding=\"async\" alt=\"Ote Parikkalan kunnan hallintos\u00e4\u00e4nn\u00f6st\u00e4.\" src=\"https:\/\/www.europesays.com\/fi\/wp-content\/uploads\/2026\/05\/1779264028.jpeg\" loading=\"lazy\" class=\"aw-1l9m598 hKVVvP\"\/><\/p>\n<p>Avaa kuvien katselu<\/p>\n<p>Ote Parikkalan kunnan hallintos\u00e4\u00e4nn\u00f6st\u00e4. Kuva: Parikkalan kuntaMit\u00e4 sanoo laki?<\/p>\n<p class=\"aw-1gybjub aw-1p7kakr kEtdKx cEmitX yle__article__paragraph\">Kuntaliiton johtavan juristin <strong class=\"aw-ak79eh KyCXm yle__article__strong\">Ida Sulinin<\/strong> mukaan johtajasopimus sitoo allekirjoittaneita osapuolia.<\/p>\n<p class=\"aw-1gybjub aw-1p7kakr kEtdKx cEmitX yle__article__paragraph\">Kunnanjohtajan laskujen hyv\u00e4ksymisess\u00e4 kunnat noudattavat omia k\u00e4yt\u00e4nt\u00f6j\u00e4\u00e4n. Laskujen hyv\u00e4ksyminen kuuluu kunnanhallituksen teht\u00e4viin kunnanjohtajan esihenkil\u00f6n\u00e4, ja k\u00e4yt\u00e4nn\u00f6n menettelyst\u00e4 sovitaan johtajasopimuksessa.<\/p>\n<p class=\"aw-1gybjub aw-1p7kakr kEtdKx cEmitX yle__article__paragraph\">Parikkalan kunnan hallintos\u00e4\u00e4nt\u00f6 ei mainitse kunnanjohtajan laskujen hyv\u00e4ksymisest\u00e4. Hallintos\u00e4\u00e4nn\u00f6ss\u00e4 kunnanhallituksen puheenjohtajan teht\u00e4viin on kirjattu, ett\u00e4 puheenjohtaja vastaa kunnanjohtajan johtajasopimuksen valmistelusta ja johtaa johtajasopimuksella sovittuja neuvotteluja kunnanjohtajan kanssa.<\/p>\n<p>Kunta haluaa uudet k\u00e4yt\u00e4nn\u00f6t<\/p>\n<p class=\"aw-1gybjub aw-1p7kakr kEtdKx cEmitX yle__article__paragraph\">Parikkalan kunnanhallitus tiedotti huhtikuussa, ett\u00e4 se p\u00e4ivitt\u00e4\u00e4 ohjeistuksen kunnan luottokorttien k\u00e4yt\u00f6st\u00e4 tilintarkastajan ja tarkastuslautakunnan antamien suostusten mukaisesti.<\/p>\n<p class=\"aw-1gybjub aw-1p7kakr kEtdKx cEmitX yle__article__paragraph\">Kunnanhallituksen puheenjohtajan tulee jatkossa tarkistaa v\u00e4hint\u00e4\u00e4n nelj\u00e4nnesvuosittain kunnanjohtajan puhelinlaskut. Teknisesti kunnanjohtajan luottokorttilaskut hyv\u00e4ksyy edelleen hallintojohtaja.<\/p>\n<p class=\"aw-1gybjub aw-1p7kakr kEtdKx cEmitX yle__article__paragraph\">Kunnanvaltuutettu Maija Valkeap\u00e4\u00e4 toivoo, ett\u00e4 jatkossa kunnanjohtajan laskut hyv\u00e4ksyy hallintosihteerin tai talousihteerin j\u00e4lkeen my\u00f6s kunnanhallituksen puheenjohtaja.<\/p>\n<p class=\"aw-1gybjub aw-1p7kakr kEtdKx cEmitX yle__article__paragraph\">\u2013 T\u00e4rke\u00e4\u00e4 lopulta on, ett\u00e4 prosessi korjataan oikeanlaiseksi ja siten, ett\u00e4 jatkossa t\u00e4llaiseen puututtaneen nopeammin, Valkeap\u00e4\u00e4 toteaa.<\/p>\n<p class=\"aw-1gybjub aw-1p7kakr kEtdKx cEmitX yle__article__paragraph\">Johtajasopimuksen lis\u00e4ksi luottokortin k\u00e4ytt\u00f6\u00f6n liittyv\u00e4t ohjeistukset tulisi h\u00e4nen mielest\u00e4\u00e4n t\u00e4ydent\u00e4\u00e4 kunnan hallintos\u00e4\u00e4nt\u00f6\u00f6n.<\/p>\n<p class=\"aw-1gybjub aw-1p7kakr kEtdKx cEmitX yle__article__paragraph\">Parikkalaan on juuri valittu <a class=\"aw-iao6s4 iHOxEa yle__article__link\" href=\"https:\/\/yle.fi\/a\/74-20225676\" role=\"link\" rel=\"nofollow noopener\" target=\"_blank\">uusi kunnanjohtaja<\/a>. Kunnanhallitus alkaa valmistella johtajasopimusta uuden kunnanjohtajan kanssa kes\u00e4kuussa.<\/p>\n","protected":false},"excerpt":{"rendered":"Parikkalan kunnanjohtajan luottokortin k\u00e4yt\u00f6n selvitys paljasti, ett\u00e4 kunnassa on toimittu johtaja\u00adsopimuksen vastaisesti. Nyt kunta haluaa muuttaa k\u00e4yt\u00e4nt\u00f6j\u00e4\u00e4n. Avaa&hellip;\n","protected":false},"author":2,"featured_media":254315,"comment_status":"","ping_status":"","sticky":false,"template":"","format":"standard","meta":{"footnotes":"","_share_on_mastodon":"0"},"categories":[158],"tags":[1302,33,31,30,35218,35217,71,1833,4289,159,32,160],"class_list":["post-254314","post","type-post","status-publish","format-standard","has-post-thumbnail","category-urheilu","tag-etela-karjala","tag-fi","tag-finland","tag-finnish","tag-hallintosaannot","tag-johtajasopimukset","tag-kotimaa","tag-kunnat","tag-parikkala","tag-sports","tag-suomi","tag-urheilu"],"share_on_mastodon":{"url":"https:\/\/pubeurope.com\/@fi\/116613533463501527","error":""},"_links":{"self":[{"href":"https:\/\/www.europesays.com\/fi\/wp-json\/wp\/v2\/posts\/254314","targetHints":{"allow":["GET"]}}],"collection":[{"href":"https:\/\/www.europesays.com\/fi\/wp-json\/wp\/v2\/posts"}],"about":[{"href":"https:\/\/www.europesays.com\/fi\/wp-json\/wp\/v2\/types\/post"}],"author":[{"embeddable":true,"href":"https:\/\/www.europesays.com\/fi\/wp-json\/wp\/v2\/users\/2"}],"replies":[{"embeddable":true,"href":"https:\/\/www.europesays.com\/fi\/wp-json\/wp\/v2\/comments?post=254314"}],"version-history":[{"count":0,"href":"https:\/\/www.europesays.com\/fi\/wp-json\/wp\/v2\/posts\/254314\/revisions"}],"wp:featuredmedia":[{"embeddable":true,"href":"https:\/\/www.europesays.com\/fi\/wp-json\/wp\/v2\/media\/254315"}],"wp:attachment":[{"href":"https:\/\/www.europesays.com\/fi\/wp-json\/wp\/v2\/media?parent=254314"}],"wp:term":[{"taxonomy":"category","embeddable":true,"href":"https:\/\/www.europesays.com\/fi\/wp-json\/wp\/v2\/categories?post=254314"},{"taxonomy":"post_tag","embeddable":true,"href":"https:\/\/www.europesays.com\/fi\/wp-json\/wp\/v2\/tags?post=254314"}],"curies":[{"name":"wp","href":"https:\/\/api.w.org\/{rel}","templated":true}]}}