{"id":25454,"date":"2025-09-04T12:54:08","date_gmt":"2025-09-04T12:54:08","guid":{"rendered":"https:\/\/www.europesays.com\/fi\/25454\/"},"modified":"2025-09-04T12:54:08","modified_gmt":"2025-09-04T12:54:08","slug":"auto-syoksyi-vakijoukkoon-berliinissa-loukkaantuneiden-joukossa-useita-lapsia","status":"publish","type":"post","link":"https:\/\/www.europesays.com\/fi\/25454\/","title":{"rendered":"Auto sy\u00f6ksyi v\u00e4kijoukkoon Berliiniss\u00e4 \u2013 Loukkaantuneiden joukossa useita lapsia"},"content":{"rendered":"<p>Juttu p\u00e4ivittyy.<\/p>\n<p><img decoding=\"async\" class=\"image image-show image-preview\" src=\"https:\/\/www.europesays.com\/fi\/wp-content\/uploads\/2025\/09\/8739fc02677d752bce2d8989d610dd38bf337e387ac478204567bf2c7b8fbf72.jpg\" alt=\"\"\/><img decoding=\"async\" class=\"image image-show\" src=\"https:\/\/www.europesays.com\/fi\/wp-content\/uploads\/2025\/09\/1756990448_281_8739fc02677d752bce2d8989d610dd38bf337e387ac478204567bf2c7b8fbf72.jpg\" alt=\"\"\/><\/p>\n<p>Auto sy\u00f6ksyi v\u00e4kijoukkoon Berliiniss\u00e4. Loukkaantuneiden joukossa oli lapsia. Mostphotos<\/p>\n<p class=\"paragraph\">Saksalaismedia <a href=\"https:\/\/www.bild.de\/regional\/berlin\/berlin-auto-faehrt-in-menschengruppe-mehrere-verletzte-68b97b6de741757b51ad7a6b\" rel=\"noopener nofollow\" target=\"_blank\">Bildin<\/a> mukaan auto sy\u00f6ksyi v\u00e4kijoukkoon Saksan Berliiniss\u00e4.<\/p>\n<p class=\"paragraph\">Uhrien joukossa on alustavien tietojen mukaan on viisitoista  7\u20138 -vuotiasta lasta, joista kolme loukkaantui liev\u00e4sti. Loukkaantuneet lapset vietiin l\u00e4heiseen sairaalaan.<\/p>\n<p class=\"paragraph\">Yhden hoitajan kerrotaan loukkaantuneen vakavasti.<\/p>\n<p class=\"paragraph\">V\u00e4kijoukkoon sy\u00f6ksynyt BMW -merkkist\u00e4 autoa ajanut kuljettaja ei loukkaantunut. Kuljettaja nojasi Bildin julkaisemissa kuvissa autoonsa poliisin kuulustellessa h\u00e4nt\u00e4.<\/p>\n<p class=\"paragraph\">Bildin mukaan onnettomuus tapahtui noin kello 13.10.<\/p>\n<p class=\"paragraph\">Juttu p\u00e4ivittyy.<\/p>\n","protected":false},"excerpt":{"rendered":"Juttu p\u00e4ivittyy. Auto sy\u00f6ksyi v\u00e4kijoukkoon Berliiniss\u00e4. Loukkaantuneiden joukossa oli lapsia. Mostphotos Saksalaismedia Bildin mukaan auto sy\u00f6ksyi v\u00e4kijoukkoon Saksan&hellip;\n","protected":false},"author":2,"featured_media":25455,"comment_status":"","ping_status":"","sticky":false,"template":"","format":"standard","meta":{"footnotes":""},"categories":[14],"tags":[35,648,22,23,26,27,33,31,30,17,24,25,121,1048,28,29,15,18,21,637,32,128,19,20,56,16,59,60,61],"class_list":{"0":"post-25454","1":"post","2":"type-post","3":"status-publish","4":"format-standard","5":"has-post-thumbnail","7":"category-ulkomaat","8":"tag-24h","9":"tag-autot","10":"tag-breaking-news","11":"tag-breakingnews","12":"tag-featured-news","13":"tag-featurednews","14":"tag-fi","15":"tag-finland","16":"tag-finnish","17":"tag-headlines","18":"tag-latest-news","19":"tag-latestnews","20":"tag-liikenne-ja-kuljetus","21":"tag-maakulkuneuvot","22":"tag-main-news","23":"tag-mainnews","24":"tag-news","25":"tag-otsikot","26":"tag-paauutiset","27":"tag-politiikka","28":"tag-suomi","29":"tag-tieliikenne","30":"tag-top-stories","31":"tag-topstories","32":"tag-ulkomaat","33":"tag-uutiset","34":"tag-world","35":"tag-world-news","36":"tag-worldnews"},"share_on_mastodon":{"url":"","error":""},"_links":{"self":[{"href":"https:\/\/www.europesays.com\/fi\/wp-json\/wp\/v2\/posts\/25454","targetHints":{"allow":["GET"]}}],"collection":[{"href":"https:\/\/www.europesays.com\/fi\/wp-json\/wp\/v2\/posts"}],"about":[{"href":"https:\/\/www.europesays.com\/fi\/wp-json\/wp\/v2\/types\/post"}],"author":[{"embeddable":true,"href":"https:\/\/www.europesays.com\/fi\/wp-json\/wp\/v2\/users\/2"}],"replies":[{"embeddable":true,"href":"https:\/\/www.europesays.com\/fi\/wp-json\/wp\/v2\/comments?post=25454"}],"version-history":[{"count":0,"href":"https:\/\/www.europesays.com\/fi\/wp-json\/wp\/v2\/posts\/25454\/revisions"}],"wp:featuredmedia":[{"embeddable":true,"href":"https:\/\/www.europesays.com\/fi\/wp-json\/wp\/v2\/media\/25455"}],"wp:attachment":[{"href":"https:\/\/www.europesays.com\/fi\/wp-json\/wp\/v2\/media?parent=25454"}],"wp:term":[{"taxonomy":"category","embeddable":true,"href":"https:\/\/www.europesays.com\/fi\/wp-json\/wp\/v2\/categories?post=25454"},{"taxonomy":"post_tag","embeddable":true,"href":"https:\/\/www.europesays.com\/fi\/wp-json\/wp\/v2\/tags?post=25454"}],"curies":[{"name":"wp","href":"https:\/\/api.w.org\/{rel}","templated":true}]}}