{"id":25466,"date":"2025-09-04T13:16:08","date_gmt":"2025-09-04T13:16:08","guid":{"rendered":"https:\/\/www.europesays.com\/fi\/25466\/"},"modified":"2025-09-04T13:16:08","modified_gmt":"2025-09-04T13:16:08","slug":"nain-59-vuotiaana-kuollut-olga-k-kertoi-sairaudestaan-tyokavereille-kaikki-itkivat","status":"publish","type":"post","link":"https:\/\/www.europesays.com\/fi\/25466\/","title":{"rendered":"N\u00e4in 59-vuotiaana kuollut Olga K kertoi sairaudestaan ty\u00f6kavereille \u2013 Kaikki itkiv\u00e4t"},"content":{"rendered":"<p>Ylen pitk\u00e4aikaisen radio\u00e4\u00e4nen kollegat muistelevat edesmennytt\u00e4 ty\u00f6toveriaan Kodin kuvalehdelle.<\/p>\n<p><img decoding=\"async\" class=\"image image-show image-preview\" src=\"https:\/\/www.europesays.com\/fi\/wp-content\/uploads\/2025\/09\/5faa1bfc73ccd620def250285e7c477403620ec3d3800641f697365d9ff53ddc.jpg\" alt=\"\"\/><img decoding=\"async\" class=\"image image-show\" src=\"https:\/\/www.europesays.com\/fi\/wp-content\/uploads\/2025\/09\/1756991768_766_5faa1bfc73ccd620def250285e7c477403620ec3d3800641f697365d9ff53ddc.jpg\" alt=\"\"\/><\/p>\n<p>Tuula Ketonen kuoli helmikuussa 2024 59-vuotiaana. Arkistokuva vuodelta 2002.  JONNA \u00d6HRNBERG<\/p>\n<p class=\"paragraph\">Radiojuontaja Olga Ketonen <a href=\"https:\/\/www.iltalehti.fi\/tv-ja-leffat\/ebd9b48d-e1d1-4c95-a231-a335ae496e05\" rel=\"nofollow noopener\" target=\"_blank\">kuoli 3. helmikuuta 2024<\/a>. Ylen pitk\u00e4aikainen radio\u00e4\u00e4ni, oikealta nimelt\u00e4\u00e4n <a href=\"https:\/\/www.iltalehti.fi\/henkilot\/Olga Ketonen\" class=\"article-link-person-page\" rel=\"nofollow noopener\" target=\"_blank\">Tuula Ketonen<\/a> oli kuollessaan 59-vuotias.<\/p>\n<p class=\"paragraph\">Olga K -nimell\u00e4 tunnettu juontaja k\u00e4rsi synnynn\u00e4isest\u00e4 syd\u00e4nviasta. Nyt Ketosen Yle Radio Suomen -kollegat kertovat <a href=\"https:\/\/www.kodinkuvalehti.fi\/artikkeli\/lue\/ihmiset\/olga-kn-kuolema-yllatti-kollegat-kesken-suoran-lahetyksen-tyokavereiden-suru\" rel=\"noopener nofollow\" target=\"_blank\">Kodin kuvalehdelle<\/a> Ketosen viimeisist\u00e4 ajoista.<\/p>\n<p class=\"paragraph\">Ketonen oli viimeisin\u00e4 ty\u00f6skentelykuukausinaan ollut v\u00e4lill\u00e4 sairaana ja poissa, v\u00e4lill\u00e4 t\u00f6iss\u00e4.<\/p>\n<p class=\"paragraph\">Sairaudestaan h\u00e4n kertoi ty\u00f6yst\u00e4villeen <strong>Markus Turuselle<\/strong> ja <strong>Sanna Pirkkalaiselle<\/strong> syksyll\u00e4 2023. Ty\u00f6paikan seminaarip\u00e4iv\u00e4n p\u00e4\u00e4tteeksi kolmikko tapasi baaritiskill\u00e4. Pirkkalainen ehdotti skumppaa, mutta Ketonen sanoi, ett\u00e4 ei juo mit\u00e4\u00e4n ja kertoi, ett\u00e4 h\u00e4nen syd\u00e4mess\u00e4\u00e4n on vikaa.<\/p>\n<p class=\"paragraph\">Pirkkalainen tiedusteli, voiko Ketonen kuolla siihen. \u201dVoi siin\u00e4 k\u00e4yd\u00e4 niin\u201d, Ketonen oli todennut ja hetken kaikkia itketti. Sen illan j\u00e4lkeen ty\u00f6toverit eiv\u00e4t puhuneet kuolemasta.<\/p>\n<p class=\"paragraph\">Kollegat huomasivat, ett\u00e4 viimeisen vuoden aikana Ketonen alkoi v\u00e4sy\u00e4. T\u00f6iss\u00e4 tiedettiin t\u00e4m\u00e4n sairaudesta, mutta siit\u00e4 ei juuri puhuttu.<\/p>\n<p class=\"paragraph\">\u2013 Kysyin Olgalta usein, miten h\u00e4n voi, mutta en udellut yksityiskohdista. Olga ei halunnut, ett\u00e4 h\u00e4nt\u00e4 kohdellaan kuin sairasta ihmist\u00e4, Pirkkalainen kertoo Kodin kuvalehdelle.<\/p>\n<p class=\"paragraph\">Kun Ketonen joutui olemaan t\u00f6ist\u00e4 poissa, h\u00e4n pyyteli muilta asiaa anteeksi. H\u00e4nell\u00e4 oli tapana sanoa, ett\u00e4 nautitaan n\u00e4ist\u00e4 hommista niin kauan kuin voidaan. Turusen mukaan h\u00e4n viittasi alan ty\u00f6tilanteeseen.<\/p>\n<p class=\"paragraph\">\u2013 Kukaan meist\u00e4 ei osannut ajatella, ett\u00e4 Olga kuolee, vaikka tiesimme, ett\u00e4 h\u00e4n on vakavasti sairas, Turunen sanoi.<\/p>\n<p class=\"paragraph\">Ketosta j\u00e4iv\u00e4t ty\u00f6tovereiden lis\u00e4ksi kaipaamaan puoliso ja kaksi t\u00e4ysi-ik\u00e4ist\u00e4 poikaa.<\/p>\n<p class=\"paragraph\">Ketonen <a href=\"https:\/\/www.iltalehti.fi\/tv-ja-leffat\/ebd9b48d-e1d1-4c95-a231-a335ae496e05\" rel=\"nofollow noopener\" target=\"_blank\">kertoi kev\u00e4\u00e4ll\u00e4 2023<\/a> Kotiliedelle antamassaan haastattelussa, ett\u00e4 h\u00e4nen \u00e4itins\u00e4 kuoli rintasy\u00f6p\u00e4\u00e4n 56-vuotiaana. Ketonen oli itse tuolloin 17-vuotias.<\/p>\n<p class=\"paragraph\">Ketonen sanoi haastattelussa pel\u00e4nneens\u00e4, ett\u00e4 kuolisi samanik\u00e4isen\u00e4 kuin \u00e4itins\u00e4.<\/p>\n<p class=\"paragraph\">\u2013 \u00c4itini synnytti minut 39-vuotiaana, ja min\u00e4 sain esikoiseni samanik\u00e4isen\u00e4. Kuvittelin, ett\u00e4 kaari oli se, ett\u00e4 kuolen, kun olen 56-vuotias, kuten \u00e4itini. Onneksi se ei mennytk\u00e4\u00e4n niin, Ketonen sanoi lehdelle.<\/p>\n","protected":false},"excerpt":{"rendered":"Ylen pitk\u00e4aikaisen radio\u00e4\u00e4nen kollegat muistelevat edesmennytt\u00e4 ty\u00f6toveriaan Kodin kuvalehdelle. Tuula Ketonen kuoli helmikuussa 2024 59-vuotiaana. Arkistokuva vuodelta 2002.&hellip;\n","protected":false},"author":2,"featured_media":25467,"comment_status":"","ping_status":"","sticky":false,"template":"","format":"standard","meta":{"footnotes":""},"categories":[130],"tags":[35,137,33,31,30,98,1999,32,8143,140,139,109],"class_list":{"0":"post-25466","1":"post","2":"type-post","3":"status-publish","4":"format-standard","5":"has-post-thumbnail","7":"category-viihde","8":"tag-24h","9":"tag-entertainment","10":"tag-fi","11":"tag-finland","12":"tag-finnish","13":"tag-perhe","14":"tag-suomalaiset-tv-ohjelmat","15":"tag-suomi","16":"tag-televisio-ohjelmien-juontajat","17":"tag-tv-ja-elokuvat","18":"tag-tv-ohjelmat","19":"tag-viihde"},"share_on_mastodon":{"url":"","error":""},"_links":{"self":[{"href":"https:\/\/www.europesays.com\/fi\/wp-json\/wp\/v2\/posts\/25466","targetHints":{"allow":["GET"]}}],"collection":[{"href":"https:\/\/www.europesays.com\/fi\/wp-json\/wp\/v2\/posts"}],"about":[{"href":"https:\/\/www.europesays.com\/fi\/wp-json\/wp\/v2\/types\/post"}],"author":[{"embeddable":true,"href":"https:\/\/www.europesays.com\/fi\/wp-json\/wp\/v2\/users\/2"}],"replies":[{"embeddable":true,"href":"https:\/\/www.europesays.com\/fi\/wp-json\/wp\/v2\/comments?post=25466"}],"version-history":[{"count":0,"href":"https:\/\/www.europesays.com\/fi\/wp-json\/wp\/v2\/posts\/25466\/revisions"}],"wp:featuredmedia":[{"embeddable":true,"href":"https:\/\/www.europesays.com\/fi\/wp-json\/wp\/v2\/media\/25467"}],"wp:attachment":[{"href":"https:\/\/www.europesays.com\/fi\/wp-json\/wp\/v2\/media?parent=25466"}],"wp:term":[{"taxonomy":"category","embeddable":true,"href":"https:\/\/www.europesays.com\/fi\/wp-json\/wp\/v2\/categories?post=25466"},{"taxonomy":"post_tag","embeddable":true,"href":"https:\/\/www.europesays.com\/fi\/wp-json\/wp\/v2\/tags?post=25466"}],"curies":[{"name":"wp","href":"https:\/\/api.w.org\/{rel}","templated":true}]}}