{"id":254673,"date":"2026-05-22T02:26:15","date_gmt":"2026-05-22T02:26:15","guid":{"rendered":"https:\/\/www.europesays.com\/fi\/254673\/"},"modified":"2026-05-22T02:26:15","modified_gmt":"2026-05-22T02:26:15","slug":"vanessa-trump-sairastaa-syopaa-seiska","status":"publish","type":"post","link":"https:\/\/www.europesays.com\/fi\/254673\/","title":{"rendered":"Vanessa Trump sairastaa sy\u00f6p\u00e4\u00e4 | Seiska"},"content":{"rendered":"<p>            Stella Pictures\n        <\/p>\n<p class=\"subtitle \">Mallina tunnettu Vanessa Trump kertoi diagnoosistaan sosiaalisessa mediassa.<\/p>\n<p class=\"article-content article-content-width !bg-background\">, 48, ex-vaimo , 48, on sy\u00f6p\u00e4. Asia selvi\u00e4\u00e4 h\u00e4nen <a href=\"https:\/\/www.instagram.com\/officialvanessatrump\/?hl=en\" aria-label=\"Vanessa Trumpin Instagram\" target=\"_blank\" rel=\"nofollow noopener\">Instagramissa<\/a> torstaina (21.5.) julkaisemastaan p\u00e4ivityksest\u00e4.\u00a0<\/p>\n<p class=\"article-content article-content-width !bg-background\">Vanessan julkaisu sis\u00e4lt\u00e4\u00e4 yksinkertaisen kuvan, jossa on valkoista teksti\u00e4 mustalla pohjalla.<\/p>\n<p class=\"article-content article-content-width !bg-background\">\u2013 Haluan jakaa henkil\u00f6kohtaisen terveysp\u00e4ivityksen, englanninkielinen p\u00e4ivitys alkaa.<\/p>\n<p>        <a itemprop=\"url\" href=\"https:\/\/www.seiska.fi\/ulkomaat\/kuvat-tassa-ovat-trumpin-lapsenlapset\/2126858\" rel=\"nofollow noopener\" target=\"_blank\"><\/p>\n<p>\nKuvat!\n<\/p>\n<p class=\"section-date\">\n        <strong class=\"article-section\" data-section=\"ulkomaat\"><br \/>\n            ulkomaat<br \/>\n        <\/strong><br \/>\n        18.4. 16:00\n    <\/p>\n<p>Kuvat! T\u00e4ss\u00e4 ovat Trumpin lapsenlapset\n    <\/p>\n<p itemprop=\"description\" class=\"subtitle \">\n    Tiesitk\u00f6, ett\u00e4 Yhdysvaltain presidentill\u00e4 Donald Trumpilla on 11 lastenlasta?\n<\/p>\n<p>        <\/a><\/p>\n<p class=\"article-content article-content-width !bg-background\">\u2013 Minulla on hiljattain diagnosoitu rintasy\u00f6p\u00e4.<\/p>\n<p class=\"article-content article-content-width !bg-background\">T\u00e4ll\u00e4 hetkell\u00e4 h\u00e4nelle laaditaan hoitosuunnittelmaa, Vanessa kertoo.<\/p>\n<p>Tehty operaatio<\/p>\n<p class=\"article-content article-content-width !bg-background\">\u2013 Haluaisin kiitt\u00e4\u00e4 l\u00e4\u00e4k\u00e4reit\u00e4ni, jotka tekiv\u00e4t minulle toimenpiteen aiemmin t\u00e4ll\u00e4 viikolla, Vanessa kirjoittaa.<\/p>\n<p class=\"article-content article-content-width !bg-background\">Vanessa kertoo pysyv\u00e4ns\u00e4 toiveikkaana ja olevansa perheens\u00e4 ja l\u00e4heistens\u00e4 ymp\u00e4r\u00f6im\u00e4.<\/p>\n<p class=\"article-content article-content-width !bg-background\">\u2013 Kiitos yst\u00e4v\u00e4llisyydest\u00e4nne ja tuestanne \u2013 se merkitsee minulle enemm\u00e4n, kuin voin sanoin kuvalla.<\/p>\n<p>        <a itemprop=\"url\" href=\"https:\/\/www.seiska.fi\/ulkomaat\/vanessa-trump-hakee-avioeroa-donald-trump-jrsta\/571459\" rel=\"nofollow noopener\" target=\"_blank\"><\/p>\n<p class=\"section-date\">\n        <strong class=\"article-section\" data-section=\"ulkomaat\"><br \/>\n            ulkomaat<br \/>\n        <\/strong><br \/>\n        16.3.2018 19:45\n    <\/p>\n<p>Vanessa Trump hakee avioeroa Donald Trump Jr:sta!\n    <\/p>\n<p>        <\/a><\/p>\n<p class=\"article-content article-content-width !bg-background\">Lopuksi h\u00e4n pyyt\u00e4\u00e4 yksityisyytt\u00e4 ja kertoo keskittyv\u00e4ns\u00e4 terveyteens\u00e4 ja paranemiseen.<\/p>\n<p>Presidentin pojan ex<\/p>\n<p class=\"article-content article-content-width !bg-background\">Vanessa Trump on yhdysvaltalainen malli. H\u00e4n on yhdysvaltain presidentti  pojan, Donald Trump juniorin ex-vaimo.\u00a0<\/p>\n<p>                <img decoding=\"async\" src=\"https:\/\/www.europesays.com\/fi\/wp-content\/uploads\/2026\/05\/2158712.webp\" width=\"576\" height=\"687\" title=\"Donald Trump jr. ja Vanessa Trump vuonna 2016.\" alt=\"Donald Trump jr. ja Vanessa Trump\" loading=\"lazy\" \/>            <\/p>\n<p>\n            Donald Trump jr. ja Vanessa Trump vuonna 2016.<br \/>\n            AOP\n        <\/p>\n<p class=\"article-content article-content-width !bg-background\">Pari oli naimisissa vuosina 2005\u20132018.<\/p>\n<p class=\"article-content article-content-width !bg-background\">Parilla on viisi yhteist\u00e4 lasta.<\/p>\n<p><script async src=\"\/\/www.instagram.com\/embed.js\"><\/script><\/p>\n","protected":false},"excerpt":{"rendered":"Stella Pictures Mallina tunnettu Vanessa Trump kertoi diagnoosistaan sosiaalisessa mediassa. , 48, ex-vaimo , 48, on sy\u00f6p\u00e4. Asia&hellip;\n","protected":false},"author":2,"featured_media":254674,"comment_status":"","ping_status":"","sticky":false,"template":"","format":"standard","meta":{"footnotes":"","_share_on_mastodon":"0"},"categories":[136],"tags":[407,4634,35243,137,33,31,30,408,3918,3893,32,1469,35244,109],"class_list":["post-254673","post","type-post","status-publish","format-standard","has-post-thumbnail","category-julkkikset","tag-celebrities","tag-diagnoosi","tag-donald-trump-jr","tag-entertainment","tag-fi","tag-finland","tag-finnish","tag-julkkikset","tag-rintasyopa","tag-sairaus","tag-suomi","tag-syopa","tag-vanessa-trump","tag-viihde"],"share_on_mastodon":{"url":"https:\/\/pubeurope.com\/@fi\/116615865425121195","error":""},"_links":{"self":[{"href":"https:\/\/www.europesays.com\/fi\/wp-json\/wp\/v2\/posts\/254673","targetHints":{"allow":["GET"]}}],"collection":[{"href":"https:\/\/www.europesays.com\/fi\/wp-json\/wp\/v2\/posts"}],"about":[{"href":"https:\/\/www.europesays.com\/fi\/wp-json\/wp\/v2\/types\/post"}],"author":[{"embeddable":true,"href":"https:\/\/www.europesays.com\/fi\/wp-json\/wp\/v2\/users\/2"}],"replies":[{"embeddable":true,"href":"https:\/\/www.europesays.com\/fi\/wp-json\/wp\/v2\/comments?post=254673"}],"version-history":[{"count":0,"href":"https:\/\/www.europesays.com\/fi\/wp-json\/wp\/v2\/posts\/254673\/revisions"}],"wp:featuredmedia":[{"embeddable":true,"href":"https:\/\/www.europesays.com\/fi\/wp-json\/wp\/v2\/media\/254674"}],"wp:attachment":[{"href":"https:\/\/www.europesays.com\/fi\/wp-json\/wp\/v2\/media?parent=254673"}],"wp:term":[{"taxonomy":"category","embeddable":true,"href":"https:\/\/www.europesays.com\/fi\/wp-json\/wp\/v2\/categories?post=254673"},{"taxonomy":"post_tag","embeddable":true,"href":"https:\/\/www.europesays.com\/fi\/wp-json\/wp\/v2\/tags?post=254673"}],"curies":[{"name":"wp","href":"https:\/\/api.w.org\/{rel}","templated":true}]}}