{"id":254681,"date":"2026-05-22T02:38:10","date_gmt":"2026-05-22T02:38:10","guid":{"rendered":"https:\/\/www.europesays.com\/fi\/254681\/"},"modified":"2026-05-22T02:38:10","modified_gmt":"2026-05-22T02:38:10","slug":"naton-ulkoministerit-pohjustavat-ruotsissa-ankaran-huippukokousta-uutissuomalainen-2","status":"publish","type":"post","link":"https:\/\/www.europesays.com\/fi\/254681\/","title":{"rendered":"Naton ulkoministerit pohjustavat Ruotsissa Ankaran huippukokousta | Uutissuomalainen"},"content":{"rendered":"<p>Sotilasliitto Naton ulkoministerit jatkavat t\u00e4n\u00e4\u00e4n kokoustaan Etel\u00e4-Ruotsin Helsingborgissa. Kokouksessa pohjustetaan hein\u00e4kuussa Turkissa pidett\u00e4v\u00e4\u00e4 Naton huippukokousta.<\/p>\n<p>Keskustelujen aiheina ovat muun muassa tavoite j\u00e4senmaiden puolustusmenojen lis\u00e4\u00e4misest\u00e4 ja puolustusteollisuuden vahvistamisesta sek\u00e4 tuki Ukrainalle.<\/p>\n<p>Eilen illalla kokouksen aloittaneelle ep\u00e4viralliselle illalliselle osallistui my\u00f6s Ukrainan ulkoministeri Andri Sybiha.<\/p>\n<p>Ruotsin ensimm\u00e4isess\u00e4 ministeritason Nato-kokouksessa Suomea edustaa ulkoministeri Elina Valtonen (kok.).<\/p>\n","protected":false},"excerpt":{"rendered":"Sotilasliitto Naton ulkoministerit jatkavat t\u00e4n\u00e4\u00e4n kokoustaan Etel\u00e4-Ruotsin Helsingborgissa. Kokouksessa pohjustetaan hein\u00e4kuussa Turkissa pidett\u00e4v\u00e4\u00e4 Naton huippukokousta. Keskustelujen aiheina ovat&hellip;\n","protected":false},"author":2,"featured_media":254682,"comment_status":"","ping_status":"","sticky":false,"template":"","format":"standard","meta":{"footnotes":"","_share_on_mastodon":"0"},"categories":[14],"tags":[22,23,26,27,33,31,30,17,35242,24,25,28,29,2579,15,18,21,142,637,2535,32,19,20,2534,56,4385,16,59,60,61],"class_list":["post-254681","post","type-post","status-publish","format-standard","has-post-thumbnail","category-ulkomaat","tag-breaking-news","tag-breakingnews","tag-featured-news","tag-featurednews","tag-fi","tag-finland","tag-finnish","tag-headlines","tag-helsingborg","tag-latest-news","tag-latestnews","tag-main-news","tag-mainnews","tag-nato","tag-news","tag-otsikot","tag-paauutiset","tag-poliitikot","tag-politiikka","tag-puolustuspolitiikka","tag-suomi","tag-top-stories","tag-topstories","tag-turvallisuuspolitiikka","tag-ulkomaat","tag-ulkopolitiikka-ja-kansainvalinen-politiikka","tag-uutiset","tag-world","tag-world-news","tag-worldnews"],"share_on_mastodon":{"url":"https:\/\/pubeurope.com\/@fi\/116615912039922498","error":""},"_links":{"self":[{"href":"https:\/\/www.europesays.com\/fi\/wp-json\/wp\/v2\/posts\/254681","targetHints":{"allow":["GET"]}}],"collection":[{"href":"https:\/\/www.europesays.com\/fi\/wp-json\/wp\/v2\/posts"}],"about":[{"href":"https:\/\/www.europesays.com\/fi\/wp-json\/wp\/v2\/types\/post"}],"author":[{"embeddable":true,"href":"https:\/\/www.europesays.com\/fi\/wp-json\/wp\/v2\/users\/2"}],"replies":[{"embeddable":true,"href":"https:\/\/www.europesays.com\/fi\/wp-json\/wp\/v2\/comments?post=254681"}],"version-history":[{"count":0,"href":"https:\/\/www.europesays.com\/fi\/wp-json\/wp\/v2\/posts\/254681\/revisions"}],"wp:featuredmedia":[{"embeddable":true,"href":"https:\/\/www.europesays.com\/fi\/wp-json\/wp\/v2\/media\/254682"}],"wp:attachment":[{"href":"https:\/\/www.europesays.com\/fi\/wp-json\/wp\/v2\/media?parent=254681"}],"wp:term":[{"taxonomy":"category","embeddable":true,"href":"https:\/\/www.europesays.com\/fi\/wp-json\/wp\/v2\/categories?post=254681"},{"taxonomy":"post_tag","embeddable":true,"href":"https:\/\/www.europesays.com\/fi\/wp-json\/wp\/v2\/tags?post=254681"}],"curies":[{"name":"wp","href":"https:\/\/api.w.org\/{rel}","templated":true}]}}