{"id":254734,"date":"2026-05-22T04:18:11","date_gmt":"2026-05-22T04:18:11","guid":{"rendered":"https:\/\/www.europesays.com\/fi\/254734\/"},"modified":"2026-05-22T04:18:11","modified_gmt":"2026-05-22T04:18:11","slug":"kohuottelija-stagala-viihtyi-ja-viihdytti-naisia-baarissa-salakuvat","status":"publish","type":"post","link":"https:\/\/www.europesays.com\/fi\/254734\/","title":{"rendered":"Kohuottelija Stagala viihtyi ja viihdytti naisia baarissa \u2013 salakuvat!"},"content":{"rendered":"<p>            Miikka Kaskinen, lukijan kuvat\n        <\/p>\n<p class=\"subtitle \">Lukija mukaan Stagalalla riitti juttua sek\u00e4 my\u00f6s naisia ymp\u00e4rill\u00e4 herran ihka omilla jatkoilla salapoliisibaarissa.<\/p>\n<p class=\"article-content article-content-width !bg-background\">\u201d\u201d eli  tuli julkisuuteen r\u00e4\u00e4v\u00e4suuna, jonka katsottiin v\u00e4h\u00e4telleen naisia sek\u00e4 raiskauksia.<\/p>\n<p class=\"font-weight-bold m-font-weight-bold article-content article-content-width !bg-background\">Video: Stagala kertoo vauhdikkaasta vuodestaan.<\/p>\n<p class=\"article-content article-content-width !bg-background\">Viime vuoden toukokuussa  eli \u201d\u201d piti antaa Stagalalle selk\u00e4sauna Ice Cage 4 -kamppailutapahtumassa, mutta toisin k\u00e4vi.<\/p>\n<p class=\"article-content article-content-width !bg-background\">Viime vuoden syksyn\u00e4 Stagala voitti \u201d\u201d tunnetun somepersoona .<\/p>\n<p class=\"article-content article-content-width !bg-background\">Kolmannella kerralla h\u00e4n p\u00e4\u00e4si ottelemaan jo itse  vastaan nyrkkeilyss\u00e4 ja kesti kaikki kuusi er\u00e4\u00e4, vaikka ottelun melko selv\u00e4sti h\u00e4visikin.<\/p>\n<p>        <a itemprop=\"url\" href=\"https:\/\/www.seiska.fi\/kotimaa\/makwan-amirkhani-ilouutinen\/2154379\" rel=\"nofollow noopener\" target=\"_blank\"><\/p>\n<p>\nMakwan Amirkhani:\n<\/p>\n<p class=\"section-date\">\n        <strong class=\"article-section\" data-section=\"kotimaa\"><br \/>\n            kotimaa<br \/>\n        <\/strong><br \/>\n        17.5. 12:30\n    <\/p>\n<p>Makwan Amirkhani: Ilouutinen!\n    <\/p>\n<p itemprop=\"description\" class=\"subtitle \">\n    Makwan paljasti suuren uutisen.\n<\/p>\n<p>        <\/a><\/p>\n<p>                <img decoding=\"async\" src=\"https:\/\/www.europesays.com\/fi\/wp-content\/uploads\/2026\/05\/2156057.webp\" width=\"576\" height=\"322\" alt=\"Stagala h\u00e4visi ottelunsa, mutta h\u00e4vet\u00e4 h\u00e4nen ei tarvinnut.\" loading=\"lazy\" \/>            <\/p>\n<p>\n            Stagala h\u00e4visi ottelunsa, mutta h\u00e4vet\u00e4 h\u00e4nen ei tarvinnut.<br \/>\n            AOP\n        <\/p>\n<p>Dekkari numero uno<\/p>\n<p class=\"article-content article-content-width !bg-background\">Lontoossa Baker Streetill\u00e4 sijaitsee Sherlock Holmes -museo  luoman dekkarihahmon mukaan.<\/p>\n<p class=\"article-content article-content-width !bg-background\">Tampereella H\u00e4meenkadulla taas sijaitsee Sherlock Holmes -baari.<\/p>\n<p class=\"article-content article-content-width !bg-background\">Ja juuri tuohon Sherlock Holmes -baariin Stagala l\u00e4hti t\u00e4yden Nokia Areenan j\u00e4lkeen itse j\u00e4rjest\u00e4milleen jatkoille.<\/p>\n<p class=\"article-content article-content-width !bg-background\">Paikalle osui my\u00f6s Seiskan lukija, mutta ei t\u00e4ysin sattumalta.<\/p>\n<p class=\"article-content article-content-width !bg-background\">\u2013 Olimme hotellissa viett\u00e4m\u00e4ss\u00e4 Ice Cagen j\u00e4lkeen hieman iltaa, ja er\u00e4s kaveri halusi sitten k\u00e4yd\u00e4 Stagalan jatkoilla.<\/p>\n<p>        <a itemprop=\"url\" href=\"https:\/\/www.seiska.fi\/urheilu\/makwan-amirkhani-kommentoi-tulevaa-oikeudenkayntiaan\/2148628\" rel=\"nofollow noopener\" target=\"_blank\"><\/p>\n<p>\nMira Luoti -tapaus\n<\/p>\n<p class=\"section-date\">\n        <strong class=\"article-section\" data-section=\"urheilu\"><br \/>\n            urheilu<br \/>\n        <\/strong><br \/>\n        12.5. 18:00\n    <\/p>\n<p>Makwan Amirkhani kommentoi tulevaa oikeudenk\u00e4ynti\u00e4\u00e4n\n    <\/p>\n<p itemprop=\"description\" class=\"subtitle \">\n    Makwan Amirkhania syytet\u00e4\u00e4n pakottamisesta seksuaaliseen tekoon.\n<\/p>\n<p>        <\/a><\/p>\n<p>                <img decoding=\"async\" src=\"https:\/\/www.europesays.com\/fi\/wp-content\/uploads\/2026\/05\/2156081.webp\" width=\"576\" height=\"740\" alt=\"Stagala oli omilla jatkoillaan riemumielin.\" loading=\"lazy\" \/>            <\/p>\n<p>\n            Stagala oli omilla jatkoillaan riemumielin.<br \/>\n            Lukijan kuva\n        <\/p>\n<p>&#8221;Tulikohan kuninkaalle pupu p\u00f6ksyyn?&#8221;<\/p>\n<p class=\"article-content article-content-width !bg-background\">Salapoliisibaarissa lukija luonnollisesti n\u00e4ki illan is\u00e4nn\u00e4n.<\/p>\n<p class=\"article-content article-content-width !bg-background\">\u2013 Tappio Makulle ei tuntunut Stagalaa painavan.<\/p>\n<p class=\"article-content article-content-width !bg-background\">\u2013 H\u00e4n jutteli vapautuneesti baaritiskill\u00e4 ja muutoinkin ihmisten kanssa.<\/p>\n<p class=\"article-content article-content-width !bg-background\">Karaokelistallakin komeili lukijan mukaan jonkin aikaa Stagalan nimi yhten\u00e4 seuraavista laulajista, mutta miest\u00e4 ei kuitenkaan lopulta mikrofonin varressa n\u00e4kynyt.<\/p>\n<p class=\"article-content article-content-width !bg-background\">\u2013 Tulikohan kuninkaalle pupu p\u00f6ksyyn\u2026<\/p>\n<p>        <a itemprop=\"url\" href=\"https:\/\/www.seiska.fi\/urheilu\/makwan-amirkhani-ja-stagala-sanasodassa-paljon-luurankoja-kaapissa\/2139579\" rel=\"nofollow noopener\" target=\"_blank\"><\/p>\n<p>\nMaku &amp; Stagala sanasodassa\n<\/p>\n<p class=\"section-date\">\n        <strong class=\"article-section\" data-section=\"urheilu\"><br \/>\n            urheilu<br \/>\n        <\/strong><br \/>\n        3.5. 14:00\n    <\/p>\n<p>Makwan Amirkhani ja Stagala sanasodassa: &#8221;Paljon luurankoja kaapissa&#8221;\n    <\/p>\n<p itemprop=\"description\" class=\"subtitle \">\n    Molemmilla herroilla on my\u00f6s taustallaan ik\u00e4vi\u00e4 asioita: Stagalan puheita on syytetty naisvihamielisiksi ja raiskauksen uhreja syyllist\u00e4viksi, Maku taas joutuu syksyll\u00e4 oikeuteen, sill\u00e4 h\u00e4nt\u00e4 syytet\u00e4\u00e4n pakottamisesta seksuaaliseen tekoon.\n<\/p>\n<p>        <\/a><\/p>\n<p>                <img decoding=\"async\" src=\"https:\/\/www.europesays.com\/fi\/wp-content\/uploads\/2026\/05\/2156087.webp\" width=\"576\" height=\"639\" alt=\"Juttua riitti \u2013 kuten naisiakin ymp\u00e4rill\u00e4.\" loading=\"lazy\" \/>            <\/p>\n<p>\n            Juttua riitti \u2013 kuten naisiakin ymp\u00e4rill\u00e4.<br \/>\n            Lukijan kuva\n        <\/p>\n<p>&#8221;Neitokaisia riitti&#8221;<\/p>\n<p class=\"article-content article-content-width !bg-background\">Sen sijaan naisseurasta ei Stagalalla ollut lukijan mukaan pulaa.<\/p>\n<p class=\"article-content article-content-width !bg-background\">\u2013 Neitokaisia riitti, ja Stagala sukkuloikin edestakaisin jatkuvasti baarissa.<\/p>\n<p class=\"article-content article-content-width !bg-background\">Lukija kertoo itsekin heitt\u00e4neens\u00e4 yl\u00e4vitoset Stagalan kanssa illan aikana.<\/p>\n<p class=\"article-content article-content-width !bg-background\">Ice Cage saa my\u00f6s lukijalta kiitosta.<\/p>\n<p class=\"article-content article-content-width !bg-background\">\u2013 Komea tunnelma t\u00e4p\u00f6t\u00e4ydell\u00e4 areenalla, joka sopi hyvin my\u00f6s t\u00e4llaisen lajin n\u00e4ytt\u00e4m\u00f6ksi.<\/p>\n<p class=\"article-content article-content-width !bg-background\">\u2013 Kansainv\u00e4linen meininki ja kovia matseja!<\/p>\n<p>        <a itemprop=\"url\" href=\"https:\/\/www.seiska.fi\/rikos\/stt-makwan-amirkhanille-syyte-seksuaalirikoksesta-nain-makwan-kommentoi\/2136564\" rel=\"nofollow noopener\" target=\"_blank\"><\/p>\n<p>\nSTT: Makwan Amirkhanille syyte seksuaalirikoksesta\n<\/p>\n<p class=\"section-date\">\n        <strong class=\"article-section\" data-section=\"rikos\"><br \/>\n            rikos<br \/>\n        <\/strong><br \/>\n        24.4. 16:48\n    <\/p>\n<p>STT: Makwan Amirkhanille syyte seksuaalirikoksesta \u2013 n\u00e4in Makwan kommentoi\n    <\/p>\n<p itemprop=\"description\" class=\"subtitle \">\n    Makwan Amirkhani on saanut syytteen seksuaalirikoksesta. H\u00e4n kommentoi asiaa Instagram-tilill\u00e4\u00e4n.\n<\/p>\n<p>        <\/a><\/p>\n<p>                <img decoding=\"async\" src=\"https:\/\/www.europesays.com\/fi\/wp-content\/uploads\/2026\/05\/2156071.webp\" width=\"576\" height=\"639\" alt=\"Tarina ei kerro, l\u00f6ysik\u00f6 kruunup\u00e4\u00e4 prinsessan luokseen.\" loading=\"lazy\" \/>            <\/p>\n<p>\n            Tarina ei kerro, l\u00f6ysik\u00f6 kruunup\u00e4\u00e4 prinsessan luokseen.<br \/>\n            Lukijan kuva\n        <\/p>\n","protected":false},"excerpt":{"rendered":"Miikka Kaskinen, lukijan kuvat Lukija mukaan Stagalalla riitti juttua sek\u00e4 my\u00f6s naisia ymp\u00e4rill\u00e4 herran ihka omilla jatkoilla salapoliisibaarissa.&hellip;\n","protected":false},"author":2,"featured_media":254735,"comment_status":"","ping_status":"","sticky":false,"template":"","format":"standard","meta":{"footnotes":"","_share_on_mastodon":"0"},"categories":[130],"tags":[35250,137,33,31,30,5228,4478,1770,6249,35249,5230,32,109],"class_list":["post-254734","post","type-post","status-publish","format-standard","has-post-thumbnail","category-viihde","tag-alexander-krigsman","tag-entertainment","tag-fi","tag-finland","tag-finnish","tag-ice-cage","tag-kaak","tag-ruoka_ja_juoma","tag-salakuva","tag-sherlock-holmes-baari","tag-stagala","tag-suomi","tag-viihde"],"share_on_mastodon":{"url":"https:\/\/pubeurope.com\/@fi\/116616305503472807","error":""},"_links":{"self":[{"href":"https:\/\/www.europesays.com\/fi\/wp-json\/wp\/v2\/posts\/254734","targetHints":{"allow":["GET"]}}],"collection":[{"href":"https:\/\/www.europesays.com\/fi\/wp-json\/wp\/v2\/posts"}],"about":[{"href":"https:\/\/www.europesays.com\/fi\/wp-json\/wp\/v2\/types\/post"}],"author":[{"embeddable":true,"href":"https:\/\/www.europesays.com\/fi\/wp-json\/wp\/v2\/users\/2"}],"replies":[{"embeddable":true,"href":"https:\/\/www.europesays.com\/fi\/wp-json\/wp\/v2\/comments?post=254734"}],"version-history":[{"count":0,"href":"https:\/\/www.europesays.com\/fi\/wp-json\/wp\/v2\/posts\/254734\/revisions"}],"wp:featuredmedia":[{"embeddable":true,"href":"https:\/\/www.europesays.com\/fi\/wp-json\/wp\/v2\/media\/254735"}],"wp:attachment":[{"href":"https:\/\/www.europesays.com\/fi\/wp-json\/wp\/v2\/media?parent=254734"}],"wp:term":[{"taxonomy":"category","embeddable":true,"href":"https:\/\/www.europesays.com\/fi\/wp-json\/wp\/v2\/categories?post=254734"},{"taxonomy":"post_tag","embeddable":true,"href":"https:\/\/www.europesays.com\/fi\/wp-json\/wp\/v2\/tags?post=254734"}],"curies":[{"name":"wp","href":"https:\/\/api.w.org\/{rel}","templated":true}]}}