{"id":25493,"date":"2025-09-04T13:48:07","date_gmt":"2025-09-04T13:48:07","guid":{"rendered":"https:\/\/www.europesays.com\/fi\/25493\/"},"modified":"2025-09-04T13:48:07","modified_gmt":"2025-09-04T13:48:07","slug":"nama-ruoat-eivat-ole-sita-mita-etiketissa-lukee-iltalehti","status":"publish","type":"post","link":"https:\/\/www.europesays.com\/fi\/25493\/","title":{"rendered":"N\u00e4m\u00e4 ruoat eiv\u00e4t ole sit\u00e4, mit\u00e4 etiketiss\u00e4 lukee &#8211; Iltalehti"},"content":{"rendered":"<ol>\n<li><a href=\"https:\/\/news.google.com\/rss\/articles\/CBMie0FVX3lxTE04Y3JDbm4yRktpUkNfS2h6bU1tVnBNanQ0TnAwNTBoa2pRSlY2eUN5cC1UaUJGbFBiR3V3Nm1jZ2g5Qndpd0VHWE8wLXI1Si1GdmpyWHRZQjBzampKMGRTUzdPQTRpWEQyZHF2OXRlUTVYWkNrZzhDcjJBaw?oc=5\" target=\"_blank\" rel=\"nofollow noopener\">N\u00e4m\u00e4 ruoat eiv\u00e4t ole sit\u00e4, mit\u00e4 etiketiss\u00e4 lukee<\/a>&nbsp;&nbsp;Iltalehti<\/li>\n<li><a href=\"https:\/\/news.google.com\/rss\/articles\/CBMiQkFVX3lxTFBaSUY0dzZIWkJ1dVBzUUpjanBVa3JQRkswZVJ5VV9lb2trLW1oSko5Z3kyeGlfdW1VNHNDUm40LU1sUQ?oc=5\" target=\"_blank\" rel=\"nofollow noopener\">Takaisinveto: Lidlin pakasteaterioissa v\u00e4\u00e4r\u00e4t aineososamerkinn\u00e4t<\/a>&nbsp;&nbsp;Yle<\/li>\n<li><a href=\"https:\/\/news.google.com\/rss\/articles\/CBMiSEFVX3lxTFBROUZSVjNUaFBWYUxmbFZyM3RwaGI1TFFnWHhid2REV25SUHlnWXk3Ql9FVHhlaGE4UnE2RnpxdHRwd3FyMTh0Zg?oc=5\" target=\"_blank\" rel=\"nofollow noopener\">Lidl vet\u00e4\u00e4 myynnist\u00e4 pakasteaterioita pakkausmerkint\u00e4virheiden vuoksi<\/a>&nbsp;&nbsp;ts.fi<\/li>\n<li><a href=\"https:\/\/news.google.com\/rss\/articles\/CBMiTEFVX3lxTE9rUlhPd1JrRUdGdzdZUENScUo4bTdTRmFBTjlFSVQza3hxTXVOZzg1T1dPaWl5cjk1WFA5SlozTnNTeEYtVjlaTjVsd2I?oc=5\" target=\"_blank\" rel=\"nofollow noopener\">Ostitko Lidlin teemaviikoilta n\u00e4it\u00e4 tuotteita? Er\u00e4 pakasteaterioita vedet\u00e4\u00e4n myynnist\u00e4 allergiariskin takia<\/a>&nbsp;&nbsp;Voice.fi<\/li>\n<li><a href=\"https:\/\/news.google.com\/rss\/articles\/CBMirAFBVV95cUxOb0ltYzRGYWVxbXdZc3lCY21URG1JMkw0djhtMXNDQlNfS0pZbTFHbWl4OGJTekhKbElaekhrZXYwN051N2lscGVMQ1FxVkhnUmI0MEVubklWU1FVcm0wOFpMajBqYkJUTm1qZHpDU2hNck9kcTJwTEhZTEFEQ1RWZ01qcHd1TzlnTzRSbmVVbnBLbGN2U0VJbFkxMHNDYkJuZHd2bXNTR21rZTJX?oc=5\" target=\"_blank\" rel=\"nofollow noopener\">Lidl vet\u00e4\u00e4 takaisin pakasteaterioita vaihtuneiden pakkausmerkint\u00f6jen takia<\/a>&nbsp;&nbsp;Suomenmaa.fi<\/li>\n<\/ol>\n","protected":false},"excerpt":{"rendered":"N\u00e4m\u00e4 ruoat eiv\u00e4t ole sit\u00e4, mit\u00e4 etiketiss\u00e4 lukee&nbsp;&nbsp;Iltalehti Takaisinveto: Lidlin pakasteaterioissa v\u00e4\u00e4r\u00e4t aineososamerkinn\u00e4t&nbsp;&nbsp;Yle Lidl vet\u00e4\u00e4 myynnist\u00e4 pakasteaterioita pakkausmerkint\u00e4virheiden&hellip;\n","protected":false},"author":2,"featured_media":25494,"comment_status":"","ping_status":"","sticky":false,"template":"","format":"standard","meta":{"footnotes":""},"categories":[5],"tags":[35,22,23,2199,26,27,33,31,30,17,898,24,25,28,29,15,18,21,2198,900,2331,32,19,20,16],"class_list":{"0":"post-25493","1":"post","2":"type-post","3":"status-publish","4":"format-standard","5":"has-post-thumbnail","7":"category-otsikot","8":"tag-24h","9":"tag-breaking-news","10":"tag-breakingnews","11":"tag-elintarvikekauppa-ja-supermarketit","12":"tag-featured-news","13":"tag-featurednews","14":"tag-fi","15":"tag-finland","16":"tag-finnish","17":"tag-headlines","18":"tag-kulutustavarat","19":"tag-latest-news","20":"tag-latestnews","21":"tag-main-news","22":"tag-mainnews","23":"tag-news","24":"tag-otsikot","25":"tag-paauutiset","26":"tag-paivittaistavarat-sektori","27":"tag-ruoka","28":"tag-ruoka-ja-juoma","29":"tag-suomi","30":"tag-top-stories","31":"tag-topstories","32":"tag-uutiset"},"share_on_mastodon":{"url":"","error":""},"_links":{"self":[{"href":"https:\/\/www.europesays.com\/fi\/wp-json\/wp\/v2\/posts\/25493","targetHints":{"allow":["GET"]}}],"collection":[{"href":"https:\/\/www.europesays.com\/fi\/wp-json\/wp\/v2\/posts"}],"about":[{"href":"https:\/\/www.europesays.com\/fi\/wp-json\/wp\/v2\/types\/post"}],"author":[{"embeddable":true,"href":"https:\/\/www.europesays.com\/fi\/wp-json\/wp\/v2\/users\/2"}],"replies":[{"embeddable":true,"href":"https:\/\/www.europesays.com\/fi\/wp-json\/wp\/v2\/comments?post=25493"}],"version-history":[{"count":0,"href":"https:\/\/www.europesays.com\/fi\/wp-json\/wp\/v2\/posts\/25493\/revisions"}],"wp:featuredmedia":[{"embeddable":true,"href":"https:\/\/www.europesays.com\/fi\/wp-json\/wp\/v2\/media\/25494"}],"wp:attachment":[{"href":"https:\/\/www.europesays.com\/fi\/wp-json\/wp\/v2\/media?parent=25493"}],"wp:term":[{"taxonomy":"category","embeddable":true,"href":"https:\/\/www.europesays.com\/fi\/wp-json\/wp\/v2\/categories?post=25493"},{"taxonomy":"post_tag","embeddable":true,"href":"https:\/\/www.europesays.com\/fi\/wp-json\/wp\/v2\/tags?post=25493"}],"curies":[{"name":"wp","href":"https:\/\/api.w.org\/{rel}","templated":true}]}}