{"id":25497,"date":"2025-09-04T14:00:10","date_gmt":"2025-09-04T14:00:10","guid":{"rendered":"https:\/\/www.europesays.com\/fi\/25497\/"},"modified":"2025-09-04T14:00:10","modified_gmt":"2025-09-04T14:00:10","slug":"latkatahti-bongattiin-erikoisessa-vaatetuksessa-ostamassa-tarjouskahvia-salakuvat","status":"publish","type":"post","link":"https:\/\/www.europesays.com\/fi\/25497\/","title":{"rendered":"L\u00e4tk\u00e4t\u00e4hti bongattiin erikoisessa vaatetuksessa ostamassa tarjouskahvia \u2013 salakuvat"},"content":{"rendered":"<p>            AOP, lukijan kuva\n        <\/p>\n<p class=\"subtitle \">Juhamatti Aaltonen osoittautui herrasmieheksi ohjeistaessaan ruokakaupan kassajonossa eksyksiss\u00e4 olevaa mummua.<\/p>\n<p class=\"article-content article-content-width !bg-background\">J\u00e4\u00e4kiekkoilija  lopetti menestyksekk\u00e4\u00e4n ja v\u00e4rikk\u00e4\u00e4n pelaajauransa Mestiksen mestaruuteen Jokerien paidassa viime kev\u00e4\u00e4n\u00e4.<\/p>\n<p class=\"article-content article-content-width !bg-background\">\u201dIin taikuri\u201d tunnettiin todellisena kyn\u00e4miehen\u00e4 ja virtuoosina.<\/p>\n<p class=\"article-content article-content-width !bg-background\">Ammattilaisuransa Oulun K\u00e4rpiss\u00e4 aloittanut Juhamatti oli melkoinen kiekkokiertolainen, sill\u00e4 h\u00e4n edusti urallaan nelj\u00e4\u00e4 eri liigajoukkuetta.\u00a0<\/p>\n<p>        <a itemprop=\"url\" href=\"https:\/\/www.seiska.fi\/vain-seiskassa\/nhl-miljonaari-turkulaisessa-baarissa-blondi-kourassa-salakuvat\/1916488\" rel=\"nofollow noopener\" target=\"_blank\"><\/p>\n<p>\nSalakuvat NHL-miljon\u00e4\u00e4rist\u00e4\n<\/p>\n<p class=\"section-date\">\n        <strong class=\"article-section\" data-section=\"vain seiskassa\"><br \/>\n            vain seiskassa<br \/>\n        <\/strong><br \/>\n        2.9. 05:00\n    <\/p>\n<p>    NHL-miljon\u00e4\u00e4ri turkulaisessa baarissa blondi kourassa \u2013 salakuvat!<\/p>\n<p itemprop=\"description\" class=\"subtitle \">\n    Kaapolla ei todellakaan ollut p\u00e4\u00e4ll\u00e4 Giorgio Armanin tai edes Arman Alizadin tekem\u00e4\u00e4 mittatilauspukua.\n<\/p>\n<p>        <\/a><\/p>\n<p class=\"article-content article-content-width !bg-background\">T\u00e4m\u00e4n lis\u00e4ksi nyt 40-vuotias Juhamatti edusti KHL-Jokereita sek\u00e4 pelasi my\u00f6s Ruotsissa, Ven\u00e4j\u00e4ll\u00e4, Sveitsiss\u00e4, T\u0161ekiss\u00e4 ja Tanskassa.<\/p>\n<p>                <img decoding=\"async\" src=\"https:\/\/www.europesays.com\/fi\/wp-content\/uploads\/2025\/09\/1919508.webp\" width=\"576\" height=\"322\" alt=\"Pitk\u00e4n uransa aikana Juhamatti Aaltonen edusti Lahden Pelicansia per\u00e4ti kolmeen eri otteeseen.\" loading=\"lazy\" \/>            <\/p>\n<p>\n            Pitk\u00e4n uransa aikana Juhamatti Aaltonen edusti Lahden Pelicansia per\u00e4ti kolmeen eri otteeseen.<br \/>\n            AOP\n        <\/p>\n<p>&#8221;Sinkoili sinne ja t\u00e4nne&#8221;<\/p>\n<p class=\"article-content article-content-width !bg-background\">Seiskan valpas lukija bongasi Juhamatin maanantaina iltap\u00e4iv\u00e4ll\u00e4 Espoon Matinkyl\u00e4ss\u00e4 sijaitsevassa kauppakeskus Isossa Omenassa.<\/p>\n<p class=\"article-content article-content-width !bg-background\">Tarkemmin ottaen mies oli ostoksilla Prismassa.<\/p>\n<p class=\"article-content article-content-width !bg-background\">\u2013 Juhamatti sinkoili sinne ja t\u00e4nne pitkin kauppaa, eik\u00e4 h\u00e4n todellakaan edennyt kovin j\u00e4rjestelm\u00e4llisesti.<\/p>\n<p>        <a itemprop=\"url\" href=\"https:\/\/www.seiska.fi\/urheilu\/valtteri-filppula-tyottomana-ei-ole-mitaan-hommaa\/1888186\" rel=\"nofollow noopener\" target=\"_blank\"><\/p>\n<p>\nValtteri Filppula ty\u00f6tt\u00f6m\u00e4n\u00e4\n<\/p>\n<p class=\"section-date\">\n        <strong class=\"article-section\" data-section=\"urheilu\"><br \/>\n            urheilu<br \/>\n        <\/strong><br \/>\n        4.8. 15:05\n    <\/p>\n<p>    Valtteri Filppula ty\u00f6tt\u00f6m\u00e4n\u00e4: &#8221;Ei ole mit\u00e4\u00e4n hommaa&#8221;<\/p>\n<p itemprop=\"description\" class=\"subtitle \">\n    Valtterin palkintokaapista l\u00f6ytyy mitaleita joka l\u00e4ht\u00f6\u00f6n.\n<\/p>\n<p>        <\/a><\/p>\n<p class=\"article-content article-content-width !bg-background\">My\u00f6s vaatetus her\u00e4tti huomiota, sill\u00e4 1. syyskuuta oli viile\u00e4\u00e4 ja pilvist\u00e4.<\/p>\n<p class=\"article-content article-content-width !bg-background\">\u2013 Juhamatti oli sandaaleissa ja T-paidassa.<\/p>\n<p>                <img decoding=\"async\" src=\"https:\/\/www.europesays.com\/fi\/wp-content\/uploads\/2025\/09\/1919506.webp\" width=\"576\" height=\"639\" alt=\"Kiekkosankarin vaatetus oli melko v\u00e4h\u00e4inen syksyiseen s\u00e4\u00e4h\u00e4n.\" loading=\"lazy\" \/>            <\/p>\n<p>\n            Kiekkosankarin vaatetus oli melko v\u00e4h\u00e4inen syksyiseen s\u00e4\u00e4h\u00e4n.<br \/>\n            Lukijan kuva\n        <\/p>\n<p>Asuu kauppakeskuksen yhteydess\u00e4?<\/p>\n<p class=\"article-content article-content-width !bg-background\">Kyseinen lukija on n\u00e4hnyt Juhamatin useasti samaisessa kauppakeskuksessa.<\/p>\n<p class=\"article-content article-content-width !bg-background\">\u2013 Voihan olla, ett\u00e4 h\u00e4n asuu Ison Omenan yhteydess\u00e4 olevissa taloissa ja sen vuoksi voi olla v\u00e4hiss\u00e4 vaatteissa asioimassa.<\/p>\n<p>        <a itemprop=\"url\" href=\"https:\/\/www.seiska.fi\/urheilu\/turkulainen-ex-kiekkotahti-paraytti-yltioromanttisesti-kihloihin-taustalla-erikoinen-soppa\/1564124\" rel=\"nofollow noopener\" target=\"_blank\"><\/p>\n<p class=\"section-date\">\n        <strong class=\"article-section\" data-section=\"urheilu\"><br \/>\n            urheilu<br \/>\n        <\/strong><br \/>\n        27.12.2024 08:50\n    <\/p>\n<p>    Turkulainen ex-kiekkot\u00e4hti p\u00e4r\u00e4ytti ylti\u00f6romanttisesti kihloihin \u2013 taustalla erikoinen soppa<\/p>\n<p itemprop=\"description\" class=\"subtitle \">\n    Turkulainen Jani Hurme k\u00e4vi aikanaan piipahtamassa my\u00f6s NHL:ss\u00e4.\n<\/p>\n<p>        <\/a><\/p>\n<p class=\"article-content article-content-width !bg-background\">Lukija t\u00f6rm\u00e4si kaupassa Juhamattiin nelj\u00e4\u00e4n eri otteeseen.<\/p>\n<p class=\"article-content article-content-width !bg-background\">\u2013 Lopuksi jonotimme samassa kassajonossa, ja ty\u00f6ntekij\u00f6iden v\u00e4hyyden vuoksi aikaa kului.<\/p>\n<p>                <img decoding=\"async\" src=\"https:\/\/www.europesays.com\/fi\/wp-content\/uploads\/2025\/09\/1919503.webp\" width=\"576\" height=\"720\" alt=\"Alkavalla liigakaudella Juhamatti Aaltonen n\u00e4hd\u00e4\u00e4n yhten\u00e4 asiantuntijana.\" loading=\"lazy\" \/>            <\/p>\n<p>\n            Alkavalla liigakaudella Juhamatti Aaltonen n\u00e4hd\u00e4\u00e4n yhten\u00e4 asiantuntijana.<br \/>\n            Timo Korhonen\n        <\/p>\n<p>Sipulia ja kermaa<\/p>\n<p class=\"article-content article-content-width !bg-background\">Lukija ehti tehd\u00e4 havaintoja Juhamatin ostoksista.<\/p>\n<p class=\"article-content article-content-width !bg-background\">\u2013 H\u00e4nell\u00e4 oli tarjouskahvia, sipuleita, leivinpaperia, vessapaperia sek\u00e4 kermaa ja makaroneja.<\/p>\n<p>        <a itemprop=\"url\" href=\"https:\/\/www.seiska.fi\/urheilu\/nhl-pelaaja-valtteri-puustiselta-koskettava-avautuminen-rakkaastaan\/1888371\" rel=\"nofollow noopener\" target=\"_blank\"><\/p>\n<p>\nNHL-pelaaja Valtteri Puustinen\n<\/p>\n<p class=\"section-date\">\n        <strong class=\"article-section\" data-section=\"urheilu\"><br \/>\n            urheilu<br \/>\n        <\/strong><br \/>\n        7.8. 13:00\n    <\/p>\n<p>    NHL-pelaaja Valtteri Puustiselta koskettava avautuminen rakkaastaan<\/p>\n<p itemprop=\"description\" class=\"subtitle \">\n    NHL-pelaajien vaimojen ja tytt\u00f6yst\u00e4vien kuvitellaan automaattisesti el\u00e4v\u00e4n helppoa ja ylt\u00e4kyll\u00e4ist\u00e4 pintaliitoel\u00e4m\u00e4\u00e4.\n<\/p>\n<p>        <\/a><\/p>\n<p class=\"article-content article-content-width !bg-background\">\u2013 Mahtoiko mies tehd\u00e4 kotiin p\u00e4\u00e4sty\u00e4\u00e4n itselleen maukkaan sipulikeiton?<\/p>\n<p class=\"article-content article-content-width !bg-background\">Korin alimmaisena oli sek\u00e4 ymm\u00e4rrett\u00e4v\u00e4 ett\u00e4 samalla my\u00f6s huvittava ostos.<\/p>\n<p class=\"article-content article-content-width !bg-background\">\u2013 Siell\u00e4 oli er\u00e4\u00e4n mediatalon j\u00e4\u00e4kiekkoliite!<\/p>\n<p>                <img decoding=\"async\" src=\"https:\/\/www.europesays.com\/fi\/wp-content\/uploads\/2025\/09\/1919501.webp\" width=\"576\" height=\"639\" alt=\"Juhamatti vaikuttin lukijan mukaan olevan hieman eksyksiss\u00e4 sinkoillessaan sinne ja t\u00e4nne.\" loading=\"lazy\" \/>            <\/p>\n<p>\n            Juhamatti vaikuttin lukijan mukaan olevan hieman eksyksiss\u00e4 sinkoillessaan sinne ja t\u00e4nne.<br \/>\n            Lukijan kuva\n        <\/p>\n<p>Herrasmies<\/p>\n<p class=\"article-content article-content-width !bg-background\">Liigan oikeudet omistava MTV kertoi viime viikolla, ett\u00e4 Juhamatti liittyy kanavan kiekkoasiantuntijaksi.<\/p>\n<p class=\"article-content article-content-width !bg-background\">\u2013 Mahtoikohan Juhamatti lukea muiden asiantuntijoiden mietteit\u00e4, jotta tiet\u00e4\u00e4 itse, mist\u00e4 studiossa puhua, lukija hym\u00e4ht\u00e4\u00e4 hyv\u00e4ntuulisesti.<\/p>\n<p>        <a itemprop=\"url\" href=\"https:\/\/www.seiska.fi\/urheilu\/janne-porkka-lataa-suoran-mielipiteensa-mikko-koivusta\/1880519\" rel=\"nofollow noopener\" target=\"_blank\"><\/p>\n<p>\nJanne Porkka\n<\/p>\n<p class=\"section-date\">\n        <strong class=\"article-section\" data-section=\"urheilu\"><br \/>\n            urheilu<br \/>\n        <\/strong><br \/>\n        27.7. 15:30\n    <\/p>\n<p>    Janne Porkka lataa suoran mielipiteens\u00e4 Mikko Koivusta<\/p>\n<p itemprop=\"description\" class=\"subtitle \">\n    Mikko Koivu on legenda sek\u00e4 TPS:ss\u00e4 ett\u00e4 Leijonissa.\n<\/p>\n<p>        <\/a><\/p>\n<p class=\"article-content article-content-width !bg-background\">Lukijan mukaan pitk\u00e4 jono ei Juhamattia haitannut, sill\u00e4 t\u00e4m\u00e4 oli j\u00e4hmettynyt k\u00e4nnykk\u00e4ns\u00e4 \u00e4\u00e4reen suolapatsaaksi.<\/p>\n<p class=\"article-content article-content-width !bg-background\">Mies n\u00e4ytt\u00e4ytyi kuitenkin herrasmiehen\u00e4 er\u00e4\u00e4ss\u00e4 tilanteessa.<\/p>\n<p class=\"article-content article-content-width !bg-background\">\u2013 Jono kiemurteli ja er\u00e4s mummo ei tiennyt, minne menn\u00e4, niin Juhamatti ohjeisti h\u00e4nt\u00e4 yst\u00e4v\u00e4llisesti ja auttavaisesti.<\/p>\n<p>                <img decoding=\"async\" src=\"https:\/\/www.europesays.com\/fi\/wp-content\/uploads\/2025\/09\/1919499.webp\" width=\"576\" height=\"855\" alt=\"Juhamatti osti muun muassa Prismassa tarjouksessa ollutta Reykjavik-kahvia.\" loading=\"lazy\" \/>            <\/p>\n<p>\n            Juhamatti osti muun muassa Prismassa tarjouksessa ollutta Reykjavik-kahvia.<br \/>\n            Lukijan kuva\n        <\/p>\n<p>Nyt puhuu Juhamatti<\/p>\n<p class=\"article-content article-content-width !bg-background\">Seiska tavoitti Juhamatin, joka naurahtaa lukija havainnoille.<\/p>\n<p class=\"article-content article-content-width !bg-background\"> \u2013 En asu Isossa Omenassa.<\/p>\n<p class=\"article-content article-content-width !bg-background\"> \u2013 El\u00e4kkeell\u00e4 on ollut ihan hauskaa, olen nauttinut.<\/p>\n<p class=\"article-content article-content-width !bg-background\">Juhamatti on tunnettu omaleimaisesta tyylist\u00e4\u00e4n, eik\u00e4 ep\u00e4r\u00f6i kertoa, kenest\u00e4 povaa tulevan kauden liigamestaria.<\/p>\n<p class=\"article-content article-content-width !bg-background\"> \u2013 Tappara, paras joukkue ainakin paperilla.<\/p>\n","protected":false},"excerpt":{"rendered":"AOP, lukijan kuva Juhamatti Aaltonen osoittautui herrasmieheksi ohjeistaessaan ruokakaupan kassajonossa eksyksiss\u00e4 olevaa mummua. J\u00e4\u00e4kiekkoilija lopetti menestyksekk\u00e4\u00e4n ja v\u00e4rikk\u00e4\u00e4n&hellip;\n","protected":false},"author":2,"featured_media":25498,"comment_status":"","ping_status":"","sticky":false,"template":"","format":"standard","meta":{"footnotes":""},"categories":[136],"tags":[407,137,400,33,31,30,1143,8152,408,2401,2376,32,1700,109],"class_list":{"0":"post-25497","1":"post","2":"type-post","3":"status-publish","4":"format-standard","5":"has-post-thumbnail","7":"category-julkkikset","8":"tag-celebrities","9":"tag-entertainment","10":"tag-espoo","11":"tag-fi","12":"tag-finland","13":"tag-finnish","14":"tag-jaakiekko","15":"tag-juhamatti-aaltonen","16":"tag-julkkikset","17":"tag-mestis","18":"tag-mtv","19":"tag-suomi","20":"tag-urheilulaji","21":"tag-viihde"},"share_on_mastodon":{"url":"","error":""},"_links":{"self":[{"href":"https:\/\/www.europesays.com\/fi\/wp-json\/wp\/v2\/posts\/25497","targetHints":{"allow":["GET"]}}],"collection":[{"href":"https:\/\/www.europesays.com\/fi\/wp-json\/wp\/v2\/posts"}],"about":[{"href":"https:\/\/www.europesays.com\/fi\/wp-json\/wp\/v2\/types\/post"}],"author":[{"embeddable":true,"href":"https:\/\/www.europesays.com\/fi\/wp-json\/wp\/v2\/users\/2"}],"replies":[{"embeddable":true,"href":"https:\/\/www.europesays.com\/fi\/wp-json\/wp\/v2\/comments?post=25497"}],"version-history":[{"count":0,"href":"https:\/\/www.europesays.com\/fi\/wp-json\/wp\/v2\/posts\/25497\/revisions"}],"wp:featuredmedia":[{"embeddable":true,"href":"https:\/\/www.europesays.com\/fi\/wp-json\/wp\/v2\/media\/25498"}],"wp:attachment":[{"href":"https:\/\/www.europesays.com\/fi\/wp-json\/wp\/v2\/media?parent=25497"}],"wp:term":[{"taxonomy":"category","embeddable":true,"href":"https:\/\/www.europesays.com\/fi\/wp-json\/wp\/v2\/categories?post=25497"},{"taxonomy":"post_tag","embeddable":true,"href":"https:\/\/www.europesays.com\/fi\/wp-json\/wp\/v2\/tags?post=25497"}],"curies":[{"name":"wp","href":"https:\/\/api.w.org\/{rel}","templated":true}]}}