{"id":25502,"date":"2025-09-04T14:08:06","date_gmt":"2025-09-04T14:08:06","guid":{"rendered":"https:\/\/www.europesays.com\/fi\/25502\/"},"modified":"2025-09-04T14:08:06","modified_gmt":"2025-09-04T14:08:06","slug":"esko-eerikaiselta-poikkeuksellinen-ulostulo","status":"publish","type":"post","link":"https:\/\/www.europesays.com\/fi\/25502\/","title":{"rendered":"Esko Eerik\u00e4iselt\u00e4 poikkeuksellinen ulostulo"},"content":{"rendered":"<p>\n            20240515, Helsinki. Salatut el\u00e4m\u00e4t\u00e4 mediap\u00e4iv\u00e4. Kuvassa Esko Eerik\u00e4inen.<br \/>\n            Timo Korhonen\n        <\/p>\n<p class=\"subtitle \">Radiojuontajan tilitys her\u00e4tt\u00e4\u00e4 keskustelua.<\/p>\n<p class=\"article-content article-content-width !bg-background\">Radiojuontaja , 51, julkaisi poikkeuksellisen tunteikkaan ulostulon.<\/p>\n<p class=\"font-weight-bold m-font-weight-bold article-content article-content-width !bg-background\">Katso arkistovideo \u2013 Esko kertoo silm\u00e4luomileikkauksesta:<\/p>\n<p class=\"article-content article-content-width !bg-background\">Vuonna 2011 hyvinvointivalmentaja  eronnut Esko ei ole tuonut avioliittonsa j\u00e4lkeisi\u00e4 parisuhteita julkisuuteen.<\/p>\n<p>&#8221;En vaan pysty&#8230;&#8221;<\/p>\n<p class=\"article-content article-content-width !bg-background\">Aktiivisesti Instagramiaan p\u00e4ivitt\u00e4v\u00e4 Esko on viett\u00e4nyt t\u00f6iden osalta vauhdikasta kes\u00e4\u00e4. Tuoreessa julkaisussaan h\u00e4n kertoo hukuttaneensa itsens\u00e4 kes\u00e4n aikana ty\u00f6kiireisiin \u2013 mutta ei silti valita tilanteestaan. H\u00e4n kertoo samalla pakoilleensa itse\u00e4\u00e4n.<\/p>\n<p>        <a itemprop=\"url\" href=\"https:\/\/www.seiska.fi\/kotimaa\/scandinavian-hunks-tahti-janne-rauhala-on-kuollut\/1912980\" rel=\"nofollow noopener\" target=\"_blank\"><\/p>\n<p>\nSuru-uutinen\n<\/p>\n<p class=\"section-date\">\n        <strong class=\"article-section\" data-section=\"kotimaa\"><br \/>\n            kotimaa<br \/>\n        <\/strong><br \/>\n        28.8. 09:47\n    <\/p>\n<p>    Scandinavian Hunks -t\u00e4hti Janne Rauhala on kuollut<\/p>\n<p itemprop=\"description\" class=\"subtitle \">\n    Hunks-kollega vahvistaa 46-vuotiaan tanssijan menehtyneen.\n<\/p>\n<p>        <\/a><\/p>\n<p class=\"article-content article-content-width !bg-background\">\u2013\u00a0En uskalla kohdata sit\u00e4 miksi en vaan pysty rakastumaan ja avaamaan syd\u00e4nt\u00e4, Esko kirjoittaa.<\/p>\n<p class=\"article-content article-content-width !bg-background\">Esko sanoo yritt\u00e4neens\u00e4 j\u00e4sennell\u00e4 asioita, mutta ei silti kykene korjaamaan sit\u00e4, mik\u00e4 h\u00e4nen sis\u00e4ll\u00e4\u00e4n on rikki. H\u00e4n my\u00f6nt\u00e4\u00e4 satuttavansa k\u00e4yt\u00f6ksell\u00e4\u00e4n muita ja samaan aikaan h\u00e4n ei\u00a0halua ket\u00e4\u00e4n l\u00e4helleen.<\/p>\n<p class=\"article-content article-content-width !bg-background\">\u2013 Ei mua pelota olla yksin, vaan se ett\u00e4 miksi m\u00e4 en osaa en\u00e4\u00e4 rakastaa ja olla parisuhde ihminen. En kaipaa s\u00e4\u00e4li\u00e4 vaan ehk\u00e4 ymm\u00e4rryst\u00e4 siit\u00e4 ett\u00e4 en oikein p\u00e4\u00e4se t\u00e4st\u00e4 sokkelosta ulos. Yksin se on silti ulos l\u00f6ydett\u00e4v\u00e4, Esko kirjoittaa.<\/p>\n<p>        <a itemprop=\"url\" href=\"https:\/\/www.seiska.fi\/kotimaa\/vau-suvi-hartlin-muutti-rajusti-tyyliaan\/1916378\" rel=\"nofollow noopener\" target=\"_blank\"><\/p>\n<p>\nVau!\n<\/p>\n<p class=\"section-date\">\n        <strong class=\"article-section\" data-section=\"kotimaa\"><br \/>\n            kotimaa<br \/>\n        <\/strong><br \/>\n        31.8. 14:30\n    <\/p>\n<p>    Vau! Suvi Hartlin muutti rajusti tyyli\u00e4\u00e4n<\/p>\n<p itemprop=\"description\" class=\"subtitle \">\n    Suvi toteaa, ett\u00e4 el\u00e4m\u00e4n kriisit vaativat uutta tyyli\u00e4.\n<\/p>\n<p>        <\/a><\/p>\n<p>Tukea sataa<\/p>\n<p class=\"article-content article-content-width !bg-background\">Syd\u00e4nt\u00e4ns\u00e4 avanneen Eskon p\u00e4ivitys on ker\u00e4nnyt kymmeni\u00e4 kommentteja.<\/p>\n<p class=\"article-content article-content-width !bg-background\">Muun muassa , n\u00e4yttelij\u00e4  sek\u00e4 Duudsonit-t\u00e4hti  kommentoivat p\u00e4ivityst\u00e4 syd\u00e4mell\u00e4.<\/p>\n<p>        <a itemprop=\"url\" href=\"https:\/\/www.seiska.fi\/kotimaa\/esko-eerikainen-rakkauspaljastus\/1907751\" rel=\"nofollow noopener\" target=\"_blank\"><\/p>\n<p>\nEsko Eerik\u00e4inen\n<\/p>\n<p class=\"section-date\">\n        <strong class=\"article-section\" data-section=\"kotimaa\"><br \/>\n            kotimaa<br \/>\n        <\/strong><br \/>\n        25.8. 05:30\n    <\/p>\n<p>    Esko Eerik\u00e4inen: Rakkauspaljastus!<\/p>\n<p itemprop=\"description\" class=\"subtitle \">\n    Esko kertoo Seiskalle, mit\u00e4 h\u00e4n kumppaniltaan kaipaa.\n<\/p>\n<p>        <\/a><\/p>\n<p class=\"article-content article-content-width !bg-background\">\u2013\u00a0Rohkea teksti. Ja mun mielest\u00e4 t\u00e4\u00e4 ett\u00e4 osaat kohdata rikkin\u00e4isyytt\u00e4si on tie itseesi. Hetki ja p\u00e4iv\u00e4 kerrallaan, kommentoi hyvinvointivalmentaja .<\/p>\n<p class=\"article-content article-content-width !bg-background\">\u2013\u00a0Elet\u00e4\u00e4n siin\u00e4 toivossa et n\u00e4\u00e4 solmut joskus aukenee vaik kokoajan narutkin poikkastaan, kirjoittaa .<\/p>\n","protected":false},"excerpt":{"rendered":"20240515, Helsinki. Salatut el\u00e4m\u00e4t\u00e4 mediap\u00e4iv\u00e4. Kuvassa Esko Eerik\u00e4inen. Timo Korhonen Radiojuontajan tilitys her\u00e4tt\u00e4\u00e4 keskustelua. Radiojuontaja , 51, julkaisi&hellip;\n","protected":false},"author":2,"featured_media":25503,"comment_status":"","ping_status":"","sticky":false,"template":"","format":"standard","meta":{"footnotes":""},"categories":[130],"tags":[137,1176,33,31,30,2878,1496,7573,32,109],"class_list":{"0":"post-25502","1":"post","2":"type-post","3":"status-publish","4":"format-standard","5":"has-post-thumbnail","7":"category-viihde","8":"tag-entertainment","9":"tag-esko-eerikainen","10":"tag-fi","11":"tag-finland","12":"tag-finnish","13":"tag-martina-aitolehti","14":"tag-parisuhde","15":"tag-rita-niemi-manninen","16":"tag-suomi","17":"tag-viihde"},"share_on_mastodon":{"url":"","error":""},"_links":{"self":[{"href":"https:\/\/www.europesays.com\/fi\/wp-json\/wp\/v2\/posts\/25502","targetHints":{"allow":["GET"]}}],"collection":[{"href":"https:\/\/www.europesays.com\/fi\/wp-json\/wp\/v2\/posts"}],"about":[{"href":"https:\/\/www.europesays.com\/fi\/wp-json\/wp\/v2\/types\/post"}],"author":[{"embeddable":true,"href":"https:\/\/www.europesays.com\/fi\/wp-json\/wp\/v2\/users\/2"}],"replies":[{"embeddable":true,"href":"https:\/\/www.europesays.com\/fi\/wp-json\/wp\/v2\/comments?post=25502"}],"version-history":[{"count":0,"href":"https:\/\/www.europesays.com\/fi\/wp-json\/wp\/v2\/posts\/25502\/revisions"}],"wp:featuredmedia":[{"embeddable":true,"href":"https:\/\/www.europesays.com\/fi\/wp-json\/wp\/v2\/media\/25503"}],"wp:attachment":[{"href":"https:\/\/www.europesays.com\/fi\/wp-json\/wp\/v2\/media?parent=25502"}],"wp:term":[{"taxonomy":"category","embeddable":true,"href":"https:\/\/www.europesays.com\/fi\/wp-json\/wp\/v2\/categories?post=25502"},{"taxonomy":"post_tag","embeddable":true,"href":"https:\/\/www.europesays.com\/fi\/wp-json\/wp\/v2\/tags?post=25502"}],"curies":[{"name":"wp","href":"https:\/\/api.w.org\/{rel}","templated":true}]}}