{"id":255104,"date":"2026-05-22T12:59:11","date_gmt":"2026-05-22T12:59:11","guid":{"rendered":"https:\/\/www.europesays.com\/fi\/255104\/"},"modified":"2026-05-22T12:59:11","modified_gmt":"2026-05-22T12:59:11","slug":"lasse-hoikasta-musiikkineuvos-uutinen-vei-jalat-alta-lappi","status":"publish","type":"post","link":"https:\/\/www.europesays.com\/fi\/255104\/","title":{"rendered":"Lasse Hoikasta musiikkineuvos: \u201dUutinen vei jalat alta\u201d | Lappi"},"content":{"rendered":"<p class=\"aw-1gybjub aw-5vja16 kEtdKx kmuxyA yle__article__paragraph\">Tanssimuusikko Lasse Hoikka on saanut musiikki\u00adneuvoksen arvonimen. Suomessa my\u00f6nnet\u00e4\u00e4n neuvoksen arvonimi\u00e4 vain harvakseltaan kevyen musiikin edustajille.<\/p>\n<p><img decoding=\"async\" alt=\"Lasse Hoikka ja Souvarit -yhtyeen j\u00e4senet poseeraavat kameralle.\" src=\"https:\/\/www.europesays.com\/fi\/wp-content\/uploads\/2026\/05\/1779451444.jpeg\" class=\"aw-1l9m598 hKVVvP\"\/><\/p>\n<p>Avaa kuvien katselu<\/p>\n<p>Musiikkineuvos Lasse Hoikka on kuvassa keskell\u00e4 muiden souvareiden ymp\u00e4r\u00f6im\u00e4n\u00e4. Kuva: Souvarit<\/p>\n<p class=\"aw-1gybjub aw-1p7kakr kEtdKx cEmitX yle__article__paragraph\">Tasavallan presidentti <strong class=\"aw-ak79eh KyCXm yle__article__strong\">Alexander Stubb<\/strong> my\u00f6nsi perjantaina 55 arvonime\u00e4. Yksi niist\u00e4 annettiin tanssiyhtye Souvareiden perustajalle, laulaja-rumpali <strong class=\"aw-ak79eh KyCXm yle__article__strong\">Lasse Hoikalle<\/strong>.<\/p>\n<p class=\"aw-1gybjub aw-1p7kakr kEtdKx cEmitX yle__article__paragraph\">Uutinen saavutti Hoikan aamukahvip\u00f6yd\u00e4ss\u00e4 Rovaniemell\u00e4.<\/p>\n<p class=\"aw-1gybjub aw-1p7kakr kEtdKx cEmitX yle__article__paragraph\">\u2013 Oli aurinkoinen p\u00e4iv\u00e4 ja iloinen yll\u00e4tys. En lainkaan osannut odottaa. Meni jalat alta h\u00e4mm\u00e4styksest\u00e4, Hoikka kuvailee.<\/p>\n<p class=\"aw-1gybjub aw-1p7kakr kEtdKx cEmitX yle__article__paragraph\">Hoikka juhli musiikkineuvoksen ansionime\u00e4 aamulla yhdell\u00e4 sikarilla. Illalla juhlat jatkuvat Souvareista tehdyn musiikkin\u00e4ytelm\u00e4n ensi-illassa Suukosken lavalla.<\/p>\n<p class=\"aw-1gybjub aw-1p7kakr kEtdKx cEmitX yle__article__paragraph\">Vuonna 1978 perustettu Souvarit on tunnettu kovana keikkailijana, mutta 70-vuotias Hoikka kertoo tahdin hiljentyneen viime aikoina. T\u00e4n\u00e4 kes\u00e4n\u00e4 Souvarit tekev\u00e4t &#8217;vain&#8217; 22 keikkaa.<\/p>\n<p>Kevyen musiikin edustajille harvoin neuvoksen titteleit\u00e4<\/p>\n<p class=\"aw-1gybjub aw-1p7kakr kEtdKx cEmitX yle__article__paragraph\">Arvonimi on julkisen arvonannon osoitus yhteiskunnan hyv\u00e4ksi tehdyst\u00e4 ty\u00f6st\u00e4. Tasavallan presidentti my\u00f6nt\u00e4\u00e4 arvonimi\u00e4 yleens\u00e4 kaksi kertaa vuodessa.<\/p>\n<p class=\"aw-1gybjub aw-1p7kakr kEtdKx cEmitX yle__article__paragraph\">Edellisen kerran tasavallan presidentti my\u00f6nsi arvonimi\u00e4 Lappiin vuonna 2024.<\/p>\n<p class=\"aw-1gybjub aw-1p7kakr kEtdKx cEmitX yle__article__paragraph\">Silloin ammattikasvatusneuvoksen arvonimen vastaanotti <strong class=\"aw-ak79eh KyCXm yle__article__strong\">Taisto Arkko<\/strong> Rovaniemelt\u00e4, kunnallisneuvoksen arvonimen saivat <strong class=\"aw-ak79eh KyCXm yle__article__strong\">Markku Ponkala<\/strong> Torniosta ja <strong class=\"aw-ak79eh KyCXm yle__article__strong\">Eero Ylitalo<\/strong> Pellosta, sek\u00e4 <strong class=\"aw-ak79eh KyCXm yle__article__strong\">Director musices<\/strong> -arvonimi my\u00f6nnettiin <strong class=\"aw-ak79eh KyCXm yle__article__strong\">Mikko Haapasaarelle<\/strong> Kolarista.<\/p>\n<p class=\"aw-1gybjub aw-1p7kakr kEtdKx cEmitX yle__article__paragraph\">Musiikkineuvoksen arvonimi my\u00f6nnet\u00e4\u00e4n kevyen musiikin alan edustajille vain harvakseltaan. Viimeksi musiikkineuvoksiksi on nostettu <strong class=\"aw-ak79eh KyCXm yle__article__strong\">Kari \u201dEpe\u201d Helenius<\/strong> (2021) ja <strong class=\"aw-ak79eh KyCXm yle__article__strong\">Mikko Alatalo<\/strong> (2023).<\/p>\n","protected":false},"excerpt":{"rendered":"Tanssimuusikko Lasse Hoikka on saanut musiikki\u00adneuvoksen arvonimen. Suomessa my\u00f6nnet\u00e4\u00e4n neuvoksen arvonimi\u00e4 vain harvakseltaan kevyen musiikin edustajille. Avaa kuvien&hellip;\n","protected":false},"author":2,"featured_media":255105,"comment_status":"","ping_status":"","sticky":false,"template":"","format":"standard","meta":{"footnotes":"","_share_on_mastodon":"0"},"categories":[132],"tags":[15600,137,33,31,30,71,667,35300,195,47,24676,1057,31973,32,109,3628],"class_list":["post-255104","post","type-post","status-publish","format-standard","has-post-thumbnail","category-musiikki","tag-arvonimet","tag-entertainment","tag-fi","tag-finland","tag-finnish","tag-kotimaa","tag-lappi","tag-lasse-hoikka","tag-music","tag-musiikki","tag-musiikkineuvos","tag-rovaniemi","tag-souvarit","tag-suomi","tag-viihde","tag-viihdemusiikki"],"share_on_mastodon":{"url":"https:\/\/pubeurope.com\/@fi\/116618354131465028","error":""},"_links":{"self":[{"href":"https:\/\/www.europesays.com\/fi\/wp-json\/wp\/v2\/posts\/255104","targetHints":{"allow":["GET"]}}],"collection":[{"href":"https:\/\/www.europesays.com\/fi\/wp-json\/wp\/v2\/posts"}],"about":[{"href":"https:\/\/www.europesays.com\/fi\/wp-json\/wp\/v2\/types\/post"}],"author":[{"embeddable":true,"href":"https:\/\/www.europesays.com\/fi\/wp-json\/wp\/v2\/users\/2"}],"replies":[{"embeddable":true,"href":"https:\/\/www.europesays.com\/fi\/wp-json\/wp\/v2\/comments?post=255104"}],"version-history":[{"count":0,"href":"https:\/\/www.europesays.com\/fi\/wp-json\/wp\/v2\/posts\/255104\/revisions"}],"wp:featuredmedia":[{"embeddable":true,"href":"https:\/\/www.europesays.com\/fi\/wp-json\/wp\/v2\/media\/255105"}],"wp:attachment":[{"href":"https:\/\/www.europesays.com\/fi\/wp-json\/wp\/v2\/media?parent=255104"}],"wp:term":[{"taxonomy":"category","embeddable":true,"href":"https:\/\/www.europesays.com\/fi\/wp-json\/wp\/v2\/categories?post=255104"},{"taxonomy":"post_tag","embeddable":true,"href":"https:\/\/www.europesays.com\/fi\/wp-json\/wp\/v2\/tags?post=255104"}],"curies":[{"name":"wp","href":"https:\/\/api.w.org\/{rel}","templated":true}]}}