{"id":255248,"date":"2026-05-22T16:00:14","date_gmt":"2026-05-22T16:00:14","guid":{"rendered":"https:\/\/www.europesays.com\/fi\/255248\/"},"modified":"2026-05-22T16:00:14","modified_gmt":"2026-05-22T16:00:14","slug":"mtv-pimennys-suomessa-tama-on-tilanne-juuri-nyt","status":"publish","type":"post","link":"https:\/\/www.europesays.com\/fi\/255248\/","title":{"rendered":"MTV-pimennys Suomessa: T\u00e4m\u00e4 on tilanne juuri nyt"},"content":{"rendered":"<p>MTV:n ja Elisan iso riita ei ole toistaiseksi ratkennut.<\/p>\n<p><img decoding=\"async\" class=\"image image-show image-preview\" src=\"https:\/\/www.europesays.com\/fi\/wp-content\/uploads\/2026\/05\/499ea809cd2960d00630f7df77d272d44bed5885fd49aab519f14423edc6a07e.jpg\" alt=\"\"\/><img decoding=\"async\" class=\"image image-show\" src=\"https:\/\/www.europesays.com\/fi\/wp-content\/uploads\/2026\/05\/1779465614_249_499ea809cd2960d00630f7df77d272d44bed5885fd49aab519f14423edc6a07e.jpg\" alt=\"\"\/><\/p>\n<p>Kuvituskuva. Anu Kivist\u00f6<\/p>\n<p class=\"paragraph\">Peli MTV:n ja Elisan jakelusopimusriidassa kovenee.<\/p>\n<p class=\"paragraph\">N\u00e4in ainakin julkisuudessa.<\/p>\n<p class=\"paragraph\">Elisa on julkaissut <a href=\"https:\/\/www.facebook.com\/elisasuomi\" rel=\"noopener nofollow\" target=\"_blank\">Facebookissa<\/a> ja <a href=\"https:\/\/x.com\/ElisaOyj\/status\/2057338951724159485\" rel=\"noopener nofollow\">X-viestipalvelussa<\/a> samansis\u00e4lt\u00f6iset p\u00e4ivitykset, joissa Elisa kertoo, mihin MTV:n ehdottama malli saattaisi johtaa suomalasessa tv-maailmassa.<\/p>\n<p class=\"paragraph\">P\u00e4ivityksiss\u00e4 on kuva, jossa Elisa kertoo, miten \u201dSuomen malli\u201d t\u00e4ll\u00e4 hetkell\u00e4 toimii. Siin\u00e4 tv-yhti\u00f6 tuottaa sis\u00e4ll\u00f6n ja ker\u00e4\u00e4 mainostulot. Mainostajat maksavat mainospaikoista.<\/p>\n<p class=\"paragraph\">Operaattori, kuten Elisa, rakentaa ja yll\u00e4pit\u00e4\u00e4 kaapeli-tv-verkkoa sek\u00e4 huolehtii kanavien jakelusta koteihin. Katsojat saavat laajan tarjonnan maksuttomia kanavia.<\/p>\n<p class=\"paragraph\">\u2013 Haluamme tarjota maksuttomia kanavia jatkossakin, kuvassa alleviivataan.<\/p>\n<p class=\"paragraph\">Samassa kuvassa Elisa maalaa aivan uudenlaisen tv-maailman. Elisan mukaan MTV:n ehdottama malli \u201dsaattaisi\u201d johtaa tilanteeseen, jossa mainosrahoitteiset kanavat ostettaisiin tulevaisuudessa erikseen. Kuvasta p \u00e4\u00e4tellen valinta j\u00e4isi yksitt\u00e4isen kotitalouden p\u00e4\u00e4nvaivaksi.<\/p>\n<p class=\"paragraph\">Sit\u00e4, kuka t\u00e4llaisessa mallissa ker\u00e4isi maksut, ei kuva kerro.<\/p>\n<p class=\"paragraph\">Elisa kertoo p\u00e4ivityksiss\u00e4\u00e4n, ett\u00e4 se on v\u00e4litt\u00e4nyt MTV:n maksuttomat kanavat kaapeli\u2011tv\u2011verkossaan jo vuosikymmenten ajan ilman, ett\u00e4 MTV on maksanut Elisalle kanavien jakelusta ja ilman, ett\u00e4 asiakkailta on peritty erillisi\u00e4 lis\u00e4maksuja.<\/p>\n<p class=\"paragraph\">\u2013 MTV ker\u00e4\u00e4 kanaviensa mainostuotot kokonaisuudessaan itse. Elisa on ollut valmis jatkamaan t\u00e4t\u00e4 mallia my\u00f6s jatkossa, p\u00e4ivityksiss\u00e4 kerrotaan.<\/p>\n<p class=\"paragraph\">Elisan ja MTV:n neuvottelut jatkuvat.<\/p>\n<p class=\"paragraph\">\u2013 Tavoitteenamme on l\u00f6yt\u00e4\u00e4 ratkaisu, joka ei tarkoita kuluttajan kukkarolle menemist\u00e4. Pahoittelemme tilanteesta aiheutuvaa haittaa ja kiit\u00e4mme k\u00e4rsiv\u00e4llisyydest\u00e4si, Elisan sosiaalisen median p\u00e4ivityksiss\u00e4 todetaan.<\/p>\n<p>Elisan liiketoimintajohtaja: Ennenn\u00e4kem\u00e4t\u00f6n suosio<\/p>\n<p class=\"paragraph\">Elisa pudotti uutispommin viime viikon tiistaina kello 9.00, kun se kertoi, ett\u00e4 MTV on irtisanonut jakelusopimukset Elisan kanssa \u2013 juuri ennen miesten j\u00e4\u00e4kiekon MM-kisoja. T\u00e4st\u00e4 syyst\u00e4 MTV:n maksuttomat kanavat (MTV3, MTV Sub ja MTV Ava) eiv\u00e4t ole olleet en\u00e4\u00e4 katsottavissa suorina l\u00e4hetyksin\u00e4 Elisan kaapeli-tv:n tai Elisa Viihteen kautta 13.5. alkaen<strong>.<\/strong><\/p>\n<p class=\"paragraph\">Telialla ja DNA:lla on samantyyppiset sopimukset MTV:n kanssa, mutta t\u00e4ll\u00e4 hetkell\u00e4 riita koskee vain Elisaa.<\/p>\n<p class=\"paragraph\">Elisan liiketoimintajohtaja <strong>Sami Aalto<\/strong> ei halunnut kommentoida riitaa Iltalehdelle perjantaina. Elisa on kertonut aiemmin, ett\u00e4 se tarjoaa kaapeli-tv-asiakkailleen maksutta Elisa Viihde Mini -palvelua kuukaudeksi ilman sitoumuksia.<\/p>\n<p class=\"paragraph\">Aallon mukaan palvelu on saanut \u2013 kiitos j\u00e4\u00e4kiekon MM-kisojen \u2013 \u201dennenn\u00e4kem\u00e4tt\u00f6m\u00e4n\u201d suosion. T\u00e4t\u00e4 tarkempaa kuvausta palvelun suosiosta ei h\u00e4nelt\u00e4 saa.<\/p>\n<p class=\"paragraph\">MTV kertoi tiistaina, ett\u00e4 Leijonien kolme ensimm\u00e4ist\u00e4 ottelua ovat tavoittaneet jo yli 2,3 miljoonaa suomalaista.<\/p>\n","protected":false},"excerpt":{"rendered":"MTV:n ja Elisan iso riita ei ole toistaiseksi ratkennut. Kuvituskuva. Anu Kivist\u00f6 Peli MTV:n ja Elisan jakelusopimusriidassa kovenee.&hellip;\n","protected":false},"author":2,"featured_media":255249,"comment_status":"","ping_status":"","sticky":false,"template":"","format":"standard","meta":{"footnotes":"","_share_on_mastodon":"0"},"categories":[133],"tags":[35,137,33,31,30,965,631,10161,979,32,206,140,156,109],"class_list":["post-255248","post","type-post","status-publish","format-standard","has-post-thumbnail","category-televisiot","tag-24h","tag-entertainment","tag-fi","tag-finland","tag-finnish","tag-internet-palveluntarjoajat","tag-matkapuhelimet-ja-mobiililaitteet","tag-operaattorit","tag-sahkoinen-media","tag-suomi","tag-televisiot","tag-tv-ja-elokuvat","tag-tv","tag-viihde"],"share_on_mastodon":{"url":"https:\/\/pubeurope.com\/@fi\/116619066053436908","error":""},"_links":{"self":[{"href":"https:\/\/www.europesays.com\/fi\/wp-json\/wp\/v2\/posts\/255248","targetHints":{"allow":["GET"]}}],"collection":[{"href":"https:\/\/www.europesays.com\/fi\/wp-json\/wp\/v2\/posts"}],"about":[{"href":"https:\/\/www.europesays.com\/fi\/wp-json\/wp\/v2\/types\/post"}],"author":[{"embeddable":true,"href":"https:\/\/www.europesays.com\/fi\/wp-json\/wp\/v2\/users\/2"}],"replies":[{"embeddable":true,"href":"https:\/\/www.europesays.com\/fi\/wp-json\/wp\/v2\/comments?post=255248"}],"version-history":[{"count":0,"href":"https:\/\/www.europesays.com\/fi\/wp-json\/wp\/v2\/posts\/255248\/revisions"}],"wp:featuredmedia":[{"embeddable":true,"href":"https:\/\/www.europesays.com\/fi\/wp-json\/wp\/v2\/media\/255249"}],"wp:attachment":[{"href":"https:\/\/www.europesays.com\/fi\/wp-json\/wp\/v2\/media?parent=255248"}],"wp:term":[{"taxonomy":"category","embeddable":true,"href":"https:\/\/www.europesays.com\/fi\/wp-json\/wp\/v2\/categories?post=255248"},{"taxonomy":"post_tag","embeddable":true,"href":"https:\/\/www.europesays.com\/fi\/wp-json\/wp\/v2\/tags?post=255248"}],"curies":[{"name":"wp","href":"https:\/\/api.w.org\/{rel}","templated":true}]}}