{"id":25526,"date":"2025-09-04T14:39:08","date_gmt":"2025-09-04T14:39:08","guid":{"rendered":"https:\/\/www.europesays.com\/fi\/25526\/"},"modified":"2025-09-04T14:39:08","modified_gmt":"2025-09-04T14:39:08","slug":"puukotus-alepan-edessa-uhrille-vakavat-vammat","status":"publish","type":"post","link":"https:\/\/www.europesays.com\/fi\/25526\/","title":{"rendered":"Puukotus Alepan edess\u00e4 \u2013 Uhrille vakavat vammat"},"content":{"rendered":"<p>Uhri sai tilanteessa vakavia vammoja.<\/p>\n<p><img decoding=\"async\" class=\"image image-show image-preview\" src=\"https:\/\/www.europesays.com\/fi\/wp-content\/uploads\/2025\/09\/84304c028bfc1af6d1d7adbd015a6ba6868bb8284a28933b79f9e87430549084.jpg\" alt=\"\"\/><img decoding=\"async\" class=\"image image-show\" src=\"https:\/\/www.europesays.com\/fi\/wp-content\/uploads\/2025\/09\/1756996748_690_84304c028bfc1af6d1d7adbd015a6ba6868bb8284a28933b79f9e87430549084.jpg\" alt=\"\"\/><\/p>\n<p>Uhria puukotettiin poliisin mukaan yl\u00e4vartaloon. Kuvituskuva. Inka Soveri<\/p>\n<p class=\"paragraph\">Vantaalla tapahtui keskiviikon ja torstain v\u00e4lisen\u00e4 y\u00f6n\u00e4 ep\u00e4ilty tapon yritys, kun yht\u00e4 ihmist\u00e4 puukotettiin ter\u00e4aseella.<\/p>\n<p class=\"paragraph\">Poliisista kerrotaan, ett\u00e4 uhri sai vakavia vammoja, jotka vaativat v\u00e4lit\u00f6nt\u00e4 hoitoa. Tutkinnanjohtaja <strong>Sampsa Aukio<\/strong> kertoo, ett\u00e4 uhria puukotettiin yl\u00e4vartaloon.<\/p>\n<p class=\"paragraph\">Ep\u00e4ilty teko tapahtui Kuulakujan Alepan l\u00e4heisyydess\u00e4. Asiasta tehtiin useita soittoja h\u00e4t\u00e4keskukseen.<\/p>\n<p class=\"paragraph\">Teosta on otettu kolme ihmist\u00e4 kiinni. Yksi ep\u00e4illyist\u00e4 tekij\u00f6ist\u00e4 on t\u00e4ysi-ik\u00e4inen nuori aikuinen, kaksi alaik\u00e4isi\u00e4. Poliisi ei kommentoinut sit\u00e4, tunsivatko tekij\u00e4t ja uhri toisensa entuudestaan.<\/p>\n<p class=\"paragraph\">Poliisin k\u00e4sityksen mukaan tekov\u00e4line oli ostettu viereisest\u00e4 kaupasta hetki ennen tekoa.<\/p>\n<p class=\"paragraph\">Tutkinnanjohtaja Aukio sanoo, ett\u00e4 t\u00e4ss\u00e4 vaiheessa ep\u00e4illyn teon nimike on tapon yritys, mutta rikosnimikkeet voivat tarkentua tutkinnan edetess\u00e4.<\/p>\n","protected":false},"excerpt":{"rendered":"Uhri sai tilanteessa vakavia vammoja. Uhria puukotettiin poliisin mukaan yl\u00e4vartaloon. Kuvituskuva. Inka Soveri Vantaalla tapahtui keskiviikon ja torstain&hellip;\n","protected":false},"author":2,"featured_media":25527,"comment_status":"","ping_status":"","sticky":false,"template":"","format":"standard","meta":{"footnotes":""},"categories":[12],"tags":[35,22,23,26,27,33,31,30,17,55,24,25,28,29,15,18,21,122,54,52,32,19,20,16,37],"class_list":{"0":"post-25526","1":"post","2":"type-post","3":"status-publish","4":"format-standard","5":"has-post-thumbnail","7":"category-suomi","8":"tag-24h","9":"tag-breaking-news","10":"tag-breakingnews","11":"tag-featured-news","12":"tag-featurednews","13":"tag-fi","14":"tag-finland","15":"tag-finnish","16":"tag-headlines","17":"tag-lainvalvonta","18":"tag-latest-news","19":"tag-latestnews","20":"tag-main-news","21":"tag-mainnews","22":"tag-news","23":"tag-otsikot","24":"tag-paauutiset","25":"tag-pelastaminen","26":"tag-pelastuspalvelut","27":"tag-poliisi","28":"tag-suomi","29":"tag-top-stories","30":"tag-topstories","31":"tag-uutiset","32":"tag-vakivaltarikokset"},"share_on_mastodon":{"url":"","error":""},"_links":{"self":[{"href":"https:\/\/www.europesays.com\/fi\/wp-json\/wp\/v2\/posts\/25526","targetHints":{"allow":["GET"]}}],"collection":[{"href":"https:\/\/www.europesays.com\/fi\/wp-json\/wp\/v2\/posts"}],"about":[{"href":"https:\/\/www.europesays.com\/fi\/wp-json\/wp\/v2\/types\/post"}],"author":[{"embeddable":true,"href":"https:\/\/www.europesays.com\/fi\/wp-json\/wp\/v2\/users\/2"}],"replies":[{"embeddable":true,"href":"https:\/\/www.europesays.com\/fi\/wp-json\/wp\/v2\/comments?post=25526"}],"version-history":[{"count":0,"href":"https:\/\/www.europesays.com\/fi\/wp-json\/wp\/v2\/posts\/25526\/revisions"}],"wp:featuredmedia":[{"embeddable":true,"href":"https:\/\/www.europesays.com\/fi\/wp-json\/wp\/v2\/media\/25527"}],"wp:attachment":[{"href":"https:\/\/www.europesays.com\/fi\/wp-json\/wp\/v2\/media?parent=25526"}],"wp:term":[{"taxonomy":"category","embeddable":true,"href":"https:\/\/www.europesays.com\/fi\/wp-json\/wp\/v2\/categories?post=25526"},{"taxonomy":"post_tag","embeddable":true,"href":"https:\/\/www.europesays.com\/fi\/wp-json\/wp\/v2\/tags?post=25526"}],"curies":[{"name":"wp","href":"https:\/\/api.w.org\/{rel}","templated":true}]}}